{"id":4110,"date":"2025-11-21T05:08:12","date_gmt":"2025-11-21T08:08:12","guid":{"rendered":"https:\/\/grandepremio.com\/es\/2025\/11\/21\/alonso-preve-fin-de-semana-complicado-las-vegas-se-queja-ritmo-lento-f1-2025\/"},"modified":"2025-11-21T05:08:34","modified_gmt":"2025-11-21T08:08:34","slug":"alonso-preve-fin-de-semana-complicado-las-vegas-se-queja-ritmo-lento-f1-2025","status":"publish","type":"post","link":"https:\/\/grandepremio.com\/es\/f1\/alonso-preve-fin-de-semana-complicado-las-vegas-se-queja-ritmo-lento-f1-2025\/","title":{"rendered":"Alonso prev\u00e9 \u00abfin de semana complicado\u00bb en Las Vegas y se queja: \u00abEl ritmo es lento\u00bb"},"content":{"rendered":"\n<p class=\"wp-block-paragraph\">El <strong>GP de Las Vegas<\/strong> apenas ha comenzado y <strong>Fernando Alonso<\/strong> ya se ve lejos de la pelea. El viernes, tras la segunda sesi\u00f3n de entrenamientos libres, declar\u00f3 que prev\u00e9 una carrera complicada en las calles de la <strong>Ciudad del Pecado<\/strong>. El motivo es que est\u00e1 teniendo problemas con el ritmo de su <strong>Aston Martin<\/strong>.<\/p>\n\n\n\n<p class=\"wp-block-paragraph\">El espa\u00f1ol finaliz\u00f3 la primera sesi\u00f3n de entrenamientos con el 14\u00b0 mejor tiempo. En la segunda, interrumpida por banderas rojas debido a una tapa de alcantarilla suelta, fue 18\u00b0. Esto no fue suficiente para el bicampe\u00f3n.<\/p>\n\n\n\n<p class=\"wp-block-paragraph\">\ud83d\udfe5&nbsp;<strong><em>\u00a1Todas las novedades te esperan en el canal de&nbsp;<\/em><\/strong><a href=\"https:\/\/www.youtube.com\/@GrandePremioES\"><em>YouTube<\/em><\/a><strong><em>&nbsp;de Grande Pr\u00eamio en Espa\u00f1ol!<\/em><\/strong>&nbsp;\ud83d\udfe8<\/p>\n\n\n\n<figure class=\"wp-block-image size-full\"><img decoding=\"async\" src=\"https:\/\/grandepremio.com\/es\/wp-content\/uploads\/..\/gp_br_uploads\/2025\/11\/las-vegas-2025-f1-quinta-feira-aston-martin-fernando-alonso-01.jpg\" alt=\"\" class=\"wp-image-378520\"\/><figcaption class=\"wp-element-caption\">Fernando Alonso cree que ser\u00e1 un \u00abfin de semana complicado\u00bb en Las Vegas. (Foto: Aston Martin)<\/figcaption><\/figure>\n\n\n\n<p class=\"wp-block-paragraph\">\u23e9\u00a0<strong><em>\u00a1Seguinos en redes por\u00a0<\/em><\/strong><a href=\"https:\/\/twitter.com\/grandepremioES\"><em>Twitter\u00a0<\/em><\/a><strong><em>e\u00a0<\/em><\/strong><a href=\"https:\/\/www.instagram.com\/grandepremioes\/\"><em>Instagram!<br><\/em><\/a>\u23e9\u00a0<strong><em>Adem\u00e1s, tenemos nuestro\u00a0<\/em><\/strong><a href=\"https:\/\/whatsapp.com\/channel\/0029VaDZ5zb0gcfDxuwxBM05\"><em>canal de Whatsapp<\/em><\/a><strong><em>\u00a0con toda la informaci\u00f3n al instante<\/em><\/strong>\u00a0\ud83c\udfc1<\/p>\n\n\n\n<p class=\"wp-block-paragraph\">\u00abCreo que ser\u00e1 un fin de semana complicado. El ritmo no es muy r\u00e1pido, veremos qu\u00e9 podemos hacer para ma\u00f1ana. Es dif\u00edcil analizar nada hoy. Con las banderas rojas, nadie complet\u00f3 las vueltas al final\u00bb, expres\u00f3.<\/p>\n\n\n\n<p class=\"wp-block-paragraph\">\u00abNo me preocupa demasiado [la lluvia]. Llovizn\u00f3 un poco en la segunda sesi\u00f3n de entrenamientos libres, pero parece que no ser\u00e1 nada para ma\u00f1ana. Veremos si lo conseguimos\u00bb, a\u00f1adi\u00f3.<\/p>\n\n\n\n<p class=\"wp-block-paragraph\">Actualmente, Alonso ocupa el puesto 12 en el <strong>Campeonato Mundial de Pilotos<\/strong>, con 40 puntos. En el <strong>Campeonato Mundial de Constructores<\/strong>, Aston Martin se encuentra en s\u00e9ptimo lugar, con 72 puntos.<\/p>\n\n\n\n<p class=\"wp-block-paragraph\">La&nbsp;<strong>F\u00f3rmula 1<\/strong>&nbsp;disputa este fin de semana la 22\u00aa prueba de la&nbsp;<strong>temporada 2025<\/strong>&nbsp;con el&nbsp;<strong>Gran Premio de Las Vegas<\/strong>, en el circuito callejero del&nbsp;<strong>Strip<\/strong>.<\/p>\n\n\n\n<figure class=\"wp-block-embed is-type-rich is-provider-gestor-del-servicio wp-block-embed-gestor-del-servicio wp-embed-aspect-16-9 wp-has-aspect-ratio\"><div class=\"wp-block-embed__wrapper\">\nhttps:\/\/youtube.com\/watch?v=L2YmoFDSYhs%3Fversion%3D3%26rel%3D1%26showsearch%3D0%26showinfo%3D1%26iv_load_policy%3D1%26fs%3D1%26hl%3Des-ES%26autohide%3D2%26wmode%3Dtransparent\n<\/div><\/figure>\n","protected":false},"excerpt":{"rendered":"<p>Fernando Alonso expres\u00f3 menores expectativas para el Gran Premio de Las Vegas tras las dos primeras sesiones de entrenamientos libres.<\/p>\n","protected":false},"author":0,"featured_media":1010378932,"comment_status":"closed","ping_status":"closed","sticky":false,"template":"","format":"standard","meta":{"42wp_featured_image_caption":"","42wp_featured_image_credits":"","42wp_featured_video":"","42wp_featured_image_hidden":false,"42wp_authors_list":[],"footnotes":""},"categories":[5],"tags":[11652,209,1710,184,179,2138],"42wp_author":[14240],"class_list":["post-4110","post","type-post","status-publish","format-standard","has-post-thumbnail","hentry","category-f1","tag-amr25","tag-aston-martin","tag-f1-2025","tag-fernando-alonso","tag-formula-1","tag-gp-de-las-vegas","42wp_author-ignacio-bogado"],"_links":{"self":[{"href":"https:\/\/grandepremio.com\/es\/wp-json\/wp\/v2\/posts\/4110","targetHints":{"allow":["GET"]}}],"collection":[{"href":"https:\/\/grandepremio.com\/es\/wp-json\/wp\/v2\/posts"}],"about":[{"href":"https:\/\/grandepremio.com\/es\/wp-json\/wp\/v2\/types\/post"}],"replies":[{"embeddable":true,"href":"https:\/\/grandepremio.com\/es\/wp-json\/wp\/v2\/comments?post=4110"}],"version-history":[{"count":0,"href":"https:\/\/grandepremio.com\/es\/wp-json\/wp\/v2\/posts\/4110\/revisions"}],"wp:featuredmedia":[{"embeddable":true,"href":"https:\/\/grandepremio.com\/es\/wp-json\/wp\/v2\/media\/1010378932"}],"wp:attachment":[{"href":"https:\/\/grandepremio.com\/es\/wp-json\/wp\/v2\/media?parent=4110"}],"wp:term":[{"taxonomy":"category","embeddable":true,"href":"https:\/\/grandepremio.com\/es\/wp-json\/wp\/v2\/categories?post=4110"},{"taxonomy":"post_tag","embeddable":true,"href":"https:\/\/grandepremio.com\/es\/wp-json\/wp\/v2\/tags?post=4110"},{"taxonomy":"42wp_author","embeddable":true,"href":"https:\/\/grandepremio.com\/es\/wp-json\/wp\/v2\/42wp_author?post=4110"}],"curies":[{"name":"wp","href":"https:\/\/api.w.org\/{rel}","templated":true}]}}