{"id":4124,"date":"2025-11-20T23:22:42","date_gmt":"2025-11-21T02:22:42","guid":{"rendered":"https:\/\/grandepremio.com\/es\/2025\/11\/20\/fia-confirma-nueva-salida-interna-anuncia-marcha-jefe-aerodinamica\/"},"modified":"2025-11-20T23:22:47","modified_gmt":"2025-11-21T02:22:47","slug":"fia-confirma-nueva-salida-interna-anuncia-marcha-jefe-aerodinamica","status":"publish","type":"post","link":"https:\/\/grandepremio.com\/es\/f1\/fia-confirma-nueva-salida-interna-anuncia-marcha-jefe-aerodinamica\/","title":{"rendered":"FIA confirma nueva salida interna y anuncia la marcha del jefe de aerodin\u00e1mica"},"content":{"rendered":"\n<p class=\"wp-block-paragraph\">La <strong>Federaci\u00f3n Internacional del Autom\u00f3vil (FIA)<\/strong> anunci\u00f3 este jueves la salida de <strong>Jason Somerville<\/strong>, jefe de aerodin\u00e1mica de la entidad y uno de los responsables del desarrollo del reglamento de la F\u00f3rmula 1 a partir de <strong>2026<\/strong>. Seg\u00fan la publicaci\u00f3n italiana <em>AutoRacer<\/em>, el ingeniergo se incorporar\u00e1 a <strong>Cadillac<\/strong> tras completar el periodo de licencia remunerada, una especie de cuarentena, estimado en seis meses.<\/p>\n\n\n\n<p class=\"wp-block-paragraph\">Somerville se uni\u00f3 a la FIA en <strong>2022<\/strong> tras ocupar el mismo cargo como jefe de aerodin\u00e1mica en <strong>Williams<\/strong>. Anteriormente, trabaj\u00f3 para <strong>Toyota<\/strong> y <strong>Lotus<\/strong> en la categor\u00eda reina del automovilismo. Con su posible fichaje por Cadillac, Jason se convierte en otra figura clave que abandona el m\u00e1ximo organismo rector del automovilismo en los \u00faltimos meses.<\/p>\n\n\n\n<p class=\"wp-block-paragraph\">\ud83d\udfe5&nbsp;<strong><em>\u00a1Todas las novedades te esperan en el canal de&nbsp;<\/em><\/strong><a href=\"https:\/\/www.youtube.com\/@GrandePremioES\"><em>YouTube<\/em><\/a><strong><em>&nbsp;de Grande Pr\u00eamio en Espa\u00f1ol!<\/em><\/strong>&nbsp;\ud83d\udfe8<\/p>\n\n\n\n<figure class=\"wp-block-image size-large\"><img decoding=\"async\" src=\"https:\/\/grandepremio.com\/es\/wp-content\/uploads\/2025\/08\/CFIA1-1024x539.webp\" alt=\"\" class=\"wp-image-359129\"\/><figcaption class=\"wp-element-caption\">Jason Somerville fue uno de los responsables del desarrollo del reglamento de 2026. (Foto: Reproducci\u00f3n\/FIA)<\/figcaption><\/figure>\n\n\n\n<p class=\"wp-block-paragraph\">\u23e9\u00a0<strong><em>\u00a1Seguinos en redes por\u00a0<\/em><\/strong><a href=\"https:\/\/twitter.com\/grandepremioES\"><em>Twitter\u00a0<\/em><\/a><strong><em>e\u00a0<\/em><\/strong><a href=\"https:\/\/www.instagram.com\/grandepremioes\/\"><em>Instagram!<br><\/em><\/a>\u23e9\u00a0<strong><em>Adem\u00e1s, tenemos nuestro\u00a0<\/em><\/strong><a href=\"https:\/\/whatsapp.com\/channel\/0029VaDZ5zb0gcfDxuwxBM05\"><em>canal de Whatsapp<\/em><\/a><strong><em>\u00a0con toda la informaci\u00f3n al instante<\/em><\/strong>\u00a0\ud83c\udfc1<\/p>\n\n\n\n<p class=\"wp-block-paragraph\">La gesti\u00f3n de <strong>Mohammed Ben Sulayem<\/strong> al frente de la FIA ha estado marcada por una serie de salidas pol\u00e9micas en los \u00faltimos a\u00f1os, incluyendo las de <strong><a href=\"https:\/\/grandepremio.com\/es\/f2\/fia-destituye-directora-carrera-f2-antes-debut-qatar\/\">Janette Tan<\/a><\/strong> \u2014despedida incluso antes de asumir el cargo de directora de carrera interina de la <strong>F\u00f3rmula 2\u2014<\/strong>, <strong><a href=\"https:\/\/grandepremio.com\/es\/f1\/fia-salida-niels-wittich-director-de-carrera-reemplazo-rui-marques-f1-2024\/\">Niels Wittich<\/a><\/strong> (entonces director de carrera), <strong>Paolo Bassari<\/strong> (entonces director de cumplimiento), <strong><a href=\"https:\/\/grandepremio.com\/es\/f1\/nielsen-renuncia-cargo-director-deportivo-de-la-fia-despues-de-11-meses\/\">Steve Nielsen<\/a><\/strong> (ex director deportivo), <strong>Tim Gross<\/strong> (ex director t\u00e9cnico), <strong>Pierre Ketterer<\/strong>, <strong>Edward Floyd<\/strong> (ex miembros del departamento legal), <strong>Deborah Mayer<\/strong> (directora de la <strong>Comisi\u00f3n de Mujeres en el Automovilismo<\/strong> de la FIA) y <strong><a href=\"https:\/\/grandepremio.com\/es\/f1\/fia-anuncia-salida-directora-general\/\">Natalie Robyn<\/a><\/strong> (la primera mujer CEO de la entidad).<\/p>\n\n\n\n<p class=\"wp-block-paragraph\">\u00abJason cumplir\u00e1 \u00edntegramente su preaviso, incluyendo la baja remunerada. Durante este periodo de transici\u00f3n, dedicar\u00e1 su tiempo a proyectos ajenos a la F1. El acceso a informaci\u00f3n sensible y confidencial se ha ajustado en consecuencia, siguiendo nuestros procedimientos est\u00e1ndar de rescisi\u00f3n de contrato\u00bb, declar\u00f3 la FIA en un comunicado.<\/p>\n\n\n\n<p class=\"wp-block-paragraph\">\u00abAgradecemos a Jason su valiosa contribuci\u00f3n a la organizaci\u00f3n y le deseamos mucho \u00e9xito en la siguiente etapa de su carrera\u00bb, concluy\u00f3.<\/p>\n\n\n\n<p class=\"wp-block-paragraph\">La\u00a0<strong>F\u00f3rmula 1<\/strong>\u00a0disputa este fin de semana la 22\u00aa prueba de la\u00a0<strong>temporada 2025<\/strong>\u00a0con el\u00a0<strong>Gran Premio de Las Vegas<\/strong>, en el circuito callejero del\u00a0<strong>Strip<\/strong>.<\/p>\n\n\n\n<figure class=\"wp-block-embed is-type-rich is-provider-gestor-del-servicio wp-block-embed-gestor-del-servicio wp-embed-aspect-16-9 wp-has-aspect-ratio\"><div class=\"wp-block-embed__wrapper\">\nhttps:\/\/youtube.com\/watch?v=L2YmoFDSYhs%3Fversion%3D3%26rel%3D1%26showsearch%3D0%26showinfo%3D1%26iv_load_policy%3D1%26fs%3D1%26hl%3Des-ES%26autohide%3D2%26wmode%3Dtransparent\n<\/div><\/figure>\n","protected":false},"excerpt":{"rendered":"<p>Jason Somerville, jefe de aerodin\u00e1mica de la FIA y uno de los responsables de la normativa de la F\u00f3rmula 1 a partir de 2026, suena como posible incorporaci\u00f3n futura a Cadillac.<\/p>\n","protected":false},"author":0,"featured_media":1010366608,"comment_status":"closed","ping_status":"closed","sticky":false,"template":"","format":"standard","meta":{"42wp_featured_image_caption":"","42wp_featured_image_credits":"","42wp_featured_video":"","42wp_featured_image_hidden":false,"42wp_authors_list":[],"footnotes":""},"categories":[5],"tags":[1560,1710,263,179,2229,1930,7930],"42wp_author":[14240],"class_list":["post-4124","post","type-post","status-publish","format-standard","has-post-thumbnail","hentry","category-f1","tag-cadillac","tag-f1-2025","tag-fia","tag-formula-1","tag-jason-somerville","tag-mohammed-ben-sulayem","tag-reglamento-2026","42wp_author-ignacio-bogado"],"_links":{"self":[{"href":"https:\/\/grandepremio.com\/es\/wp-json\/wp\/v2\/posts\/4124","targetHints":{"allow":["GET"]}}],"collection":[{"href":"https:\/\/grandepremio.com\/es\/wp-json\/wp\/v2\/posts"}],"about":[{"href":"https:\/\/grandepremio.com\/es\/wp-json\/wp\/v2\/types\/post"}],"replies":[{"embeddable":true,"href":"https:\/\/grandepremio.com\/es\/wp-json\/wp\/v2\/comments?post=4124"}],"version-history":[{"count":0,"href":"https:\/\/grandepremio.com\/es\/wp-json\/wp\/v2\/posts\/4124\/revisions"}],"wp:featuredmedia":[{"embeddable":true,"href":"https:\/\/grandepremio.com\/es\/wp-json\/wp\/v2\/media\/1010366608"}],"wp:attachment":[{"href":"https:\/\/grandepremio.com\/es\/wp-json\/wp\/v2\/media?parent=4124"}],"wp:term":[{"taxonomy":"category","embeddable":true,"href":"https:\/\/grandepremio.com\/es\/wp-json\/wp\/v2\/categories?post=4124"},{"taxonomy":"post_tag","embeddable":true,"href":"https:\/\/grandepremio.com\/es\/wp-json\/wp\/v2\/tags?post=4124"},{"taxonomy":"42wp_author","embeddable":true,"href":"https:\/\/grandepremio.com\/es\/wp-json\/wp\/v2\/42wp_author?post=4124"}],"curies":[{"name":"wp","href":"https:\/\/api.w.org\/{rel}","templated":true}]}}