{"id":4137,"date":"2025-11-20T11:42:27","date_gmt":"2025-11-20T14:42:27","guid":{"rendered":"https:\/\/grandepremio.com\/es\/2025\/11\/20\/joshua-duerksen-fichaje-invicta-2026-objetivo-f1\/"},"modified":"2025-11-20T12:00:13","modified_gmt":"2025-11-20T15:00:13","slug":"joshua-duerksen-fichaje-invicta-2026-objetivo-f1","status":"publish","type":"post","link":"https:\/\/grandepremio.com\/es\/f2\/joshua-duerksen-fichaje-invicta-2026-objetivo-f1\/","title":{"rendered":"Duerksen busca ser protagonista en F2 y revela su momento m\u00e1s dif\u00edcil: &#8220;No ten\u00eda respuestas&#8221;"},"content":{"rendered":"\n<p class=\"wp-block-paragraph\"><strong>Joshua Duerksen<\/strong> sue\u00f1a con ser protagonista en la <strong>F2 <\/strong>en 2026. El piloto paraguayo, que actualmente compite en la categor\u00eda antesala a la <strong>F1 <\/strong>con <strong>AIX Racing<\/strong>, competir\u00e1 con <strong>Invicta <\/strong>en la pr\u00f3xima temporada, y espera que su tercera temporada completa le permita no solo ser un contendiente habitual por podios o victorias, sino que lo acerque a la \u00f3rbita de la <strong>F1 <\/strong>y despierte el inter\u00e9s de un equipo o academia de pilotos.<\/p>\n\n\n\n<p class=\"wp-block-paragraph\">\ud83d\udfe5&nbsp;<strong><em>\u00a1Todas las novedades te esperan en el canal de&nbsp;<\/em><\/strong><a href=\"https:\/\/www.youtube.com\/@GrandePremioES\"><em>YouTube<\/em><\/a><strong><em>&nbsp;de Grande Pr\u00eamio en Espa\u00f1ol!<\/em><\/strong>&nbsp;\ud83d\udfe8<\/p>\n\n\n\n<p class=\"wp-block-paragraph\"><strong>Duerksen<\/strong>, que debut\u00f3 en la <strong>F2 <\/strong>en 2024, se ubica duod\u00e9cimo en el campeonato de pilotos en 2025, con 66 puntos acumulados hasta el momento, una victoria y cuatro podios. <a href=\"https:\/\/grandepremio.com\/es\/f2\/duerksen-confirma-continuidad-f2-firma-invicta-temporada-2026\/\">Recientemente, fue anunciado como el primer piloto de Invicta para la temporada 2026<\/a>, y al ser consultado por el cambio de equipo para el pr\u00f3ximo a\u00f1o, Joshua se mostr\u00f3 entusiasmado por la oportunidad de competir con uno de los equipos m\u00e1s laureados de la grilla, aunque no ocult\u00f3 su tristeza por abandonar <strong>AIX Racing<\/strong>.  <\/p>\n\n\n\n<p class=\"wp-block-paragraph\">&#8220;Competir con <strong>Invicta <\/strong>es una oportunidad incre\u00edble. Son el mejor equipo del campeonato y tienen un conjunto t\u00e9cnico y humano incre\u00edble, son eficaces en todos los circuitos. Es una gran chance para ser protagonista en la <strong>F2 <\/strong>y acercarme a mi sue\u00f1o, que es competir en la <strong>F1<\/strong>. Estoy muy feliz e ilusionado con esta oportunidad&#8221;, declar\u00f3 <strong>Duerksen <\/strong>al portal <em>Feeder Series<\/em>.<\/p>\n\n\n\n<p class=\"wp-block-paragraph\">&#8220;No es f\u00e1cil dejar <strong>AIX<\/strong>. Es el equipo que me brind\u00f3 la posibilidad de correr en <strong>F2<\/strong>, con el que compart\u00ed muchos buenos y malos momentos por igual. Somos como una familia, creamos una relaci\u00f3n especial entre todos los integrantes y agradezco la confianza que tuvieron en m\u00ed. No hubiera llegado hasta aqu\u00ed si no fuera por ellos&#8221;, destac\u00f3.<\/p>\n\n\n\n<p class=\"wp-block-paragraph\">El paraguayo record\u00f3 sus inicios en el automovilismo y mencion\u00f3 las dificultades que atraves\u00f3 en sus primeras experiencias en las categor\u00edas formativas europeas, enfatizando en que debi\u00f3 aprovechar cada oportunidad &#8220;al m\u00e1ximo&#8221; para progresar. Adem\u00e1s, defini\u00f3 su paso por la <strong>F\u00f3rmula Regional Europea<\/strong> [<strong>FRECA<\/strong>] como el peor momento de su carrera deportiva, aunque luego mencionar\u00eda que esta etapa servir\u00eda de impulso para dar el salto a <strong>F2<\/strong> en 2024. <\/p>\n\n\n\n<p class=\"wp-block-paragraph\">\u23e9&nbsp;<strong><em>\u00a1Seguinos en redes por&nbsp;<\/em><\/strong><a href=\"https:\/\/twitter.com\/grandepremioES\"><em>Twitter&nbsp;<\/em><\/a><strong><em>e&nbsp;<\/em><\/strong><a href=\"https:\/\/www.instagram.com\/grandepremioes\/\"><em>Instagram!<\/em><\/a><br>\u23e9&nbsp;<strong><em>Adem\u00e1s, tenemos nuestro&nbsp;<\/em><\/strong><a href=\"https:\/\/whatsapp.com\/channel\/0029VaDZ5zb0gcfDxuwxBM05\"><em>canal de Whatsapp<\/em><\/a><strong><em>&nbsp;con toda la informaci\u00f3n al instante<\/em><\/strong>&nbsp;\ud83c\udfc1<\/p>\n\n\n\n<figure class=\"wp-block-image size-full\"><img decoding=\"async\" src=\"https:\/\/grandepremio.com\/es\/wp-content\/uploads\/2025\/11\/BAK_F2_R12_NB-7730-1024x683-1.webp\" alt=\"\" class=\"wp-image-378659\"\/><figcaption class=\"wp-element-caption\">Joshua Duerksen logr\u00f3 tres victorias en F2, categor\u00eda en la que debut\u00f3 en 2024 (Foto: Dutch Photo Agency)<\/figcaption><\/figure>\n\n\n\n<p class=\"wp-block-paragraph\">&#8220;Debut\u00e9 en los kartings a los 11 a\u00f1os, corr\u00ed tres a\u00f1os all\u00ed y el 90% de esas carreras fueron en campeonatos nacionales de <strong>Paraguay<\/strong>. Cuando llegu\u00e9 a Europa, di el salto a <strong>F4 <\/strong>y fue un gran salto, una apuesta arriesgada que requer\u00eda mucho esfuerzo y una adaptaci\u00f3n r\u00e1pida, no ten\u00eda el mismo tiempo de rodaje o experiencia que mis rivales. Siempre tuve que aprovechar cada oportunidad y aprender lo m\u00e1s r\u00e1pido posible para poder progresar&#8221;, mencion\u00f3.<\/p>\n\n\n\n<p class=\"wp-block-paragraph\">&#8220;La etapa en <strong>FRECA <\/strong>fue uno de los momentos m\u00e1s duros de mi carrera deportiva, no fue nada f\u00e1cil. A veces me sent\u00eda completamente perdido, no sab\u00eda qu\u00e9 hacer y estaba desmotivado. Hac\u00eda todo lo posible para lograr buenos resultados, pero el coche no respond\u00eda y tampoco encontraba respuestas a esa falta de ritmo&#8221;, revel\u00f3. <\/p>\n\n\n\n<p class=\"wp-block-paragraph\">&#8220;Tal vez, mucha gente no lo comprenda, pero tras esta experiencia sent\u00eda que estaba totalmente preparado para dar el salto a <strong>F2<\/strong>. Fue dif\u00edcil, pero me dio las herramientas necesarias para ascender, estaba seguro de lo que hac\u00eda. Sin el paso por en <strong>FRECA<\/strong>, no podr\u00eda haber disputado dos temporadas en <strong>F2 <\/strong>y lograr lo que logr\u00e9&#8221;, subray\u00f3.<\/p>\n\n\n\n<figure class=\"wp-block-image size-full\"><img decoding=\"async\" src=\"https:\/\/grandepremio.com\/es\/wp-content\/uploads\/..\/gp_br_uploads\/2025\/03\/Roman-Stanek-Invicta-F2.jpg\" alt=\"\" class=\"wp-image-331437\"\/><figcaption class=\"wp-element-caption\">Joshua Duerksen ser\u00e1 piloto de Invicta en F2 2026 (Foto: Reproducci\u00f3n \/ F2)<\/figcaption><\/figure>\n\n\n\n<p class=\"wp-block-paragraph\">Por \u00faltimo, el piloto de <strong>Asunci\u00f3n<\/strong>, reconocido por sus efusivas celebraciones en el podio y activa participaci\u00f3n en redes sociales, asegura que su objetivo es disfrutar &#8220;al m\u00e1ximo&#8221; del automovilismo y cuestiona a quienes no celebran en el podio o se muestran inconformes ante un buen resultado.<\/p>\n\n\n\n<p class=\"wp-block-paragraph\">&#8220;Intento disfrutar cada carrera. Es algo \u00fanico e irrepetible. Me cuesta entender a los pilotos que est\u00e1n serios o inconformes en el podio, que no est\u00e1n felices por finalizar segundos o terceros. No s\u00e9 si es parte de su ambici\u00f3n personal o porque solo les interesa ganar, pero no lo comprendo&#8221;, cuestion\u00f3. <\/p>\n\n\n\n<p class=\"wp-block-paragraph\">&#8220;Estoy cumpliendo un sue\u00f1o por el que trabaj\u00e9 toda mi vida, tengo la posibilidad de viajar y conocer muchos pa\u00edses, culturas diferentes y vivir experiencias incre\u00edbles. Intento disfrutar al m\u00e1ximo cada momento que me brinda el automovilismo. Nunca sabes qu\u00e9 puede pasar ma\u00f1ana&#8221;, concluy\u00f3. <\/p>\n\n\n\n<p class=\"wp-block-paragraph\"><strong>La F\u00f3rmula 2 regresa a fines de noviembre en Qatar, pen\u00faltima de la temporada 2025. El campeonato de 2026, por su parte, comienza el 7 de marzo en Melbourne, Australia.<\/strong><\/p>\n\n\n\n<figure class=\"wp-block-embed is-type-video is-provider-youtube wp-block-embed-youtube wp-embed-aspect-16-9 wp-has-aspect-ratio\"><div class=\"wp-block-embed__wrapper\">\n<iframe loading=\"lazy\" title=\"GP DE LAS VEGAS 2025 - LA PREVIA\" width=\"500\" height=\"281\" src=\"https:\/\/www.youtube.com\/embed\/L2YmoFDSYhs?feature=oembed\" frameborder=\"0\" allow=\"accelerometer; autoplay; clipboard-write; encrypted-media; gyroscope; picture-in-picture; web-share\" referrerpolicy=\"strict-origin-when-cross-origin\" allowfullscreen><\/iframe>\n<\/div><\/figure>\n","protected":false},"excerpt":{"rendered":"<p>Joshua Duerksen aspira a ser protagonista con Invicta en la temporada 2026 de F2, record\u00f3 sus inicios en el automovilismo y revela su momento m\u00e1s dif\u00edcil en las categor\u00edas formativas<\/p>\n","protected":false},"author":0,"featured_media":1010378661,"comment_status":"closed","ping_status":"closed","sticky":false,"template":"","format":"standard","meta":{"42wp_featured_image_caption":"","42wp_featured_image_credits":"","42wp_featured_video":"","42wp_featured_image_hidden":false,"42wp_authors_list":[],"footnotes":""},"categories":[3],"tags":[10324,257,10319,11260,211,9487,12861,1660,1488,8413,9543,10318,12862],"42wp_author":[14239],"class_list":["post-4137","post","type-post","status-publish","format-standard","has-post-thumbnail","hentry","category-f2","tag-aix-racing","tag-f2","tag-f2-2025","tag-f2-2026","tag-formula-2","tag-formula-2-2025","tag-formula-2-2026","tag-freca","tag-grande-premio","tag-invicta","tag-joshua-duerksen","tag-temporada-2025-f2","tag-temporada-2026-f2","42wp_author-jp-otrosky"],"_links":{"self":[{"href":"https:\/\/grandepremio.com\/es\/wp-json\/wp\/v2\/posts\/4137","targetHints":{"allow":["GET"]}}],"collection":[{"href":"https:\/\/grandepremio.com\/es\/wp-json\/wp\/v2\/posts"}],"about":[{"href":"https:\/\/grandepremio.com\/es\/wp-json\/wp\/v2\/types\/post"}],"replies":[{"embeddable":true,"href":"https:\/\/grandepremio.com\/es\/wp-json\/wp\/v2\/comments?post=4137"}],"version-history":[{"count":0,"href":"https:\/\/grandepremio.com\/es\/wp-json\/wp\/v2\/posts\/4137\/revisions"}],"wp:featuredmedia":[{"embeddable":true,"href":"https:\/\/grandepremio.com\/es\/wp-json\/wp\/v2\/media\/1010378661"}],"wp:attachment":[{"href":"https:\/\/grandepremio.com\/es\/wp-json\/wp\/v2\/media?parent=4137"}],"wp:term":[{"taxonomy":"category","embeddable":true,"href":"https:\/\/grandepremio.com\/es\/wp-json\/wp\/v2\/categories?post=4137"},{"taxonomy":"post_tag","embeddable":true,"href":"https:\/\/grandepremio.com\/es\/wp-json\/wp\/v2\/tags?post=4137"},{"taxonomy":"42wp_author","embeddable":true,"href":"https:\/\/grandepremio.com\/es\/wp-json\/wp\/v2\/42wp_author?post=4137"}],"curies":[{"name":"wp","href":"https:\/\/api.w.org\/{rel}","templated":true}]}}