{"id":4147,"date":"2025-11-20T07:49:33","date_gmt":"2025-11-20T10:49:33","guid":{"rendered":"https:\/\/grandepremio.com\/es\/2025\/11\/20\/verstappen-se-enoja-pregunta-extrana-sobre-ex-jefe-red-bull-las-vegas\/"},"modified":"2025-11-20T07:49:37","modified_gmt":"2025-11-20T10:49:37","slug":"verstappen-se-enoja-pregunta-extrana-sobre-ex-jefe-red-bull-las-vegas","status":"publish","type":"post","link":"https:\/\/grandepremio.com\/es\/f1\/verstappen-se-enoja-pregunta-extrana-sobre-ex-jefe-red-bull-las-vegas\/","title":{"rendered":"Verstappen se enoja por \u00abpregunta extra\u00f1a\u00bb sobre ex jefe de Red Bull en Las Vegas"},"content":{"rendered":"\n<p class=\"wp-block-paragraph\"><strong>Max Verstappen<\/strong> no pudo ocultar cierta irritaci\u00f3n al ser preguntado sobre <strong>Christian Horner<\/strong> durante la rueda de prensa del jueves en <strong>Las Vegas<\/strong>, sede de la 22\u00aa ronda de la <strong>temporada 2025<\/strong> de <strong>F\u00f3rmula 1<\/strong>. Con pocas palabras, el piloto de <strong>Red Bull<\/strong> prefiri\u00f3 no especular sobre el rendimiento del equipo en la competici\u00f3n si el anterior jefe hubiera permanecido en su puesto.<\/p>\n\n\n\n<p class=\"wp-block-paragraph\">Tras dos d\u00e9cadas al frente del equipo de <strong>Milton Keynes<\/strong>, el brit\u00e1nico de 52 a\u00f1os fue destituido a principios de julio, poco despu\u00e9s del <strong>Gran Premio de Gran Breta\u00f1a<\/strong>. Su sucesor, <strong>Laurent Mekies<\/strong>, ha recibido elogios en numerosas ocasiones por parte del propietario del <strong>RB21 <\/strong>#1, quien siempre ha destacado el enfoque m\u00e1s t\u00e9cnico del franc\u00e9s en su comunicaci\u00f3n con pilotos e ingenieros.<\/p>\n\n\n\n<p class=\"wp-block-paragraph\">Casualmente, desde que el ex jefe de <strong>Racing Bulls<\/strong> asumi\u00f3 el liderazgo del equipo principal, el monoplaza de la escuder\u00eda austr\u00edaca ha evolucionado considerablemente, permitiendo al tetracampe\u00f3n recortar distancias con <strong>Lando Norris<\/strong> y <strong>Oscar Piastri<\/strong> en la lucha por el t\u00edtulo.<\/p>\n\n\n\n<p class=\"wp-block-paragraph\">\ud83d\udfe5&nbsp;<strong><em>\u00a1Todas las novedades te esperan en el canal de&nbsp;<\/em><\/strong><a href=\"https:\/\/www.youtube.com\/@GrandePremioES\"><em>YouTube<\/em><\/a><strong><em>&nbsp;de Grande Pr\u00eamio en Espa\u00f1ol!<\/em><\/strong>&nbsp;\ud83d\udfe8<\/p>\n\n\n\n<figure class=\"wp-block-image size-full\"><img decoding=\"async\" src=\"https:\/\/grandepremio.com\/es\/wp-content\/uploads\/..\/gp_br_uploads\/2025\/11\/las-vegas-2025-f1-quinta-feira-red-bull-max-verstappen-afp-04.jpg\" alt=\"\" class=\"wp-image-378510\"\/><figcaption class=\"wp-element-caption\">Max Verstappen se molest\u00f3 con una pregunta referida a Christian Horner en Las Vegas. (Foto: AFP)<\/figcaption><\/figure>\n\n\n\n<p class=\"wp-block-paragraph\">\u23e9\u00a0<strong><em>\u00a1Seguinos en redes por\u00a0<\/em><\/strong><a href=\"https:\/\/twitter.com\/grandepremioES\"><em>Twitter\u00a0<\/em><\/a><strong><em>e\u00a0<\/em><\/strong><a href=\"https:\/\/www.instagram.com\/grandepremioes\/\"><em>Instagram!<br><\/em><\/a>\u23e9\u00a0<strong><em>Adem\u00e1s, tenemos nuestro\u00a0<\/em><\/strong><a href=\"https:\/\/whatsapp.com\/channel\/0029VaDZ5zb0gcfDxuwxBM05\"><em>canal de Whatsapp<\/em><\/a><strong><em>\u00a0con toda la informaci\u00f3n al instante<\/em><\/strong>\u00a0\ud83c\udfc1<\/p>\n\n\n\n<p class=\"wp-block-paragraph\">Por lo tanto, al hablar con los periodistas en la \u00abCiudad del Pecado\u00bb, el neerland\u00e9s se mostr\u00f3 algo perplejo cuando le preguntaron si ser\u00eda posible tal remontada con Horner al mando.<\/p>\n\n\n\n<p class=\"wp-block-paragraph\">\u00abMe parece una pregunta muy extra\u00f1a\u00bb, respondi\u00f3. \u00abNo s\u00e9 por qu\u00e9 surge esto ahora, \u00bfporque hemos recortado la diferencia a 49 puntos? No lo s\u00e9. Saquen sus propias conclusiones\u00bb, continu\u00f3.<\/p>\n\n\n\n<p class=\"wp-block-paragraph\">\u00abHemos hecho un muy buen trabajo en las \u00faltimas carreras. \u00bfQu\u00e9 m\u00e1s puedo decir? Lo hemos intentado todo. El coche ha rendido bien en algunos circuitos, quiz\u00e1 no tanto en otros. Pero eso es todo\u00bb, concluy\u00f3.<\/p>\n\n\n\n<p class=\"wp-block-paragraph\">Con 341 puntos en la clasificaci\u00f3n del <strong>Campeonato del Mundo<\/strong>, el neerland\u00e9s necesita una combinaci\u00f3n de resultados si a\u00fan quiere so\u00f1ar con su quinto t\u00edtulo. El l\u00edder del campeonato, Norris, suma 390 puntos hasta el momento, mientras que Piastri se mantiene en segundo lugar con 366.<\/p>\n\n\n\n<p class=\"wp-block-paragraph\">La&nbsp;<strong>F\u00f3rmula 1<\/strong>&nbsp;regresa este fin de semana para la 22\u00aa prueba de la&nbsp;<strong>temporada 2025<\/strong>&nbsp;con el&nbsp;<strong>Gran Premio de Las Vegas<\/strong>, en el circuito callejero del&nbsp;<strong>Strip<\/strong>.<\/p>\n\n\n\n<figure class=\"wp-block-embed is-type-rich is-provider-gestor-del-servicio wp-block-embed-gestor-del-servicio wp-embed-aspect-16-9 wp-has-aspect-ratio\"><div class=\"wp-block-embed__wrapper\">\nhttps:\/\/youtube.com\/watch?v=L2YmoFDSYhs%3Fversion%3D3%26rel%3D1%26showsearch%3D0%26showinfo%3D1%26iv_load_policy%3D1%26fs%3D1%26hl%3Des-ES%26autohide%3D2%26wmode%3Dtransparent\n<\/div><\/figure>\n","protected":false},"excerpt":{"rendered":"<p>Max Verstappen se molest\u00f3 cuando se le pregunt\u00f3 si la recuperaci\u00f3n de Red Bull en la recta final de la temporada 2025 ten\u00eda alguna relaci\u00f3n con la salida de Christian Horner de su puesto como director del equipo.<\/p>\n","protected":false},"author":0,"featured_media":1010378509,"comment_status":"closed","ping_status":"closed","sticky":false,"template":"","format":"standard","meta":{"42wp_featured_image_caption":"","42wp_featured_image_credits":"","42wp_featured_video":"","42wp_featured_image_hidden":false,"42wp_authors_list":[],"footnotes":""},"categories":[5],"tags":[1336,1710,179,2138,1753,249,9812,11072,206],"42wp_author":[14240],"class_list":["post-4147","post","type-post","status-publish","format-standard","has-post-thumbnail","hentry","category-f1","tag-christian-horner","tag-f1-2025","tag-formula-1","tag-gp-de-las-vegas","tag-laurent-mekies","tag-max-verstappen","tag-racing-bulls","tag-rb21","tag-red-bull","42wp_author-ignacio-bogado"],"_links":{"self":[{"href":"https:\/\/grandepremio.com\/es\/wp-json\/wp\/v2\/posts\/4147","targetHints":{"allow":["GET"]}}],"collection":[{"href":"https:\/\/grandepremio.com\/es\/wp-json\/wp\/v2\/posts"}],"about":[{"href":"https:\/\/grandepremio.com\/es\/wp-json\/wp\/v2\/types\/post"}],"replies":[{"embeddable":true,"href":"https:\/\/grandepremio.com\/es\/wp-json\/wp\/v2\/comments?post=4147"}],"version-history":[{"count":0,"href":"https:\/\/grandepremio.com\/es\/wp-json\/wp\/v2\/posts\/4147\/revisions"}],"wp:featuredmedia":[{"embeddable":true,"href":"https:\/\/grandepremio.com\/es\/wp-json\/wp\/v2\/media\/1010378509"}],"wp:attachment":[{"href":"https:\/\/grandepremio.com\/es\/wp-json\/wp\/v2\/media?parent=4147"}],"wp:term":[{"taxonomy":"category","embeddable":true,"href":"https:\/\/grandepremio.com\/es\/wp-json\/wp\/v2\/categories?post=4147"},{"taxonomy":"post_tag","embeddable":true,"href":"https:\/\/grandepremio.com\/es\/wp-json\/wp\/v2\/tags?post=4147"},{"taxonomy":"42wp_author","embeddable":true,"href":"https:\/\/grandepremio.com\/es\/wp-json\/wp\/v2\/42wp_author?post=4147"}],"curies":[{"name":"wp","href":"https:\/\/api.w.org\/{rel}","templated":true}]}}