{"id":4151,"date":"2025-11-20T06:29:15","date_gmt":"2025-11-20T09:29:15","guid":{"rendered":"https:\/\/grandepremio.com\/es\/2025\/11\/20\/stroll-responde-defensa-colapinto-a-bortoleto-brasil-f1-2025\/"},"modified":"2025-11-20T06:29:19","modified_gmt":"2025-11-20T09:29:19","slug":"stroll-responde-defensa-colapinto-a-bortoleto-brasil-f1-2025","status":"publish","type":"post","link":"https:\/\/grandepremio.com\/es\/f1\/stroll-responde-defensa-colapinto-a-bortoleto-brasil-f1-2025\/","title":{"rendered":"Stroll responde a defensa de Colapinto a Bortoleto: \u00abDeber\u00eda preocuparse en puntuar\u00bb"},"content":{"rendered":"\n<p class=\"wp-block-paragraph\">Aficionado a las entrevistas breves, <strong>Lance Stroll<\/strong> fue bastante directo al afirmar que <strong>Franco Colapinto<\/strong> \u00abdeber\u00eda preocuparse por sumar puntos\u00bb al refutar las acusaciones del argentino de que \u00absiempre est\u00e1 sacando a otros de la pista\u00bb. La declaraci\u00f3n la hizo el argentino en defensa de <strong>Gabriel Bortoleto<\/strong>, quien se vio involucrado en un incidente con el piloto de <strong>Aston Martin<\/strong> en el <strong>GP de S\u00e3o Paulo<\/strong>.<\/p>\n\n\n\n<p class=\"wp-block-paragraph\">Strall y Bortoleto chocaron en la primera vuelta, en <strong>Pico de Pato<\/strong>, y el brasile\u00f1o termin\u00f3 abandonando. Tras la carrera en <strong>Interlagos<\/strong>, Gabriel exoner\u00f3 al canadiense y calific\u00f3 el incidente como un \u00abaccidente de carrera\u00bb, pero Colapinto fue m\u00e1s duro: \u00abStroll siempre saca a la gente de las carreras, no mira por el espejo. Empuj\u00f3 a Gabi contra el muro\u00bb.<\/p>\n\n\n\n<p class=\"wp-block-paragraph\">En <strong>Las Vegas<\/strong>, sede de la <strong>F\u00f3rmula 1<\/strong> este fin de semana, Lance no perdi\u00f3 la oportunidad de provocar a su rival. \u00abEscuch\u00e9 sobre eso [las cr\u00edticas]. No s\u00e9. Quiz\u00e1s est\u00e9 frustrado y enojado con la vida\u00bb, dijo.<\/p>\n\n\n\n<p class=\"wp-block-paragraph\">\ud83d\udfe5&nbsp;<strong><em>\u00a1Todas las novedades te esperan en el canal de&nbsp;<\/em><\/strong><a href=\"https:\/\/www.youtube.com\/@GrandePremioES\"><em>YouTube<\/em><\/a><strong><em>&nbsp;de Grande Pr\u00eamio en Espa\u00f1ol!<\/em><\/strong>&nbsp;\ud83d\udfe8<\/p>\n\n\n\n<figure class=\"wp-block-image size-full\"><img decoding=\"async\" src=\"https:\/\/grandepremio.com\/es\/wp-content\/uploads\/2025\/11\/mexico-2025-f1-treinos-livres-aston-martin-lance-stroll-01-1.webp\" alt=\"\" class=\"wp-image-374171\"\/><figcaption class=\"wp-element-caption\">Lance Stroll dijo que Colapinto deber\u00eda \u00abconcentrarse en sumar puntos\u00bb. (Foto: Aston Martin)<\/figcaption><\/figure>\n\n\n\n<p class=\"wp-block-paragraph\">\u23e9\u00a0<strong><em>\u00a1Seguinos en redes por\u00a0<\/em><\/strong><a href=\"https:\/\/twitter.com\/grandepremioES\"><em>Twitter\u00a0<\/em><\/a><strong><em>e\u00a0<\/em><\/strong><a href=\"https:\/\/www.instagram.com\/grandepremioes\/\"><em>Instagram!<br><\/em><\/a>\u23e9\u00a0<strong><em>Adem\u00e1s, tenemos nuestro\u00a0<\/em><\/strong><a href=\"https:\/\/whatsapp.com\/channel\/0029VaDZ5zb0gcfDxuwxBM05\"><em>canal de Whatsapp<\/em><\/a><strong><em>\u00a0con toda la informaci\u00f3n al instante<\/em><\/strong>\u00a0\ud83c\udfc1<\/p>\n\n\n\n<p class=\"wp-block-paragraph\">\u00abNo s\u00e9 cu\u00e1ntos puntos lleva en el campeonato. No puedo decirlo\u00bb, continu\u00f3. Luego, mencion\u00f3 que Franco a\u00fan no ha sumado ning\u00fan punto: \u00abProbablemente deber\u00eda centrarse en sus propios objetivos e intentar puntuar este a\u00f1o\u00bb.<\/p>\n\n\n\n<p class=\"wp-block-paragraph\">Strolll afirm\u00f3 entonces que habl\u00f3 con Bortoleto despu\u00e9s de la carrera. \u00abYo estaba compitiendo. No recib\u00ed ninguna penalizaci\u00f3n en Brasil ni nada por el estilo. Habl\u00e9 con Gabriel despu\u00e9s de la carrera. Quiz\u00e1s Franco deber\u00eda centrarse en puntuar o algo as\u00ed este a\u00f1o\u00bb, agreg\u00f3.<\/p>\n\n\n\n<p class=\"wp-block-paragraph\">\u00abQuiz\u00e1s est\u00e9 frustrado con la temporada porque no est\u00e1 donde quiere estar. Necesita hablar de otras cosas irrelevantes. Mi consejo es que intente centrarse en su propio rendimiento y quiz\u00e1s sume puntos\u00bb, concluy\u00f3.<\/p>\n\n\n\n<p class=\"wp-block-paragraph\">Por su parte, el <a href=\"https:\/\/grandepremio.com\/es\/f1\/colapinto-se-disculpa-stroll-criticas-sao-paulo-f1-2025\/\">argentino de <strong>Alpine<\/strong> reconoci\u00f3 que la declaraci\u00f3n fue \u00aben el calor del momento\u00bb<\/a> luego de la competencia y se disculp\u00f3 con el canadiense por sus cr\u00edticas en S\u00e3o Paulo.<\/p>\n\n\n\n<p class=\"wp-block-paragraph\">La&nbsp;<strong>F\u00f3rmula 1<\/strong>&nbsp;regresa este fin de semana para la 22\u00aa prueba de la&nbsp;<strong>temporada 2025<\/strong>&nbsp;con el&nbsp;<strong>Gran Premio de Las Vegas<\/strong>, en el circuito callejero del&nbsp;<strong>Strip<\/strong>.<\/p>\n\n\n\n<figure class=\"wp-block-embed is-type-rich is-provider-gestor-del-servicio wp-block-embed-gestor-del-servicio wp-embed-aspect-16-9 wp-has-aspect-ratio\"><div class=\"wp-block-embed__wrapper\">\nhttps:\/\/youtube.com\/watch?v=L2YmoFDSYhs%3Fversion%3D3%26rel%3D1%26showsearch%3D0%26showinfo%3D1%26iv_load_policy%3D1%26fs%3D1%26hl%3Des-ES%26autohide%3D2%26wmode%3Dtransparent\n<\/div><\/figure>\n","protected":false},"excerpt":{"rendered":"<p>Lance Stroll no se mostr\u00f3 nada contento con las cr\u00edticas de Franco Colapinto, quien dijo que el canadiense \u00absiempre saca a la gente de las carreras\u00bb.<\/p>\n","protected":false},"author":0,"featured_media":1010374777,"comment_status":"closed","ping_status":"closed","sticky":false,"template":"","format":"standard","meta":{"42wp_featured_image_caption":"","42wp_featured_image_credits":"","42wp_featured_video":"","42wp_featured_image_hidden":false,"42wp_authors_list":[],"footnotes":""},"categories":[5],"tags":[678,209,1710,179,814,4071,2138,1468,474,359,497],"42wp_author":[14240],"class_list":["post-4151","post","type-post","status-publish","format-standard","has-post-thumbnail","hentry","category-f1","tag-alpine","tag-aston-martin","tag-f1-2025","tag-formula-1","tag-franco-colapinto","tag-gabriel-bortoleto","tag-gp-de-las-vegas","tag-gp-de-sao-paulo","tag-interlagos","tag-lance-stroll","tag-sauber","42wp_author-ignacio-bogado"],"_links":{"self":[{"href":"https:\/\/grandepremio.com\/es\/wp-json\/wp\/v2\/posts\/4151","targetHints":{"allow":["GET"]}}],"collection":[{"href":"https:\/\/grandepremio.com\/es\/wp-json\/wp\/v2\/posts"}],"about":[{"href":"https:\/\/grandepremio.com\/es\/wp-json\/wp\/v2\/types\/post"}],"replies":[{"embeddable":true,"href":"https:\/\/grandepremio.com\/es\/wp-json\/wp\/v2\/comments?post=4151"}],"version-history":[{"count":0,"href":"https:\/\/grandepremio.com\/es\/wp-json\/wp\/v2\/posts\/4151\/revisions"}],"wp:featuredmedia":[{"embeddable":true,"href":"https:\/\/grandepremio.com\/es\/wp-json\/wp\/v2\/media\/1010374777"}],"wp:attachment":[{"href":"https:\/\/grandepremio.com\/es\/wp-json\/wp\/v2\/media?parent=4151"}],"wp:term":[{"taxonomy":"category","embeddable":true,"href":"https:\/\/grandepremio.com\/es\/wp-json\/wp\/v2\/categories?post=4151"},{"taxonomy":"post_tag","embeddable":true,"href":"https:\/\/grandepremio.com\/es\/wp-json\/wp\/v2\/tags?post=4151"},{"taxonomy":"42wp_author","embeddable":true,"href":"https:\/\/grandepremio.com\/es\/wp-json\/wp\/v2\/42wp_author?post=4151"}],"curies":[{"name":"wp","href":"https:\/\/api.w.org\/{rel}","templated":true}]}}