{"id":4171,"date":"2025-11-18T16:43:27","date_gmt":"2025-11-18T19:43:27","guid":{"rendered":"https:\/\/grandepremio.com\/es\/2025\/11\/18\/fenestraz-cierra-super-formula-2025-suzuka-minimas-campeon\/"},"modified":"2025-11-18T16:43:31","modified_gmt":"2025-11-18T19:43:31","slug":"fenestraz-cierra-super-formula-2025-suzuka-minimas-campeon","status":"publish","type":"post","link":"https:\/\/grandepremio.com\/es\/super-formula\/fenestraz-cierra-super-formula-2025-suzuka-minimas-campeon\/","title":{"rendered":"Fenestraz cierra la S\u00faper F\u00f3rmula 2025 en Suzuka con m\u00ednimas chances de ser campe\u00f3n"},"content":{"rendered":"\n<p class=\"wp-block-paragraph\">Tras un mes y medio de hiato, la <strong>S\u00faper F\u00f3rmula<\/strong> regresar\u00e1 a las pistas en <strong>Suzuka <\/strong>para el cierre de la temporada 2025, en el mismo escenario de la primera ronda del a\u00f1o. A diferencia de lo ocurrido en marzo, habr\u00e1 nada menos que tres carreras, <a href=\"https:\/\/grandepremio.com\/es\/super-formula\/super-formula-cancelar-carrera-dominical-fuji-niebla\/\" target=\"_blank\" rel=\"noreferrer noopener\">debido a la competencia cancelada por la niebla en <strong>Fuji<\/strong><\/a>.<\/p>\n\n\n\n<p class=\"wp-block-paragraph\">\ud83d\udfe5&nbsp;<strong><em>\u00a1Todas las novedades te esperan en el canal de&nbsp;<\/em><\/strong><a href=\"https:\/\/www.youtube.com\/@GrandePremioES\"><em>YouTube<\/em><\/a><strong><em>&nbsp;de Grande Pr\u00eamio en Espa\u00f1ol!<\/em><\/strong>&nbsp;\ud83d\udfe8<\/p>\n\n\n\n<p class=\"wp-block-paragraph\"><a href=\"https:\/\/grandepremio.com\/es\/super-formula\/super-formula-anuncia-tercera-carrera-suzuka-cancelacion-fuji\/\" target=\"_blank\" rel=\"noreferrer noopener\">De esta manera, el cronograma se ha visto alterado tanto s\u00e1bado como domingo<\/a>: el viernes se desarrollar\u00e1n los dos entrenamientos, seguido por las dos clasificaciones del fin de semana y la primera carrera. Luego, el domingo se completar\u00e1 con las dos \u00faltimas competencias del a\u00f1o, y a la ma\u00f1ana ser\u00e1 una carrera sprint a 19 vueltas sin paradas en boxes.<\/p>\n\n\n\n<p class=\"wp-block-paragraph\">Como se entregar\u00e1n 66 puntos, ya que <strong>Tadasuke Makino<\/strong> logr\u00f3 la pole en la clasificaci\u00f3n que se disput\u00f3 la ma\u00f1ana del domingo de la fecha pasada en Fuji, <strong>Sacha Fenestraz<\/strong> tiene posibilidades matem\u00e1ticas de coronarse campe\u00f3n, aunque deber\u00e1 descontar 57 puntos a su compa\u00f1ero de equipo, <strong>Sho Tsuboi<\/strong>. <a href=\"https:\/\/grandepremio.com\/es\/super-formula\/fenestraz-vuelve-victoria-carrera-suspendida-super-formula-fuji\/\" target=\"_blank\" rel=\"noreferrer noopener\">El piloto franco-argentino gan\u00f3 la carrera suspendida por la lluvia el mes pasado<\/a> y llegar\u00e1 a Suzuka con ganas de cerrar un a\u00f1o de regreso al automovilismo japon\u00e9s.<\/p>\n\n\n\n<figure class=\"wp-block-embed is-type-video is-provider-youtube wp-block-embed-youtube wp-embed-aspect-16-9 wp-has-aspect-ratio\"><div class=\"wp-block-embed__wrapper\">\n<iframe loading=\"lazy\" title=\"LOS PILOTOS DESTACADOS Y LOS QUE DECEPCIONARON EN MOTOGP 2025\" width=\"500\" height=\"281\" src=\"https:\/\/www.youtube.com\/embed\/7uHE0DE6XbM?feature=oembed\" frameborder=\"0\" allow=\"accelerometer; autoplay; clipboard-write; encrypted-media; gyroscope; picture-in-picture; web-share\" referrerpolicy=\"strict-origin-when-cross-origin\" allowfullscreen><\/iframe>\n<\/div><\/figure>\n\n\n\n<p class=\"wp-block-paragraph\">La principal complicaci\u00f3n para Sacha es que largar\u00e1 18\u00b0 el domingo por la ma\u00f1ana y tendr\u00e1 que, al menos, sumar puntos, con el obst\u00e1culo de que ser\u00e1n pocas vueltas para intentar una remontada. De todas maneras, se ubica sexto en el certamen y querr\u00e1 culminar la temporada con los mejores resultados posibles.<\/p>\n\n\n\n<p class=\"wp-block-paragraph\">Sho Tsuboi es el l\u00edder del campeonato 2025 con 104.5 puntos, 14.5 unidades m\u00e1s que<strong> Kakunoshin Ohta<\/strong> y <strong>Ayumu Iwasa<\/strong>, sus escoltas. El piloto del Tom\u2019s Racing puede coronarse nuevamente campe\u00f3n de S\u00faper F\u00f3rmula y de <strong>S\u00faper GT <\/strong>como lo logr\u00f3 el a\u00f1o pasado, en lo que ser\u00eda un hecho hist\u00f3rico. Ohta e Iwasa est\u00e1n obligados a clasificar bien en Suzuka, una pista en la que Tsuboi nunca gan\u00f3, para descontarle puntos, y poder avanzar el domingo por la ma\u00f1ana para llegar al cierre de a\u00f1o con chances de arrebatarle la corona.<\/p>\n\n\n\n<p class=\"wp-block-paragraph\">Aunque Ohta y Makino arrancaron ganando en los dos primeros eventos, Tsuboi domin\u00f3 desde la ronda en <strong>Autopolis <\/strong>e Iwasa se impuso en <strong>Sugo<\/strong>, llegando a la fecha final del campeonato todos ellos peleando por la corona. El dominio del <strong>Dandelion Racing<\/strong> no se pudo replicar y la competici\u00f3n se emparej\u00f3. Todos ellos han pasado por altos y bajos, con abandonos y penalizaciones, pero los puntos que no se entregaron totalmente en Fuji le dan una ventaja al piloto de <strong>Toyota <\/strong>de cara a la definici\u00f3n por el t\u00edtulo.<\/p>\n\n\n\n<figure class=\"wp-block-image size-large\"><img decoding=\"async\" src=\"https:\/\/grandepremio.com\/cdn-cgi\/image\/width=893,height=558,fit=contain,gravity=0.5x0.5,quality=75,format=webp\/es\/wp-content\/uploads\/2025\/11\/ZYO_6790-1024x683.jpg\" alt=\"\" class=\"wp-image-378270\"\/><figcaption class=\"wp-element-caption\">Sacha Fenestraz volvi\u00f3 a Jap\u00f3n en 2025 tras su paso por la F\u00f3rmula E y gan\u00f3 en Fuji en octubre. (Foto: JRP)<\/figcaption><\/figure>\n\n\n\n<p class=\"wp-block-paragraph\">Makino, en tanto, tendr\u00e1 una gran chance de descontar puntos con la pole para la carrera recuperada de Fuji en Suzuka, pero su posici\u00f3n es m\u00e1s desventajosa, con 81 puntos. El compa\u00f1ero de Ohta no ha podido rendir como al comienzo del a\u00f1o, pero el circuito ha sido favorable a su equipo y puede dar la sorpresa. Lo mismo se puede decir del otro aspirante, <strong>Tomoki Nojiri<\/strong>, quinto en el campeonato, con 63 puntos, y el <strong>Team Mugen<\/strong>, que ha sido exitoso en Suzuka, tendr\u00e1 que recuperar el nivel para darle el doble campe\u00f3n una oportunidad de alcanzar su tercera corona en la categor\u00eda.<\/p>\n\n\n\n<p class=\"wp-block-paragraph\"><strong>Campeonato despu\u00e9s de 9 carreras<\/strong>: Tsubou 104.5 puntos, Ayumu Iwasa y Ohta tienen 90, Makino 81, Tomoki Nojiri 63, Fenestraz 47.<\/p>\n\n\n\n<p class=\"wp-block-paragraph\">\u23e9&nbsp;<strong><em>\u00a1Seguinos en redes por&nbsp;<\/em><\/strong><a href=\"https:\/\/twitter.com\/grandepremioES\"><em>Twitter&nbsp;<\/em><\/a><strong><em>e&nbsp;<\/em><\/strong><a href=\"https:\/\/www.instagram.com\/grandepremioes\/\"><em>Instagram!<br><\/em><\/a>\u23e9&nbsp;<strong><em>Adem\u00e1s, tenemos nuestro&nbsp;<\/em><\/strong><a href=\"https:\/\/whatsapp.com\/channel\/0029VaDZ5zb0gcfDxuwxBM05\"><em>canal de Whatsapp<\/em><\/a><strong><em>&nbsp;con toda la informaci\u00f3n al instante<\/em><\/strong>&nbsp;\ud83c\udfc1<\/p>\n\n\n\n<p class=\"wp-block-paragraph\">La S\u00faper F\u00f3rmula regresa el viernes a las pistas en Suzuka con dos entrenamientos para la \u00faltima fecha del campeonato y sus tres carreras, dos de ellas el domingo.<\/p>\n\n\n\n<p class=\"wp-block-paragraph\"><strong>CRONOGRAMA S\u00daPER F\u00d3RMULA-SUZUKA (HORA ARGENTINA)<\/strong><\/p>\n\n\n\n<p class=\"wp-block-paragraph\"><strong>Jueves 20\/11<\/strong><\/p>\n\n\n\n<p class=\"wp-block-paragraph\">FP1: 23:05<\/p>\n\n\n\n<p class=\"wp-block-paragraph\"><strong>Viernes 21\/11<\/strong><\/p>\n\n\n\n<p class=\"wp-block-paragraph\">FP2: 2:10<\/p>\n\n\n\n<p class=\"wp-block-paragraph\">Clasificaci\u00f3n carrera 11: 20:00<\/p>\n\n\n\n<p class=\"wp-block-paragraph\">Clasificaci\u00f3n carrera 12: 22:05<\/p>\n\n\n\n<p class=\"wp-block-paragraph\"><strong>S\u00e1bado 22\/11<\/strong><\/p>\n\n\n\n<p class=\"wp-block-paragraph\">Carrera 11: &nbsp;2:30 (27 vueltas)<\/p>\n\n\n\n<p class=\"wp-block-paragraph\">Carrera 10: 21:50 (19 vueltas)<\/p>\n\n\n\n<p class=\"wp-block-paragraph\"><strong>Domingo 23\/11<\/strong><\/p>\n\n\n\n<p class=\"wp-block-paragraph\">Carrera 12: 2:30 (31 vueltas)<\/p>\n","protected":false},"excerpt":{"rendered":"<p>La temporada 2025 de la S\u00faper F\u00f3rmula se termina en Suzuka con tres carreras, una para recuperar la cancelada en Fuji por la niebla, y Sacha Fenestraz buscar\u00e1 terminar el a\u00f1o de la mejor manera posible tras su regreso a Jap\u00f3n. <\/p>\n","protected":false},"author":0,"featured_media":1010378259,"comment_status":"closed","ping_status":"closed","sticky":false,"template":"","format":"standard","meta":{"42wp_featured_image_caption":"","42wp_featured_image_credits":"","42wp_featured_video":"","42wp_featured_image_hidden":false,"42wp_authors_list":[],"footnotes":""},"categories":[45],"tags":[7284,3085,11770,3328,11229,3007,7074,11393,7286,11052,3484,8611,4507,11223,312],"42wp_author":[14237],"class_list":["post-4171","post","type-post","status-publish","format-standard","has-post-thumbnail","hentry","category-super-formula","tag-autopolis","tag-ayumu-iwasa","tag-dandelion-racing","tag-fuji","tag-kakunoshin-ohta","tag-sacha-fenestraz","tag-sho-tsuboi","tag-sugo","tag-super-formula-2","tag-super-gt-2","tag-suzuka","tag-tadasuke-makino","tag-team-mugen","tag-tomoki-nojiri","tag-toyota","42wp_author-gabriel-garcia"],"_links":{"self":[{"href":"https:\/\/grandepremio.com\/es\/wp-json\/wp\/v2\/posts\/4171","targetHints":{"allow":["GET"]}}],"collection":[{"href":"https:\/\/grandepremio.com\/es\/wp-json\/wp\/v2\/posts"}],"about":[{"href":"https:\/\/grandepremio.com\/es\/wp-json\/wp\/v2\/types\/post"}],"replies":[{"embeddable":true,"href":"https:\/\/grandepremio.com\/es\/wp-json\/wp\/v2\/comments?post=4171"}],"version-history":[{"count":0,"href":"https:\/\/grandepremio.com\/es\/wp-json\/wp\/v2\/posts\/4171\/revisions"}],"wp:featuredmedia":[{"embeddable":true,"href":"https:\/\/grandepremio.com\/es\/wp-json\/wp\/v2\/media\/1010378259"}],"wp:attachment":[{"href":"https:\/\/grandepremio.com\/es\/wp-json\/wp\/v2\/media?parent=4171"}],"wp:term":[{"taxonomy":"category","embeddable":true,"href":"https:\/\/grandepremio.com\/es\/wp-json\/wp\/v2\/categories?post=4171"},{"taxonomy":"post_tag","embeddable":true,"href":"https:\/\/grandepremio.com\/es\/wp-json\/wp\/v2\/tags?post=4171"},{"taxonomy":"42wp_author","embeddable":true,"href":"https:\/\/grandepremio.com\/es\/wp-json\/wp\/v2\/42wp_author?post=4171"}],"curies":[{"name":"wp","href":"https:\/\/api.w.org\/{rel}","templated":true}]}}