{"id":4201,"date":"2025-11-17T09:43:18","date_gmt":"2025-11-17T12:43:18","guid":{"rendered":"https:\/\/grandepremio.com\/es\/2025\/11\/17\/mercedes-elogia-russell-antonelli-batallas-coches-mas-rapidos-brasil\/"},"modified":"2025-11-17T09:43:23","modified_gmt":"2025-11-17T12:43:23","slug":"mercedes-elogia-russell-antonelli-batallas-coches-mas-rapidos-brasil","status":"publish","type":"post","link":"https:\/\/grandepremio.com\/es\/f1\/mercedes-elogia-russell-antonelli-batallas-coches-mas-rapidos-brasil\/","title":{"rendered":"Mercedes elogia a Russell y Antonelli por batallas con \u00abcoches m\u00e1s r\u00e1pidos\u00bb en Brasil"},"content":{"rendered":"\n<p class=\"wp-block-paragraph\">Segundos en el <strong>Campeonato de Constructores<\/strong> de <strong>F\u00f3rmula 1<\/strong>, <strong>Mercedes<\/strong> alcanz\u00f3 la mejor posici\u00f3n posible al final de la temporada tras el drama de <strong>Ferrari<\/strong> en el <strong>GP de S\u00e3o Paulo<\/strong>. Ahora, sin embargo, el jefe del equipo, <strong>Toto Wolff<\/strong>, prefiere mantener la calma y esperar que el equipo no tenga un fin de semana sin puntos, como les ocurri\u00f3 a los italianos en <strong>Brasil<\/strong>. Como est\u00edmulo, est\u00e1 el hecho de que <strong>Andrea Kimi Antonelli<\/strong> y <strong>George Russell<\/strong> demostraron su capacidad para competir con otros coches r\u00e1pidos en la ronda de <strong>Interlagos<\/strong>.<\/p>\n\n\n\n<p class=\"wp-block-paragraph\">El rendimiento en Brasil infunde confianza en que la misi\u00f3n se cumplir\u00e1 tras las carreras de <strong>Las Vegas<\/strong>, <strong>Qatar<\/strong> y <strong>Abu Dhabi<\/strong>. Wolff enfatiz\u00f3 que, incluso presionados por coches m\u00e1s potentes, como los de <strong>Max Verstappen<\/strong> y <strong>Oscar Piastri<\/strong>, Antonelli y Russell fueron capaces de luchar y demostraron competitividad.<\/p>\n\n\n\n<p class=\"wp-block-paragraph\">&#8220;Ambos tuvieron que luchar contra un coche r\u00e1pido que ven\u00eda por detr\u00e1s y aguantar&#8221;, declar\u00f3 a <em>Sky Sports<\/em>. &#8220;Eso nos demostr\u00f3 que eran capaces de luchar&#8221;, analiz\u00f3.<\/p>\n\n\n\n<p class=\"wp-block-paragraph\">\ud83d\udfe5&nbsp;<strong><em>\u00a1Todas las novedades te esperan en el canal de&nbsp;<\/em><\/strong><a href=\"https:\/\/www.youtube.com\/@GrandePremioES\"><em>YouTube<\/em><\/a><strong><em>&nbsp;de Grande Pr\u00eamio en Espa\u00f1ol!<\/em><\/strong>&nbsp;\ud83d\udfe8<\/p>\n\n\n\n<figure class=\"wp-block-image size-large\"><img decoding=\"async\" src=\"https:\/\/grandepremio.com\/es\/wp-content\/uploads\/2025\/11\/G5QMp_PW4AAxyLu-1-1024x683.jpeg\" alt=\"\" class=\"wp-image-377102\"\/><figcaption class=\"wp-element-caption\">Toto Wolff valor\u00f3 el resultado de Mercedes en Brasil. (Foto: Mercedes)<\/figcaption><\/figure>\n\n\n\n<p class=\"wp-block-paragraph\">\u23e9\u00a0<strong><em>\u00a1Seguinos en redes por\u00a0<\/em><\/strong><a href=\"https:\/\/twitter.com\/grandepremioES\"><em>Twitter\u00a0<\/em><\/a><strong><em>e\u00a0<\/em><\/strong><a href=\"https:\/\/www.instagram.com\/grandepremioes\/\"><em>Instagram!<br><\/em><\/a>\u23e9\u00a0<strong><em>Adem\u00e1s, tenemos nuestro\u00a0<\/em><\/strong><a href=\"https:\/\/whatsapp.com\/channel\/0029VaDZ5zb0gcfDxuwxBM05\"><em>canal de Whatsapp<\/em><\/a><strong><em>\u00a0con toda la informaci\u00f3n al instante<\/em><\/strong>\u00a0\ud83c\udfc1<\/p>\n\n\n\n<p class=\"wp-block-paragraph\">El excelente fin de semana de Mercedes en el Gran Premio de S\u00e3o Paulo le dio al equipo alem\u00e1n algo que llevaba tiempo buscando esta temporada de F1: una c\u00f3moda ventaja en la clasificaci\u00f3n. Gracias a los buenos resultados de sus pilotos, el equipo de Wolff aprovech\u00f3 el desastroso desempe\u00f1o de Ferrari para hacerse con el segundo puesto, manteniendo una c\u00f3moda ventaja sobre <strong>Red Bull<\/strong>. A falta de tres carreras, las <strong>Flechas Plateadas<\/strong> suman 398 puntos, frente a los 366 de los austr\u00edacos y los 362 de los italianos.<\/p>\n\n\n\n<p class=\"wp-block-paragraph\">Con <strong>McLaren<\/strong> ya asegurado el primer puesto con 756 puntos y dominando el Campeonato de Constructores, el objetivo del equipo de <strong>Brackley<\/strong> es conseguir el bono multimillonario por el segundo lugar. Y si bien esta c\u00f3moda ventaja empieza a brindar cierta tranquilidad, a falta de solo tres carreras, Wolff utiliz\u00f3 el fin de semana de la escuder\u00eda de <strong>Maranello<\/strong> como ejemplo de c\u00f3mo las cosas pueden torcerse en un instante.<\/p>\n\n\n\n<p class=\"wp-block-paragraph\">\u201cTenemos que mantener los pies en la tierra. Puedes tener un fin de semana sin puntos, como le pas\u00f3 a Ferrari, y perder 30 puntos de la noche a la ma\u00f1ana\u201d, explic\u00f3. \u201cAs\u00ed que, a seguir trabajando, sumando puntos en las pr\u00f3ximas carreras. De eso se trata\u201d, concluy\u00f3.<\/p>\n\n\n\n<p class=\"wp-block-paragraph\">La <strong>F\u00f3rmula 1<\/strong> regresar\u00e1 a las pistas esta semana, entre el 21 y el 23 de noviembre, con el <strong>Gran Premio de Las Vegas<\/strong> a desarrollarse en el circuito callejero de la ciudad del estado de <strong>Nevada<\/strong>, en <strong>Estados Unidos<\/strong>.<\/p>\n\n\n\n<figure class=\"wp-block-embed is-type-video is-provider-youtube wp-block-embed-youtube wp-embed-aspect-16-9 wp-has-aspect-ratio\"><div class=\"wp-block-embed__wrapper\">\n<iframe loading=\"lazy\" title=\"OSCAR PIASTRI Y LA CRISIS QUE AMENAZA SU LUCHA POR EL T\u00cdTULO\" width=\"500\" height=\"281\" src=\"https:\/\/www.youtube.com\/embed\/GAGFZBjgajQ?feature=oembed\" frameborder=\"0\" allow=\"accelerometer; autoplay; clipboard-write; encrypted-media; gyroscope; picture-in-picture; web-share\" referrerpolicy=\"strict-origin-when-cross-origin\" allowfullscreen><\/iframe>\n<\/div><\/figure>\n","protected":false},"excerpt":{"rendered":"<p>El jefe de Mercedes, Toto Wolff, predic\u00f3 calma al hablar del segundo puesto de Mercedes en el Campeonato de Constructores, asegurado tras una gran carrera en S\u00e3o Paulo.<\/p>\n","protected":false},"author":0,"featured_media":1001031629,"comment_status":"closed","ping_status":"closed","sticky":false,"template":"","format":"standard","meta":{"42wp_featured_image_caption":"","42wp_featured_image_credits":"","42wp_featured_video":"","42wp_featured_image_hidden":false,"42wp_authors_list":[],"footnotes":""},"categories":[5],"tags":[6800,6812,1710,179,253,1468,474,197,569,11524],"42wp_author":[14240],"class_list":["post-4201","post","type-post","status-publish","format-standard","has-post-thumbnail","hentry","category-f1","tag-andrea-kimi-antonelli","tag-autodromo-jose-carlos-pace","tag-f1-2025","tag-formula-1","tag-george-russell","tag-gp-de-sao-paulo","tag-interlagos","tag-mercedes","tag-toto-wolff","tag-w16","42wp_author-ignacio-bogado"],"_links":{"self":[{"href":"https:\/\/grandepremio.com\/es\/wp-json\/wp\/v2\/posts\/4201","targetHints":{"allow":["GET"]}}],"collection":[{"href":"https:\/\/grandepremio.com\/es\/wp-json\/wp\/v2\/posts"}],"about":[{"href":"https:\/\/grandepremio.com\/es\/wp-json\/wp\/v2\/types\/post"}],"replies":[{"embeddable":true,"href":"https:\/\/grandepremio.com\/es\/wp-json\/wp\/v2\/comments?post=4201"}],"version-history":[{"count":0,"href":"https:\/\/grandepremio.com\/es\/wp-json\/wp\/v2\/posts\/4201\/revisions"}],"wp:featuredmedia":[{"embeddable":true,"href":"https:\/\/grandepremio.com\/es\/wp-json\/wp\/v2\/media\/1001031629"}],"wp:attachment":[{"href":"https:\/\/grandepremio.com\/es\/wp-json\/wp\/v2\/media?parent=4201"}],"wp:term":[{"taxonomy":"category","embeddable":true,"href":"https:\/\/grandepremio.com\/es\/wp-json\/wp\/v2\/categories?post=4201"},{"taxonomy":"post_tag","embeddable":true,"href":"https:\/\/grandepremio.com\/es\/wp-json\/wp\/v2\/tags?post=4201"},{"taxonomy":"42wp_author","embeddable":true,"href":"https:\/\/grandepremio.com\/es\/wp-json\/wp\/v2\/42wp_author?post=4201"}],"curies":[{"name":"wp","href":"https:\/\/api.w.org\/{rel}","templated":true}]}}