{"id":4210,"date":"2025-11-16T11:32:01","date_gmt":"2025-11-16T14:32:01","guid":{"rendered":"https:\/\/grandepremio.com\/es\/2025\/11\/16\/yamaha-confirma-cambio-motor-v4-motogp-2026\/"},"modified":"2025-11-16T11:32:04","modified_gmt":"2025-11-16T14:32:04","slug":"yamaha-confirma-cambio-motor-v4-motogp-2026","status":"publish","type":"post","link":"https:\/\/grandepremio.com\/es\/motogp\/yamaha-confirma-cambio-motor-v4-motogp-2026\/","title":{"rendered":"Yamaha confirma el esperado cambio al motor V4 para la temporada 2026 de MotoGP"},"content":{"rendered":"\n<p class=\"wp-block-paragraph\">Luego de muchas pruebas, y de especulaci\u00f3n, finalmente la <strong>M1 <\/strong>de <strong>Yamaha <\/strong>no tendr\u00e1 m\u00e1s el motor de cuatro cilindros en l\u00ednea, sino el <strong>motor V4<\/strong> que fue probado desde la segunda mitad de a\u00f1o y lo montar\u00e1 desde la temporada 2026 de <strong>MotoGP<\/strong> en todas las motos del fabricante.<\/p>\n\n\n\n<p class=\"wp-block-paragraph\">\ud83d\udfe5&nbsp;<strong><em>\u00a1Todas las novedades te esperan en el canal de&nbsp;<\/em><\/strong><a href=\"https:\/\/www.youtube.com\/@GrandePremioES\"><em>YouTube<\/em><\/a><strong><em>&nbsp;de Grande Pr\u00eamio en Espa\u00f1ol!<\/em><\/strong>&nbsp;\ud83d\udfe8<\/p>\n\n\n\n<p class=\"wp-block-paragraph\">De esta manera, el impulsor saliente se despidi\u00f3 en el <strong>GP de la Comunidad Valenciana<\/strong> con 429 grandes premios disputados, 125 victorias, m\u00e1s de 350 podios, 8 t\u00edtulos de pilotos, 7 de equipos, m\u00e1s otros cinco de constructores. <strong>Valentino Rossi<\/strong>, <strong>Jorge Lorenzo<\/strong> y <strong>Fabio Quartararo<\/strong> alzaron campeonatos con esta configuraci\u00f3n de moto y de motor.<\/p>\n\n\n\n<p class=\"wp-block-paragraph\">Seg\u00fan el comunicado oficial de la casa de Iwata, buscan <strong>\u201crendimiento e innovaci\u00f3n\u201d<\/strong> con <strong>\u201cuna aceleraci\u00f3n mejorada, una mayor precisi\u00f3n en la frenada y una mejor adaptabilidad a los neum\u00e1ticos y requisitos aerodin\u00e1micos m\u00e1s recientes\u201d<\/strong>. Ya desde el martes en los test de postemporada de Valencia, los pilotos lo tendr\u00e1n disponible para el inicio de una nueva etapa.<\/p>\n\n\n\n<p class=\"wp-block-paragraph\"><strong>Takahiro Sumi<\/strong>, director de la divisi\u00f3n de desarrollo de automovilismo de Yamaha, coment\u00f3: <strong>&#8220;El motor de cuatro cilindros en l\u00ednea ha sido fundamental en la filosof\u00eda de Yamaha durante d\u00e9cadas. Nos brind\u00f3 victorias inolvidables y forj\u00f3 nuestra reputaci\u00f3n de precisi\u00f3n y control. Estamos orgullosos de lo que este motor ha logrado y de los pilotos que hicieron historia con \u00e9l, ya que todos ellos han dado forma a nuestro legado en las carreras. El V4 representa un nuevo cap\u00edtulo para Yamaha, uno que combina nuestro &#8220;Esp\u00edritu de Desaf\u00edo&#8221; con nuestro ADN de competici\u00f3n y las soluciones t\u00e9cnicas necesarias para luchar al m\u00e1ximo nivel&#8221;. <\/strong><\/p>\n\n\n\n<figure class=\"wp-block-embed is-type-video is-provider-youtube wp-block-embed-youtube wp-embed-aspect-16-9 wp-has-aspect-ratio\"><div class=\"wp-block-embed__wrapper\">\n<iframe loading=\"lazy\" title=\"OSCAR PIASTRI Y LA CRISIS QUE AMENAZA SU LUCHA POR EL T\u00cdTULO\" width=\"500\" height=\"281\" src=\"https:\/\/www.youtube.com\/embed\/GAGFZBjgajQ?feature=oembed\" frameborder=\"0\" allow=\"accelerometer; autoplay; clipboard-write; encrypted-media; gyroscope; picture-in-picture; web-share\" referrerpolicy=\"strict-origin-when-cross-origin\" allowfullscreen><\/iframe>\n<\/div><\/figure>\n\n\n\n<p class=\"wp-block-paragraph\"><strong>Massimo Bartolini<\/strong>, jefe t\u00e9cnico, dijo: <strong>\u201cLa decisi\u00f3n de adoptar un motor V4 no se tom\u00f3 a la ligera. Como pueden imaginar, el proceso de desarrollo fue exhaustivo. Analizamos cada aspecto del rendimiento, desde la aceleraci\u00f3n hasta el comportamiento en curvas, y concluimos que esta configuraci\u00f3n ofrece las diferencias que esper\u00e1bamos, por lo que tendremos el potencial de convertirlas en ventajas. El V4, aunque todav\u00eda est\u00e1 al inicio de su desarrollo, ofrece lo que necesitamos para dar pasos de gigante y volver a competir al m\u00e1s alto nivel\u201d.<\/strong><\/p>\n\n\n\n<p class=\"wp-block-paragraph\">Bartolini se\u00f1al\u00f3 que el cambio de motor es para alinearse con el nuevo reglamento de 2027: <strong>\u201cEl cambio del motor de cuatro cilindros en l\u00ednea al V4 supone un gran avance para Yamaha, y estamos entusiasmados por seguir perfeccionando el conjunto de cara a 2026 y durante toda la temporada para liberar todo su potencial. El cambio a una configuraci\u00f3n V4 es igualmente estrat\u00e9gico, ya que nos permite posicionarnos para el reglamento t\u00e9cnico de 2027, cuando esta configuraci\u00f3n del motor ofrecer\u00e1 una ventaja en t\u00e9rminos de dise\u00f1o de la moto y desarrollo aerodin\u00e1mico\u201d.<\/strong><\/p>\n\n\n\n<p class=\"wp-block-paragraph\">\u23e9&nbsp;<strong><em>\u00a1Seguinos en redes por&nbsp;<\/em><\/strong><a href=\"https:\/\/twitter.com\/grandepremioES\"><em>Twitter&nbsp;<\/em><\/a><strong><em>e&nbsp;<\/em><\/strong><a href=\"https:\/\/www.instagram.com\/grandepremioes\/\"><em>Instagram!<br><\/em><\/a>\u23e9&nbsp;<strong><em>Adem\u00e1s, tenemos nuestro&nbsp;<\/em><\/strong><a href=\"https:\/\/whatsapp.com\/channel\/0029VaDZ5zb0gcfDxuwxBM05\"><em>canal de Whatsapp<\/em><\/a><strong><em>&nbsp;con toda la informaci\u00f3n al instante<\/em><\/strong>&nbsp;\ud83c\udfc1<\/p>\n\n\n\n<p class=\"wp-block-paragraph\">MotoGP comenzar\u00e1 su campeonato 2026 en Tailandia el primer d\u00eda de marzo, aunque resta una actividad para el 2025 y el test de postemporada en Valencia del martes 18 de noviembre.<\/p>\n","protected":false},"excerpt":{"rendered":"<p>Antes de la disputa del Gran Premio de la Comunidad Valenciana, Yamaha dio a conocer que dejar\u00e1 el motor de cuatro cilindros en l\u00ednea de la M1 para incluir el V4 desde el a\u00f1o que viene, luego de las sucesivas pruebas realizadas este a\u00f1o en MotoGP. <\/p>\n","protected":false},"author":0,"featured_media":1010377854,"comment_status":"closed","ping_status":"closed","sticky":false,"template":"","format":"standard","meta":{"42wp_featured_image_caption":"","42wp_featured_image_credits":"","42wp_featured_video":"","42wp_featured_image_hidden":false,"42wp_authors_list":[],"footnotes":""},"categories":[8],"tags":[1306,1834,1889,2184,11682,1293,12486,10793,1295,1309],"42wp_author":[14237],"class_list":["post-4210","post","type-post","status-publish","format-standard","has-post-thumbnail","hentry","category-motogp","tag-fabio-quartararo","tag-gp-de-la-comunidad-valenciana","tag-jorge-lorenzo","tag-m1","tag-massimo-bartolini","tag-motogp","tag-motor-v4","tag-takahiro-sumi","tag-valentino-rossi","tag-yamaha","42wp_author-gabriel-garcia"],"_links":{"self":[{"href":"https:\/\/grandepremio.com\/es\/wp-json\/wp\/v2\/posts\/4210","targetHints":{"allow":["GET"]}}],"collection":[{"href":"https:\/\/grandepremio.com\/es\/wp-json\/wp\/v2\/posts"}],"about":[{"href":"https:\/\/grandepremio.com\/es\/wp-json\/wp\/v2\/types\/post"}],"replies":[{"embeddable":true,"href":"https:\/\/grandepremio.com\/es\/wp-json\/wp\/v2\/comments?post=4210"}],"version-history":[{"count":0,"href":"https:\/\/grandepremio.com\/es\/wp-json\/wp\/v2\/posts\/4210\/revisions"}],"wp:featuredmedia":[{"embeddable":true,"href":"https:\/\/grandepremio.com\/es\/wp-json\/wp\/v2\/media\/1010377854"}],"wp:attachment":[{"href":"https:\/\/grandepremio.com\/es\/wp-json\/wp\/v2\/media?parent=4210"}],"wp:term":[{"taxonomy":"category","embeddable":true,"href":"https:\/\/grandepremio.com\/es\/wp-json\/wp\/v2\/categories?post=4210"},{"taxonomy":"post_tag","embeddable":true,"href":"https:\/\/grandepremio.com\/es\/wp-json\/wp\/v2\/tags?post=4210"},{"taxonomy":"42wp_author","embeddable":true,"href":"https:\/\/grandepremio.com\/es\/wp-json\/wp\/v2\/42wp_author?post=4210"}],"curies":[{"name":"wp","href":"https:\/\/api.w.org\/{rel}","templated":true}]}}