{"id":4221,"date":"2025-11-15T09:42:34","date_gmt":"2025-11-15T12:42:34","guid":{"rendered":"https:\/\/grandepremio.com\/es\/2025\/11\/15\/fernandez-logra-segunda-pole-moto3-2025-valencia-morelli-perrone\/"},"modified":"2025-11-15T10:06:16","modified_gmt":"2025-11-15T13:06:16","slug":"fernandez-logra-segunda-pole-moto3-2025-valencia-morelli-perrone","status":"publish","type":"post","link":"https:\/\/grandepremio.com\/es\/motogp\/fernandez-logra-segunda-pole-moto3-2025-valencia-morelli-perrone\/","title":{"rendered":"Fern\u00e1ndez logra su segunda pole de Moto3 2025 en Valencia; Morelli, 5\u00b0 y Perrone, 8\u00b0"},"content":{"rendered":"\n<p class=\"wp-block-paragraph\">Con un tiempo de 1:36.990, <strong>Adri\u00e1n Fern\u00e1ndez<\/strong> se qued\u00f3 con la \u00faltima pole del 2025 de <strong>Moto3 <\/strong>en el <strong>GP de la Comunidad Valenciana<\/strong>, donde super\u00f3 a su compa\u00f1ero de equipo, <strong>David Almansa<\/strong>, por casi dos d\u00e9cimas. De este modo, el Leopard Racing se asegur\u00f3 el 1-2 y <strong>M\u00e1ximo Quiles<\/strong> fue la mejor <strong>KTM <\/strong>en tercero.<\/p>\n\n\n\n<p class=\"wp-block-paragraph\">Los pilotos que representan a la Argentina tuvieron una fant\u00e1stica sesi\u00f3n de Q2, ya que <strong>Marco Morelli<\/strong>, a rueda de Almansa, logr\u00f3 una vuelta que lo clasific\u00f3 quinto, en su mejor actuaci\u00f3n en la categor\u00eda, en tanto que <strong>Valent\u00edn Perrone<\/strong> se vio beneficiado de una vuelta borrada a <strong>Taiyo Furusato<\/strong> para quedar octavo colocado.<\/p>\n\n\n\n<p class=\"wp-block-paragraph\">Por su parte, el resto de los pilotos que terminaron dentro de los diez primeros fueron: Luca Lunetta, <strong>\u00c1lvaro Carpe<\/strong>, Stefano Nepa, el m\u00e1s veloz de la Q1 de la clasificaci\u00f3n, Furusato y <strong>\u00c1ngel Piqueras<\/strong>.<\/p>\n\n\n\n<p class=\"wp-block-paragraph\">\u23e9&nbsp;<strong><em>\u00a1Seguinos en redes por&nbsp;<\/em><\/strong><a href=\"https:\/\/twitter.com\/grandepremioES\"><em>Twitter&nbsp;<\/em><\/a><strong><em>e&nbsp;<\/em><\/strong><a href=\"https:\/\/www.instagram.com\/grandepremioes\/\"><em>Instagram!<br><\/em><\/a>\u23e9&nbsp;<strong><em>Adem\u00e1s, tenemos nuestro&nbsp;<\/em><\/strong><a href=\"https:\/\/whatsapp.com\/channel\/0029VaDZ5zb0gcfDxuwxBM05\"><em>canal de Whatsapp<\/em><\/a><strong><em>&nbsp;con toda la informaci\u00f3n al instante<\/em><\/strong>&nbsp;\ud83c\udfc1<\/p>\n\n\n\n<p class=\"wp-block-paragraph\">Moto3 regresar\u00e1 a las pistas ma\u00f1ana para la disputa de la \u00faltima carrera del a\u00f1o desde las 7:00, hora de Brasilia y Buenos Aires, a 20 vueltas en el Circuito Ricardo Tormo de Valencia. GRANDE PR\u00caMIO tiene la cobertura completa.<\/p>\n\n\n\n<figure class=\"wp-block-image size-full\"><img decoding=\"async\" src=\"https:\/\/grandepremio.com\/es\/wp-content\/uploads\/..\/gp_br_uploads\/2025\/11\/DSC3099.jpg\" alt=\"\" class=\"wp-image-377648\"\/><figcaption class=\"wp-element-caption\">David Almansa complet\u00f3 el 1-2 para Honda en la clasificaci\u00f3n de Valencia en Moto3. (Foto: AFP)<\/figcaption><\/figure>\n\n\n\n<p class=\"wp-block-paragraph\"><strong><u>As\u00ed se desarroll\u00f3 la clasificaci\u00f3n de Moto3 en Valencia:<\/u><\/strong><\/p>\n\n\n\n<p class=\"wp-block-paragraph\">El cielo en Cheste dio paso a las nubes tras la clasificaci\u00f3n de <strong>MotoGP <\/strong>y la temperatura era de 20 grados cent\u00edgrados en la pista y de 18 en el asfalto, con 3 km\/h de vientos y una humedad del 54%. La Q1, entonces, comenzaba con cuatro cupos disponibles para la Q2. \u00a0<\/p>\n\n\n\n<p class=\"wp-block-paragraph\">R\u00e1pidamente, los pilotos fueron saliendo de la zona de boxes para marcar tiempos y as\u00ed lo hizo Nicola Carraro, que qued\u00f3 al frente con 1:37.958, seguido de <strong>Stefano Nepa<\/strong>, Jacob Roulstone y Hakim Danish.<\/p>\n\n\n\n<p class=\"wp-block-paragraph\">Sin embargo, los tiempos siguieron bajando y Nepa marc\u00f3 1:37.925 para liderar la primera parte de la clasificaci\u00f3n. Luego de esto, el italiano mejor\u00f3 nuevamente a 1:37.450, que nadie pudo bajar. Brian Uriarte se coloc\u00f3 segundo, <strong>Dennis Foggia<\/strong> en tercero y Hakim Danish en cuarto, los que pasaron a la Q2.<\/p>\n\n\n\n<figure class=\"wp-block-image size-large\"><img decoding=\"async\" src=\"https:\/\/grandepremio.com\/cdn-cgi\/image\/width=893,height=558,fit=contain,gravity=0.5x0.5,quality=75,format=webp\/es\/wp-content\/uploads\/2025\/11\/image-16-1024x504.png\" alt=\"\" class=\"wp-image-377668\"\/><figcaption class=\"wp-element-caption\">Marco Morelli alcanz\u00f3 su mejor clasificaci\u00f3n en Moto3 con el 5\u00b0 puesto en Valencia. (Foto: Reproducci\u00f3n)<\/figcaption><\/figure>\n\n\n\n<p class=\"wp-block-paragraph\"><strong>Q2: Fern\u00e1ndez aparece al final y consigue la pole en Valencia.<\/strong><\/p>\n\n\n\n<p class=\"wp-block-paragraph\">La Q2 comenz\u00f3 con nubes que cubr\u00edan el circuito espa\u00f1ol y poca actividad en la pista. Como resultado, Taiyo Furusato tom\u00f3 la delantera de inmediato, con un tiempo de 1:38.041, seguido de <strong>Guido Pini<\/strong>. A continuaci\u00f3n, Adri\u00e1n Fern\u00e1ndez se puso al frente de la sesi\u00f3n con un tiempo de 1:37.282, y los pilotos comenzaron a salir en la segunda parte de la tanda, buscando agruparse y mejorar los tiempos que ya se hab\u00edan marcado. <\/p>\n\n\n\n<p class=\"wp-block-paragraph\">Poco despu\u00e9s, M\u00e1ximo Quiles trep\u00f3 hasta el mejor puesto con 1:37.165, pero David Almansa ten\u00eda otros planes y quer\u00eda la pole en 1:37.126.<\/p>\n\n\n\n<p class=\"wp-block-paragraph\">Notablemente, Marco Morelli era cuarto tras una excelente vuelta, en lo que fue su mejor clasificaci\u00f3n en la categor\u00eda con la <strong>Honda <\/strong>del equipo de Michael Laverty. Pese a esto, termin\u00f3 quinto, porque Adri\u00e1n Fern\u00e1ndez marc\u00f3 una gran vuelta de pole en 1:36.990, que ya nadie pudo batir.<\/p>\n\n\n\n<p class=\"wp-block-paragraph\">Fern\u00e1ndez y Almansa coparon la Q2 con el 1-2 para el equipo <strong>Leopard Racing<\/strong>, mientras que Quiles fue tercero, a 0.175s. <strong>Luca Lunetta<\/strong> ascendi\u00f3 sobre el final hasta la cuarta posici\u00f3n, a 0.261s del espa\u00f1ol. Morelli, Carpe, Nepa, Perrone, que no pudo mejorar en su segundo intento, Furusato y Piqueras completaron los diez primeros.<\/p>\n\n\n\n<h2 class=\"wp-block-heading\" id=\"h-moto3-2025-gp-da-comunidade-valenciana-valencia-grid-de-largada\">Moto3 2025, GP de Valencia, Clasificaci\u00f3n:<\/h2>\n\n\n\n<figure class=\"wp-block-table\"><table class=\"has-fixed-layout\"><tbody><tr><td>Pos<\/td><td>Piloto<\/td><td>Equipo<\/td><td>Tiempo<\/td><td>Dif<\/td><\/tr><tr><td>1<\/td><td>A FERN\u00c1NDEZ<\/td><td>Leopard<\/td><td>1:36.990<\/td><td>&nbsp;<\/td><\/tr><tr><td>2<\/td><td>D ALMANSA<\/td><td>Leopard<\/td><td>1:37.126<\/td><td>+0.136<\/td><\/tr><tr><td>3<\/td><td>M QUILES<\/td><td>Aspar<\/td><td>1:37.165<\/td><td>+0.175<\/td><\/tr><tr><td>4<\/td><td>L LUNETTA<\/td><td>SIC58<\/td><td>1:37.251<\/td><td>+0.261<\/td><\/tr><tr><td>5<\/td><td>M MORELLI<\/td><td>Mlav<\/td><td>1:37.296<\/td><td>+0.306<\/td><\/tr><tr><td>6<\/td><td>A CARPE<\/td><td>Red Bull KTM Ajo<\/td><td>1:37.390<\/td><td>+0.400<\/td><\/tr><tr><td>7<\/td><td>S NEPA<\/td><td>SIC58<\/td><td>1:37.401<\/td><td>+0.411<\/td><\/tr><tr><td>8<\/td><td>V PERRONE<\/td><td>Red Bull KTM Tech3<\/td><td>1:37.424<\/td><td>+0.434<\/td><\/tr><tr><td>9<\/td><td>T FURUSATO<\/td><td>Honda Team Asia<\/td><td>1:37.459<\/td><td>+0.469<\/td><\/tr><tr><td>10<\/td><td>A PIQUERAS<\/td><td>Msi<\/td><td>1:37.468<\/td><td>+0.478<\/td><\/tr><tr><td>11<\/td><td>A CRUCES<\/td><td>Aspar<\/td><td>1:37.489<\/td><td>+0.499<\/td><\/tr><tr><td>12<\/td><td>J KELSO<\/td><td>LevelUp MTA<\/td><td>1:37.500<\/td><td>+0.510<\/td><\/tr><tr><td>13<\/td><td>B URIARTE<\/td><td>Intact GP<\/td><td>1:37.642<\/td><td>+0.652<\/td><\/tr><tr><td>14<\/td><td>D FOGGIA<\/td><td>Aspar<\/td><td>1:37.702<\/td><td>+0.712<\/td><\/tr><tr><td>15<\/td><td>C O\u2019GORMAN<\/td><td>Intact GP<\/td><td>1:37.740<\/td><td>+0.750<\/td><\/tr><tr><td>16<\/td><td>J R\u00cdOS<\/td><td>Snipers<\/td><td>1:37.777<\/td><td>+0.787<\/td><\/tr><tr><td>17<\/td><td>G PINI<\/td><td>Intact GP<\/td><td>1:37.852<\/td><td>+0.862<\/td><\/tr><tr><td>18<\/td><td>H DANISH<\/td><td>Msi<\/td><td>1:37.987<\/td><td>+0.997<\/td><\/tr><tr><td>19<\/td><td>S OGDEN<\/td><td>CIP Green Power<\/td><td>1:37.806<\/td><td>+0.816<\/td><\/tr><tr><td>20<\/td><td>N CARRARO<\/td><td>Snipers<\/td><td>1:37.958<\/td><td>+0.968<\/td><\/tr><tr><td>21<\/td><td>M BERTELLE<\/td><td>LevelUp MTA<\/td><td>1:38.086<\/td><td>+1.096<\/td><\/tr><tr><td>22<\/td><td>R MOODLEY<\/td><td>BOE<\/td><td>1:38.089<\/td><td>+1.099<\/td><\/tr><tr><td>23<\/td><td>J ROULSTONE<\/td><td>Red Bull KTM Tech3<\/td><td>1:38.191<\/td><td>+1.201<\/td><\/tr><tr><td>24<\/td><td>Z MITANI<\/td><td>Honda Team Asia<\/td><td>1:38.240<\/td><td>+1.250<\/td><\/tr><tr><td>25<\/td><td>E O\u2019SHEA<\/td><td>Mlav<\/td><td>1:38.500<\/td><td>+1.510<\/td><\/tr><tr><td>26<\/td><td>C BUCHANAN<\/td><td>BOE<\/td><td>1:38.856<\/td><td>+1.866<\/td><\/tr><\/tbody><\/table><\/figure>\n","protected":false},"excerpt":{"rendered":"<p>Se llev\u00f3 a cabo la \u00faltima clasificaci\u00f3n de la temporada 2025 de Moto3 en el marco del Gran Premio de la Comunidad Valenciana, donde Adri\u00e1n Fern\u00e1ndez super\u00f3 a su compa\u00f1ero, David Almansa, para quedarse con el mejor tiempo. Marco Morelli tuvo una gran actuaci\u00f3n en quinto puesto y Valent\u00edn Perrone acab\u00f3 octavo. <\/p>\n","protected":false},"author":0,"featured_media":1010377659,"comment_status":"closed","ping_status":"closed","sticky":false,"template":"","format":"standard","meta":{"42wp_featured_image_caption":"","42wp_featured_image_credits":"","42wp_featured_video":"","42wp_featured_image_hidden":false,"42wp_authors_list":[],"footnotes":""},"categories":[8],"tags":[3361,12069,11778,12070,12079,1834,12072,221,1381,12073,12076,12666,11777,1366,1293,12080,12084,10848],"42wp_author":[14237],"class_list":["post-4221","post","type-post","status-publish","format-standard","has-post-thumbnail","hentry","category-motogp","tag-adrian-fernandez","tag-alvaro-carpe","tag-angel-piqueras","tag-david-almansa","tag-dennis-foggia","tag-gp-de-la-comunidad-valenciana","tag-guido-pini","tag-honda","tag-ktm","tag-leopard-racing","tag-luca-lunetta","tag-marco-morelli","tag-maximo-quiles","tag-moto3","tag-motogp","tag-stefano-nepa","tag-taiyo-furusato","tag-valentin-perrone","42wp_author-gabriel-garcia"],"_links":{"self":[{"href":"https:\/\/grandepremio.com\/es\/wp-json\/wp\/v2\/posts\/4221","targetHints":{"allow":["GET"]}}],"collection":[{"href":"https:\/\/grandepremio.com\/es\/wp-json\/wp\/v2\/posts"}],"about":[{"href":"https:\/\/grandepremio.com\/es\/wp-json\/wp\/v2\/types\/post"}],"replies":[{"embeddable":true,"href":"https:\/\/grandepremio.com\/es\/wp-json\/wp\/v2\/comments?post=4221"}],"version-history":[{"count":0,"href":"https:\/\/grandepremio.com\/es\/wp-json\/wp\/v2\/posts\/4221\/revisions"}],"wp:featuredmedia":[{"embeddable":true,"href":"https:\/\/grandepremio.com\/es\/wp-json\/wp\/v2\/media\/1010377659"}],"wp:attachment":[{"href":"https:\/\/grandepremio.com\/es\/wp-json\/wp\/v2\/media?parent=4221"}],"wp:term":[{"taxonomy":"category","embeddable":true,"href":"https:\/\/grandepremio.com\/es\/wp-json\/wp\/v2\/categories?post=4221"},{"taxonomy":"post_tag","embeddable":true,"href":"https:\/\/grandepremio.com\/es\/wp-json\/wp\/v2\/tags?post=4221"},{"taxonomy":"42wp_author","embeddable":true,"href":"https:\/\/grandepremio.com\/es\/wp-json\/wp\/v2\/42wp_author?post=4221"}],"curies":[{"name":"wp","href":"https:\/\/api.w.org\/{rel}","templated":true}]}}