{"id":4271,"date":"2025-11-11T14:49:39","date_gmt":"2025-11-11T17:49:39","guid":{"rendered":"https:\/\/grandepremio.com\/es\/2025\/11\/11\/red-bull-anuncia-fecha-oficial-inicio-ford-formula-1\/"},"modified":"2025-11-11T14:49:43","modified_gmt":"2025-11-11T17:49:43","slug":"red-bull-anuncia-fecha-oficial-inicio-ford-formula-1","status":"publish","type":"post","link":"https:\/\/grandepremio.com\/es\/f1\/red-bull-anuncia-fecha-oficial-inicio-ford-formula-1\/","title":{"rendered":"Red Bull anuncia la fecha oficial de inicio de su colaboraci\u00f3n con Ford en la F\u00f3rmula 1"},"content":{"rendered":"\n<p class=\"wp-block-paragraph\">Tras la disputa del <strong>GP de Sao Paulo<\/strong> de la<strong> F\u00f3rmula 1<\/strong>, el equipo <strong>Red Bull<\/strong> anunci\u00f3 este martes que presentar\u00e1 los dise\u00f1os de ambas escuder\u00edas, la principal y la de <strong>Racing Bulls<\/strong>, el 15 de enero, para el comienzo de la asociaci\u00f3n con <strong>Ford <\/strong>para la provisi\u00f3n de unidades de potencia desde el a\u00f1o venidero.<\/p>\n\n\n\n<p class=\"wp-block-paragraph\">\ud83d\udfe5&nbsp;<strong><em>\u00a1Todas las novedades te esperan en el canal de&nbsp;<\/em><\/strong><a href=\"https:\/\/www.youtube.com\/@GrandePremioES\"><em>YouTube<\/em><\/a><strong><em>&nbsp;de Grande Pr\u00eamio en Espa\u00f1ol!<\/em><\/strong>&nbsp;\ud83d\udfe8<\/p>\n\n\n\n<p class=\"wp-block-paragraph\">La presentaci\u00f3n ser\u00e1 en el marco de un evento del fabricante estadounidense en la ciudad de <strong>Detroit<\/strong>, que es la sede de Ford y de buena parte de la industria automotriz de Estados Unidos. <strong>Laurent Mekies<\/strong>, el jefe del equipo austr\u00edaco, celebr\u00f3 la confirmaci\u00f3n del evento.<\/p>\n\n\n\n<p class=\"wp-block-paragraph\"><strong>&#8220;El inicio de la era de los motores Red Bull Ford no solo representa un paso audaz hacia el futuro, sino tambi\u00e9n una poderosa expresi\u00f3n de lo que es posible cuando se unen ingenier\u00eda de primer nivel, innovaci\u00f3n y pasi\u00f3n. Ver la energ\u00eda, la precisi\u00f3n y la magnitud de este proyecto es inspirador&#8221;<\/strong>, declar\u00f3 Mekies.<\/p>\n\n\n\n<figure class=\"wp-block-embed is-type-video is-provider-youtube wp-block-embed-youtube wp-embed-aspect-16-9 wp-has-aspect-ratio\"><div class=\"wp-block-embed__wrapper\">\n<iframe loading=\"lazy\" title=\"NORRIS GANA EN BRASIL Y SE ENCAMINA AL T\u00cdTULO DE F1\" width=\"500\" height=\"281\" src=\"https:\/\/www.youtube.com\/embed\/XrO_d4xANik?feature=oembed\" frameborder=\"0\" allow=\"accelerometer; autoplay; clipboard-write; encrypted-media; gyroscope; picture-in-picture; web-share\" referrerpolicy=\"strict-origin-when-cross-origin\" allowfullscreen><\/iframe>\n<\/div><\/figure>\n\n\n\n<p class=\"wp-block-paragraph\">A su vez, el directivo agreg\u00f3: <strong>\u201cEsto es la culminaci\u00f3n de varios a\u00f1os de colaboraci\u00f3n entre dos grandes nombres del automovilismo. Estamos muy emocionados de comenzar este nuevo cap\u00edtulo, impulsados \u200b\u200bpor la misma determinaci\u00f3n y excelencia que definen tanto a Ford como a Red Bull\u201d.<\/strong><\/p>\n\n\n\n<p class=\"wp-block-paragraph\"><strong>Jim Farley,<\/strong> presidente y director ejecutivo de Ford, se\u00f1al\u00f3: <strong>\u201cDesde que anunciamos nuestro regreso a la F1 con Red Bull, el equipo Ford ha estado trabajando d\u00eda y noche para prepararse para 2026. Pero esto es mucho m\u00e1s que solo competir. Se trata de c\u00f3mo utilizaremos lo que hemos aprendido en la F1 para mejorar nuestros autos y camionetas para nuestros clientes. Lo que aprendamos junto con Red Bull definir\u00e1 las tecnolog\u00edas del futuro, y eso es lo que m\u00e1s me entusiasma de esta alianza\u201d.<\/strong><\/p>\n\n\n\n<p class=\"wp-block-paragraph\">\u23e9&nbsp;<strong><em>\u00a1Seguinos en redes por&nbsp;<\/em><\/strong><a href=\"https:\/\/twitter.com\/grandepremioES\"><em>Twitter&nbsp;<\/em><\/a><strong><em>e&nbsp;<\/em><\/strong><a href=\"https:\/\/www.instagram.com\/grandepremioes\/\"><em>Instagram!<br><\/em><\/a>\u23e9&nbsp;<strong><em>Adem\u00e1s, tenemos nuestro&nbsp;<\/em><\/strong><a href=\"https:\/\/whatsapp.com\/channel\/0029VaDZ5zb0gcfDxuwxBM05\"><em>canal de Whatsapp<\/em><\/a><strong><em>&nbsp;con toda la informaci\u00f3n al instante<\/em><\/strong>&nbsp;\ud83c\udfc1<\/p>\n\n\n\n<p class=\"wp-block-paragraph\">La F\u00f3rmula 1 se toma un breve descanso y regresar\u00e1 entre el 21 y el 23 de noviembre con el Gran Premio de Las Vegas, en el circuito urbano instalado en la ciudad ubicada en Nevada, en los Estados Unidos.<\/p>\n","protected":false},"excerpt":{"rendered":"<p>El equipo Red Bull anunci\u00f3 este martes que presentar\u00e1 los dise\u00f1os de los dos autos para la pr\u00f3xima temporada en un evento en la ciudad de Detroit el 15 de enero, de cara al inicio de su asociaci\u00f3n con Ford en la F\u00f3rmula 1. <\/p>\n","protected":false},"author":0,"featured_media":1010377170,"comment_status":"closed","ping_status":"closed","sticky":false,"template":"","format":"standard","meta":{"42wp_featured_image_caption":"","42wp_featured_image_credits":"","42wp_featured_video":"","42wp_featured_image_hidden":false,"42wp_authors_list":[],"footnotes":""},"categories":[5],"tags":[1359,2111,179,1491,9787,1753,9812,206],"42wp_author":[14237],"class_list":["post-4271","post","type-post","status-publish","format-standard","has-post-thumbnail","hentry","category-f1","tag-detroit","tag-ford","tag-formula-1","tag-gp-de-sao-paulo-2","tag-jim-farley","tag-laurent-mekies","tag-racing-bulls","tag-red-bull","42wp_author-gabriel-garcia"],"_links":{"self":[{"href":"https:\/\/grandepremio.com\/es\/wp-json\/wp\/v2\/posts\/4271","targetHints":{"allow":["GET"]}}],"collection":[{"href":"https:\/\/grandepremio.com\/es\/wp-json\/wp\/v2\/posts"}],"about":[{"href":"https:\/\/grandepremio.com\/es\/wp-json\/wp\/v2\/types\/post"}],"replies":[{"embeddable":true,"href":"https:\/\/grandepremio.com\/es\/wp-json\/wp\/v2\/comments?post=4271"}],"version-history":[{"count":0,"href":"https:\/\/grandepremio.com\/es\/wp-json\/wp\/v2\/posts\/4271\/revisions"}],"wp:featuredmedia":[{"embeddable":true,"href":"https:\/\/grandepremio.com\/es\/wp-json\/wp\/v2\/media\/1010377170"}],"wp:attachment":[{"href":"https:\/\/grandepremio.com\/es\/wp-json\/wp\/v2\/media?parent=4271"}],"wp:term":[{"taxonomy":"category","embeddable":true,"href":"https:\/\/grandepremio.com\/es\/wp-json\/wp\/v2\/categories?post=4271"},{"taxonomy":"post_tag","embeddable":true,"href":"https:\/\/grandepremio.com\/es\/wp-json\/wp\/v2\/tags?post=4271"},{"taxonomy":"42wp_author","embeddable":true,"href":"https:\/\/grandepremio.com\/es\/wp-json\/wp\/v2\/42wp_author?post=4271"}],"curies":[{"name":"wp","href":"https:\/\/api.w.org\/{rel}","templated":true}]}}