{"id":4300,"date":"2025-11-10T08:37:07","date_gmt":"2025-11-10T11:37:07","guid":{"rendered":"https:\/\/grandepremio.com\/es\/2025\/11\/10\/tech3-anuncia-recuperacion-regreso-vinales-gp-comunidad-valenciana\/"},"modified":"2025-11-10T10:11:17","modified_gmt":"2025-11-10T13:11:17","slug":"tech3-anuncia-recuperacion-regreso-vinales-gp-comunidad-valenciana","status":"publish","type":"post","link":"https:\/\/grandepremio.com\/es\/motogp\/tech3-anuncia-recuperacion-regreso-vinales-gp-comunidad-valenciana\/","title":{"rendered":"Vi\u00f1ales regresa a Tech3: su esperado retorno en el GP de Valencia tras la lesi\u00f3n"},"content":{"rendered":"\n<p class=\"wp-block-paragraph\">Tras una semana m\u00e1s de recuperaci\u00f3n de su lesi\u00f3n en el hombro izquierdo, <strong>Maverick Vi\u00f1ales<\/strong> volver\u00e1 a la acci\u00f3n en la \u00faltima prueba de la <strong>temporada 2025<\/strong> de <strong>MotoGP<\/strong>. El espa\u00f1ol fue confirmado este lunes por <strong>Tech3<\/strong> y competir\u00e1 en el <strong>GP de la Comunidad Valenciana<\/strong>, que cierra la temporada este fin de semana.<\/p>\n\n\n\n<p class=\"wp-block-paragraph\">\u00abTras perderse las tres \u00faltimas carreras para centrarse en la recuperaci\u00f3n de su lesi\u00f3n de hombro, Vi\u00f1ales est\u00e1 finalmente listo para volver a la pista en Valencia esta semana para la \u00faltima carrera de la temporada. \u00a1Bienvenido de nuevo, Mav!\u00bb, public\u00f3 el equipo franc\u00e9s en redes sociales.<\/p>\n\n\n\n<p class=\"wp-block-paragraph\">\ud83d\udfe5&nbsp;<strong><em>\u00a1Todas las novedades te esperan en el canal de&nbsp;<\/em><\/strong><a href=\"https:\/\/www.youtube.com\/@GrandePremioES\"><em>YouTube<\/em><\/a><strong><em>&nbsp;de Grande Pr\u00eamio en Espa\u00f1ol!<\/em><\/strong>&nbsp;\ud83d\udfe8<\/p>\n\n\n\n<figure class=\"wp-block-image size-full\"><img decoding=\"async\" src=\"https:\/\/grandepremio.com\/es\/wp-content\/uploads\/2025\/08\/AFP__20250711__66HP3PV__v1__MidRes__MotoPrixGerMotogpPractice.webp\" alt=\"\" class=\"wp-image-357542\"\/><figcaption class=\"wp-element-caption\">Maverick Vi\u00f1ales se lesion\u00f3 el hombro en un accidente en Alemania (Foto: AFP)<\/figcaption><\/figure>\n\n\n\n<p class=\"wp-block-paragraph\">\u23e9\u00a0<strong><em>\u00a1Seguinos en redes por\u00a0<\/em><\/strong><a href=\"https:\/\/twitter.com\/grandepremioES\"><em>Twitter\u00a0<\/em><\/a><strong><em>e\u00a0<\/em><\/strong><a href=\"https:\/\/www.instagram.com\/grandepremioes\/\"><em>Instagram!<br><\/em><\/a>\u23e9\u00a0<strong><em>Adem\u00e1s, tenemos nuestro\u00a0<\/em><\/strong><a href=\"https:\/\/whatsapp.com\/channel\/0029VaDZ5zb0gcfDxuwxBM05\"><em>canal de Whatsapp<\/em><\/a><strong><em>\u00a0con toda la informaci\u00f3n al instante<\/em><\/strong>\u00a0\ud83c\udfc1<\/p>\n\n\n\n<p class=\"wp-block-paragraph\">El \u2018Top Gun\u2019 se lesion\u00f3 el hombro izquierdo en un accidente durante la clasificaci\u00f3n en <strong>Alemania<\/strong> y necesit\u00f3 cirug\u00eda. Incluso intent\u00f3 regresar en <strong>Austria<\/strong>, pero el dolor le impidi\u00f3 seguir compitiendo y acab\u00f3 retir\u00e1ndose de la prueba en el <strong>Red Bull Ring<\/strong>. Su regreso se produjo en <strong>Catalu\u00f1a<\/strong>, pero Vi\u00f1ales a\u00fan estaba lejos de estar al 100%.<\/p>\n\n\n\n<p class=\"wp-block-paragraph\">Maverick intent\u00f3 regresar en <strong>Indonesia<\/strong>, pero una vez m\u00e1s decidi\u00f3 que no merec\u00eda la pena y acab\u00f3 abandonando la carrera, manteni\u00e9ndose alejado de MotoGP desde entonces. El periodo de descanso fue un intento por acelerar su recuperaci\u00f3n de la lesi\u00f3n.<\/p>\n\n\n\n<p class=\"wp-block-paragraph\">Vi\u00f1ales, quien fue sustituido por el piloto de pruebas de <strong>KTM<\/strong>, <strong>Pol Espargar\u00f3<\/strong>, en las \u00faltimas carreras, est\u00e1 teniendo una temporada 2025 discreta. Con solo 72 puntos, el espa\u00f1ol ocupa la 17\u00aa posici\u00f3n en el <strong>Campeonato del Mundo<\/strong>. <strong>Enea Bastianini<\/strong>, su compa\u00f1ero de equipo en Tech3, es 14\u00b0, con 106 puntos.<\/p>\n\n\n\n<p class=\"wp-block-paragraph\"><strong>MotoGP<\/strong> regresa a la acci\u00f3n entre el 14 y el 16 de noviembre con el <strong>GP de la Comunidad Valenciana<\/strong>, que se disputar\u00e1 en el <strong>Circuito Ricardo Tormo<\/strong> de <strong>Valencia<\/strong>, la 22\u00aa y \u00faltima prueba de la <strong>temporada 2025<\/strong>.<\/p>\n\n\n\n<figure class=\"wp-block-embed is-type-video is-provider-youtube wp-block-embed-youtube wp-embed-aspect-16-9 wp-has-aspect-ratio\"><div class=\"wp-block-embed__wrapper\">\n<iframe loading=\"lazy\" title=\"NORRIS GANA EN BRASIL Y SE ENCAMINA AL T\u00cdTULO DE F1\" width=\"500\" height=\"281\" src=\"https:\/\/www.youtube.com\/embed\/XrO_d4xANik?feature=oembed\" frameborder=\"0\" allow=\"accelerometer; autoplay; clipboard-write; encrypted-media; gyroscope; picture-in-picture; web-share\" referrerpolicy=\"strict-origin-when-cross-origin\" allowfullscreen><\/iframe>\n<\/div><\/figure>\n","protected":false},"excerpt":{"rendered":"<p>Maverick Vi\u00f1ales sufri\u00f3 una lesi\u00f3n en el hombro izquierdo en Alemania y necesit\u00f3 cirug\u00eda. Intent\u00f3 regresar antes, pero el dolor lo oblig\u00f3 a estar de baja, y Pol Espargar\u00f3 ocup\u00f3 su lugar en las \u00faltimas carreras.<\/p>\n","protected":false},"author":0,"featured_media":1010367383,"comment_status":"closed","ping_status":"closed","sticky":false,"template":"","format":"standard","meta":{"42wp_featured_image_caption":"","42wp_featured_image_credits":"","42wp_featured_video":"","42wp_featured_image_hidden":false,"42wp_authors_list":[],"footnotes":""},"categories":[8],"tags":[1834,1381,1391,1293,9621,1564,1528,807],"42wp_author":[14240],"class_list":["post-4300","post","type-post","status-publish","format-standard","has-post-thumbnail","hentry","category-motogp","tag-gp-de-la-comunidad-valenciana","tag-ktm","tag-maverick-vinales","tag-motogp","tag-motogp-2025","tag-pol-espargaro","tag-tech3","tag-valencia","42wp_author-ignacio-bogado"],"_links":{"self":[{"href":"https:\/\/grandepremio.com\/es\/wp-json\/wp\/v2\/posts\/4300","targetHints":{"allow":["GET"]}}],"collection":[{"href":"https:\/\/grandepremio.com\/es\/wp-json\/wp\/v2\/posts"}],"about":[{"href":"https:\/\/grandepremio.com\/es\/wp-json\/wp\/v2\/types\/post"}],"replies":[{"embeddable":true,"href":"https:\/\/grandepremio.com\/es\/wp-json\/wp\/v2\/comments?post=4300"}],"version-history":[{"count":0,"href":"https:\/\/grandepremio.com\/es\/wp-json\/wp\/v2\/posts\/4300\/revisions"}],"wp:featuredmedia":[{"embeddable":true,"href":"https:\/\/grandepremio.com\/es\/wp-json\/wp\/v2\/media\/1010367383"}],"wp:attachment":[{"href":"https:\/\/grandepremio.com\/es\/wp-json\/wp\/v2\/media?parent=4300"}],"wp:term":[{"taxonomy":"category","embeddable":true,"href":"https:\/\/grandepremio.com\/es\/wp-json\/wp\/v2\/categories?post=4300"},{"taxonomy":"post_tag","embeddable":true,"href":"https:\/\/grandepremio.com\/es\/wp-json\/wp\/v2\/tags?post=4300"},{"taxonomy":"42wp_author","embeddable":true,"href":"https:\/\/grandepremio.com\/es\/wp-json\/wp\/v2\/42wp_author?post=4300"}],"curies":[{"name":"wp","href":"https:\/\/api.w.org\/{rel}","templated":true}]}}