{"id":4308,"date":"2025-11-09T19:22:10","date_gmt":"2025-11-09T22:22:10","guid":{"rendered":"https:\/\/grandepremio.com\/es\/2025\/11\/09\/hamilton-reconoce-temporada-pesadilla-ferrari-abandono-sao-paulo\/"},"modified":"2025-11-09T19:22:15","modified_gmt":"2025-11-09T22:22:15","slug":"hamilton-reconoce-temporada-pesadilla-ferrari-abandono-sao-paulo","status":"publish","type":"post","link":"https:\/\/grandepremio.com\/es\/f1\/hamilton-reconoce-temporada-pesadilla-ferrari-abandono-sao-paulo\/","title":{"rendered":"Hamilton reconoce temporada de \u00abpesadilla\u00bb en Ferrari tras su abandono en S\u00e3o Paulo"},"content":{"rendered":"\n<p class=\"wp-block-paragraph\"><strong>Lewis Hamilton<\/strong> vivi\u00f3 un <strong>GP de S\u00e3o Paulo<\/strong> para el olvido este domingo. El piloto de <strong>Ferrari<\/strong> se retir\u00f3 a mitad de carrera tras sufrir da\u00f1os en una colisi\u00f3n con <strong>Franco Colapinto<\/strong> en la primera vuelta. Con el coche comprometido y sin ritmo competitivo, el siete veces campe\u00f3n admiti\u00f3 que la p\u00e9rdida de rendimiento fue grave y lament\u00f3 el resultado ante el p\u00fablico brasile\u00f1o. Adem\u00e1s, hizo una contundente declaraci\u00f3n, afirmando que su primera temporada con la escuder\u00eda italiana es &#8220;una pesadilla&#8221;.<\/p>\n\n\n\n<p class=\"wp-block-paragraph\">El brit\u00e1nico tuvo un fin de semana por debajo de las expectativas en <strong>Interlagos<\/strong>. El viernes, solo fue 13\u00b0 en el entrenamiento libre y tampoco logr\u00f3 clasificarse en la <strong>SQ2<\/strong> de la sprint. En la carrera corta, termin\u00f3 s\u00e9ptimo. En la clasificaci\u00f3n, finaliz\u00f3 13\u00ba y ni siquiera pudo cruzar la meta el domingo. Al final de la carrera, explic\u00f3 que la <strong>SF-25<\/strong> perdi\u00f3 mucha presi\u00f3n aerodin\u00e1mica tras el contacto con el argentino y no pudo mantener el ritmo de sus rivales.<\/p>\n\n\n\n<p class=\"wp-block-paragraph\">\ud83d\udfe5&nbsp;<strong><em>\u00a1Todas las novedades te esperan en el canal de&nbsp;<\/em><\/strong><a href=\"https:\/\/www.youtube.com\/@GrandePremioES\"><em>YouTube<\/em><\/a><strong><em>&nbsp;de Grande Pr\u00eamio en Espa\u00f1ol!<\/em><\/strong>&nbsp;\ud83d\udfe8<\/p>\n\n\n\n<figure class=\"wp-block-embed is-type-video is-provider-youtube wp-block-embed-youtube wp-embed-aspect-16-9 wp-has-aspect-ratio\"><div class=\"wp-block-embed__wrapper\">\n<iframe loading=\"lazy\" title=\"NORRIS GANA EN BRASIL Y SE ENCAMINA AL T\u00cdTULO DE F1\" width=\"500\" height=\"281\" src=\"https:\/\/www.youtube.com\/embed\/XrO_d4xANik?feature=oembed\" frameborder=\"0\" allow=\"accelerometer; autoplay; clipboard-write; encrypted-media; gyroscope; picture-in-picture; web-share\" referrerpolicy=\"strict-origin-when-cross-origin\" allowfullscreen><\/iframe>\n<\/div><\/figure>\n\n\n\n<p class=\"wp-block-paragraph\">\u201cTras el impacto, parec\u00eda que se hab\u00eda roto la suspensi\u00f3n trasera, pero me dijeron que todo estaba bien. Quiz\u00e1 fue algo relacionado con la distribuci\u00f3n del peso. Tambi\u00e9n perd\u00ed carga aerodin\u00e1mica, creo que unos 30 o 40 puntos. A alta velocidad, el coche daba tirones\u201d, explic\u00f3. \u201cLo di todo, pero no ten\u00eda la m\u00e1s m\u00ednima posibilidad de seguir el ritmo de quien iba delante\u201d, continu\u00f3.<\/p>\n\n\n\n<p class=\"wp-block-paragraph\">Hamilton tambi\u00e9n pidi\u00f3 disculpas al equipo italiano por el resultado y la mala clasificaci\u00f3n que lo dej\u00f3 en una posici\u00f3n vulnerable para el incidente. Seg\u00fan el brit\u00e1nico, la mala suerte y el bajo rendimiento marcaron un fin de semana desastroso.<\/p>\n\n\n\n<p class=\"wp-block-paragraph\">\u201cEste fin de semana es definitivamente para olvidar. Es una pena, porque me encanta <strong>Brasil<\/strong>. Adem\u00e1s, todo el equipo, absolutamente todos, se presentan cada semana y dan lo mejor de s\u00ed. Irse con las manos vac\u00edas, no poder terminar la carrera, es realmente devastador y me siento fatal por el equipo. Pido disculpas por mi participaci\u00f3n en la clasificaci\u00f3n y por haberme puesto en esta situaci\u00f3n\u201d, lament\u00f3.<\/p>\n\n\n\n<p class=\"wp-block-paragraph\">El abandono se suma a una temporada de debut para Ferrari que no cumpli\u00f3 con las expectativas. Hamilton a\u00fan no ha subido al podio y ya es el piloto con m\u00e1s carreras para la <strong>Scuderia<\/strong> sin terminar entre los tres primeros. El brit\u00e1nico no oculta su frustraci\u00f3n, pero asegur\u00f3 que seguir\u00e1 trabajando para reaccionar en la recta final del campeonato.<\/p>\n\n\n\n<figure class=\"wp-block-image size-large\"><img decoding=\"async\" src=\"https:\/\/grandepremio.com\/es\/wp-content\/uploads\/2025\/11\/G5VTmqoXAAAXRJn-1024x768.jpeg\" alt=\"\" class=\"wp-image-376503\"\/><figcaption class=\"wp-element-caption\">Ferrari sufri\u00f3 el abandono con sus dos pilotos y se fue sin sumar el domingo en Brasil. (Foto: Ferrari)<\/figcaption><\/figure>\n\n\n\n<p class=\"wp-block-paragraph\">\u23e9\u00a0<strong><em>\u00a1Seguinos en redes por\u00a0<\/em><\/strong><a href=\"https:\/\/twitter.com\/grandepremioES\"><em>Twitter\u00a0<\/em><\/a><strong><em>e\u00a0<\/em><\/strong><a href=\"https:\/\/www.instagram.com\/grandepremioes\/\"><em>Instagram!<br><\/em><\/a>\u23e9\u00a0<strong><em>Adem\u00e1s, tenemos nuestro\u00a0<\/em><\/strong><a href=\"https:\/\/whatsapp.com\/channel\/0029VaDZ5zb0gcfDxuwxBM05\"><em>canal de Whatsapp<\/em><\/a><strong><em>\u00a0con toda la informaci\u00f3n al instante<\/em><\/strong>\u00a0\ud83c\udfc1<\/p>\n\n\n\n<p class=\"wp-block-paragraph\">\u201cEs una pesadilla. Llevo tiempo viviendo esto. Oscila entre el sue\u00f1o de pilotar para este incre\u00edble equipo y la pesadilla de los resultados que hemos obtenido. Los altibajos han sido muy duros\u201d, lament\u00f3.<\/p>\n\n\n\n<p class=\"wp-block-paragraph\">\u201cMa\u00f1ana me levantar\u00e9 de nuevo, seguir\u00e9 entrenando y trabajando con el equipo. Ten\u00eda muchas ganas de sumar buenos puntos este fin de semana, pero volver\u00e9 con todas mis fuerzas en la pr\u00f3xima carrera para intentar recuperarme\u201d, concluy\u00f3.<\/p>\n\n\n\n<p class=\"wp-block-paragraph\">El abandono en Interlagos fue el segundo de Hamilton en la temporada y complet\u00f3 un fin de semana desastroso para el equipo de <strong>Maranello<\/strong>, que tambi\u00e9n perdi\u00f3 a <strong>Charles Leclerc<\/strong> en un accidente con <strong>Andrea Kimi Antonelli<\/strong> y <strong>Oscar Piastri<\/strong> al inicio de la carrera. El equipo italiano se march\u00f3 de Brasil sin puntos y cay\u00f3 al cuarto puesto en el <strong>Campeonato de Constructores<\/strong>.<\/p>\n\n\n\n<p class=\"wp-block-paragraph\">Despu\u00e9s del\u00a0<strong>GP de S\u00e3o Paulo<\/strong>, la <strong>F\u00f3rmula 1<\/strong> se toma un breve descanso y regresa del 20 al 22 de noviembre con el\u00a0<strong>GP de Las Vegas<\/strong>, en el circuito callejero del\u00a0<strong>Strip<\/strong>.<\/p>\n","protected":false},"excerpt":{"rendered":"<p>Lewis Hamilton explic\u00f3 que perdi\u00f3 mucha carga aerodin\u00e1mica tras el contacto con Franco Colapinto y habl\u00f3 sobre su decepcionante temporada con Ferrari.<\/p>\n","protected":false},"author":0,"featured_media":1010376507,"comment_status":"closed","ping_status":"closed","sticky":false,"template":"","format":"standard","meta":{"42wp_featured_image_caption":"","42wp_featured_image_credits":"","42wp_featured_video":"","42wp_featured_image_hidden":false,"42wp_authors_list":[],"footnotes":""},"categories":[5],"tags":[6812,247,1710,185,179,1468,474,199,11776],"42wp_author":[14240],"class_list":["post-4308","post","type-post","status-publish","format-standard","has-post-thumbnail","hentry","category-f1","tag-autodromo-jose-carlos-pace","tag-charles-leclerc","tag-f1-2025","tag-ferrari","tag-formula-1","tag-gp-de-sao-paulo","tag-interlagos","tag-lewis-hamilton","tag-sf-25","42wp_author-ignacio-bogado"],"_links":{"self":[{"href":"https:\/\/grandepremio.com\/es\/wp-json\/wp\/v2\/posts\/4308","targetHints":{"allow":["GET"]}}],"collection":[{"href":"https:\/\/grandepremio.com\/es\/wp-json\/wp\/v2\/posts"}],"about":[{"href":"https:\/\/grandepremio.com\/es\/wp-json\/wp\/v2\/types\/post"}],"replies":[{"embeddable":true,"href":"https:\/\/grandepremio.com\/es\/wp-json\/wp\/v2\/comments?post=4308"}],"version-history":[{"count":0,"href":"https:\/\/grandepremio.com\/es\/wp-json\/wp\/v2\/posts\/4308\/revisions"}],"wp:featuredmedia":[{"embeddable":true,"href":"https:\/\/grandepremio.com\/es\/wp-json\/wp\/v2\/media\/1010376507"}],"wp:attachment":[{"href":"https:\/\/grandepremio.com\/es\/wp-json\/wp\/v2\/media?parent=4308"}],"wp:term":[{"taxonomy":"category","embeddable":true,"href":"https:\/\/grandepremio.com\/es\/wp-json\/wp\/v2\/categories?post=4308"},{"taxonomy":"post_tag","embeddable":true,"href":"https:\/\/grandepremio.com\/es\/wp-json\/wp\/v2\/tags?post=4308"},{"taxonomy":"42wp_author","embeddable":true,"href":"https:\/\/grandepremio.com\/es\/wp-json\/wp\/v2\/42wp_author?post=4308"}],"curies":[{"name":"wp","href":"https:\/\/api.w.org\/{rel}","templated":true}]}}