{"id":4320,"date":"2025-11-09T13:37:26","date_gmt":"2025-11-09T16:37:26","guid":{"rendered":"https:\/\/grandepremio.com\/es\/2025\/11\/09\/maximo-quiles-aspar-victoria-gp-portugal-moto3-morelli-perrone\/"},"modified":"2025-11-09T13:37:29","modified_gmt":"2025-11-09T16:37:29","slug":"maximo-quiles-aspar-victoria-gp-portugal-moto3-morelli-perrone","status":"publish","type":"post","link":"https:\/\/grandepremio.com\/es\/motogp\/maximo-quiles-aspar-victoria-gp-portugal-moto3-morelli-perrone\/","title":{"rendered":"Quiles se recupera del error y gana agitada carrera de Moto3 en Portugal; Morelli, 11\u00b0"},"content":{"rendered":"\n<p class=\"wp-block-paragraph\">La competencia de <strong>Moto3 <\/strong>en <strong>Portugal<\/strong>, celebrada este domingo, fue un aut\u00e9ntico caos. Entre varios cambios en el liderato, ca\u00eddas y errores, quien se llev\u00f3 la mejor parte fue <strong>M\u00e1ximo Quiles<\/strong>. El novato espa\u00f1ol lleg\u00f3 a perder posiciones al principio de la carrera, pero reaccion\u00f3, abri\u00f3 ventaja en las \u00faltimas vueltas y gan\u00f3 con un c\u00f3modo margen.<\/p>\n\n\n\n<p class=\"wp-block-paragraph\">\ud83d\udfe5&nbsp;<strong><em>\u00a1Todas las novedades te esperan en el canal de&nbsp;<\/em><\/strong><a href=\"https:\/\/www.youtube.com\/@GrandePremioES\"><em>YouTube<\/em><\/a><strong><em>&nbsp;de Grande Pr\u00eamio en Espa\u00f1ol!<\/em><\/strong>&nbsp;\ud83d\udfe8<\/p>\n\n\n\n<p class=\"wp-block-paragraph\">La victoria mantiene a <strong>Quiles <\/strong>en la lucha por el subcampeonato de <strong>Moto3 <\/strong>en 2025, con 263 puntos. La lucha ser\u00e1 con <strong>\u00c1ngel Piqueras<\/strong>, que termin\u00f3 en segunda posici\u00f3n en <strong>Portim\u00e3o <\/strong>y suma 271 puntos. La disputa, por lo tanto, se decidir\u00e1 en la \u00faltima etapa, en <strong>Valencia<\/strong>, el pr\u00f3ximo fin de semana.<\/p>\n\n\n\n<p class=\"wp-block-paragraph\"><strong>Taiyo Furusato<\/strong> volvi\u00f3 a subir al podio, esta vez en tercera posici\u00f3n. <strong>Joel Esteban<\/strong> sorprendi\u00f3 y qued\u00f3 en cuarto lugar, por delante de <strong>\u00c1lvaro Carpe. Casey O\u2019Gorman, Joel Kelso, Scott Ogden, Adri\u00e1n Fern\u00e1ndez<\/strong> y <strong>Luca Lunetta<\/strong> cerraron el top 10 en el circuito portugu\u00e9s.<\/p>\n\n\n\n<p class=\"wp-block-paragraph\">\u23e9&nbsp;<strong><em>\u00a1Seguinos en redes por&nbsp;<\/em><\/strong><a href=\"https:\/\/twitter.com\/grandepremioES\"><em>Twitter&nbsp;<\/em><\/a><strong><em>e&nbsp;<\/em><\/strong><a href=\"https:\/\/www.instagram.com\/grandepremioes\/\"><em>Instagram!<br><\/em><\/a>\u23e9&nbsp;<strong><em>Adem\u00e1s, tenemos nuestro&nbsp;<\/em><\/strong><a href=\"https:\/\/whatsapp.com\/channel\/0029VaDZ5zb0gcfDxuwxBM05\"><em>canal de Whatsapp<\/em><\/a><strong><em>&nbsp;con toda la informaci\u00f3n al instante<\/em><\/strong>&nbsp;\ud83c\udfc1<\/p>\n\n\n\n<figure class=\"wp-block-image size-large\"><img decoding=\"async\" src=\"https:\/\/grandepremio.com\/es\/wp-content\/uploads\/2025\/11\/Perrone_2_Portimao_1-1024x576.jpg\" alt=\"\" class=\"wp-image-376451\"\/><figcaption class=\"wp-element-caption\">Valent\u00edn Perrone sufri\u00f3 una ca\u00edda y abandon\u00f3 el GP de Portugal (Foto: Tech3)<\/figcaption><\/figure>\n\n\n\n<p class=\"wp-block-paragraph\">Los argentinos <strong>Marco Morelli<\/strong> y <strong>Valent\u00edn Perrone<\/strong> tuvieron realidades contrastadas en <strong>Portimao<\/strong>. <strong>Morelli<\/strong> finaliz\u00f3 und\u00e9cimo en la carrera dominical, mientras que <strong>Perrone <\/strong>sufri\u00f3 una ca\u00edda y debi\u00f3 abandonar la competencia. <\/p>\n\n\n\n<p class=\"wp-block-paragraph\">El\u00a0<strong>Moto3 <\/strong>vuelve a la acci\u00f3n entre el 14 y 16 de noviembre para disputar el\u00a0<strong>GP de la Comunidad Valenciana<\/strong>\u00a0en el\u00a0<strong>Circuito Ricardo Tormo<\/strong>, vigesimosegunda y \u00faltima fecha de la temporada 2025. GRANDE PREMIO en ESPA\u00d1OL realizar\u00e1 una cobertura completa del evento<\/p>\n\n\n\n<p class=\"has-medium-font-size wp-block-paragraph\"><strong>Conoce c\u00f3mo fue la carrera de Moto3 en Portugal:<\/strong><\/p>\n\n\n\n<p class=\"wp-block-paragraph\">El domingo de\u00a0carreras en\u00a0<strong>Portugal\u00a0<\/strong>comenz\u00f3 soleado, pero con temperaturas bajas. En el momento del inicio de la carrera de la categor\u00eda reina, los term\u00f3metros marcaban 19 \u00b0C de temperatura ambiente y 28 \u00b0C en el asfalto.<\/p>\n\n\n\n<p class=\"wp-block-paragraph\">En la salida, <strong>Joel Kelso<\/strong> arranc\u00f3 bien y mantuvo el liderato, abriendo una buena ventaja sobre sus rivales. <strong>M\u00e1ximo Quiles<\/strong> salt\u00f3 al segundo puesto, acompa\u00f1ado por <strong>Joel Esteban<\/strong> y <strong>\u00c1ngel Piqueras. Scott Ogden<\/strong>, que sali\u00f3 segundo, cay\u00f3 al sexto puesto. A partir de la tercera vuelta, los adversarios comenzaron a acercarse a <strong>Kelso. Esteban<\/strong> super\u00f3 a <strong>Quiles<\/strong>, pero ambos cometieron un error en la \u00faltima curva del circuito y perdieron posiciones. <strong>Adri\u00e1n Fern\u00e1ndez<\/strong> salt\u00f3 al segundo lugar, con <strong>Piqueras <\/strong>tercero.<\/p>\n\n\n\n<p class=\"wp-block-paragraph\">En la vuelta 5, <strong>Valent\u00edn Perrone<\/strong> se cay\u00f3 y abandon\u00f3 la carrera, al igual que <strong>David Almansa<\/strong>. Mientras tanto, en la punta, <strong>Fern\u00e1ndez <\/strong>se acerc\u00f3 r\u00e1pidamente a <strong>Kelso<\/strong>, quedando a solo 0s1 del australiano, pero sin encontrar espacio para adelantar. <strong>Quiles <\/strong>inici\u00f3 una remontada y super\u00f3 a <strong>Guido Pini<\/strong> para tomar la cuarta posici\u00f3n. Por delante, <strong>Piqueras <\/strong>aprovech\u00f3 el rebufo en la recta principal, super\u00f3 a <strong>Fern\u00e1ndez <\/strong>y se coloc\u00f3 segundo, pero <strong>Quiles <\/strong>fue a\u00fan mejor y super\u00f3 a los dos de una sola vez.<\/p>\n\n\n\n<p class=\"wp-block-paragraph\">En la vuelta 8, <strong>Piqueras<\/strong> volvi\u00f3 a aprovechar el rebufo de la recta principal y recuper\u00f3 la segunda posici\u00f3n. Sin embargo, se lanz\u00f3 al final de la recta opuesta para volver al segundo puesto. Por delante, <strong>Kelso <\/strong>ya ten\u00eda una ventaja de 0s6 sobre el piloto m\u00e1s cercano. En la d\u00e9cima vuelta, se produjo un cambio importante en la carrera de <strong>Portim\u00e3o. Kelso<\/strong> perdi\u00f3 rendimiento r\u00e1pidamente y acab\u00f3 siendo superado por <strong>Quiles <\/strong>y <strong>Piqueras <\/strong>al final de la recta opuesta, tras balancearse y salirse en la curva 5.<\/p>\n\n\n\n<figure class=\"wp-block-image size-large\"><img decoding=\"async\" src=\"https:\/\/grandepremio.com\/es\/wp-content\/uploads\/2025\/11\/G5PG5sWWgAAd92I-1024x576.jpg\" alt=\"\" class=\"wp-image-376453\"\/><figcaption class=\"wp-element-caption\">Marco Morelli finaliz\u00f3 und\u00e9cimo en el GP de Portugal (Foto: Reproducci\u00f3n)<\/figcaption><\/figure>\n\n\n\n<p class=\"wp-block-paragraph\">El drama de <strong>Kelso<\/strong> continu\u00f3 en la siguiente vuelta, en la que el australiano se vio a\u00fan m\u00e1s engullido por el pelot\u00f3n, cayendo a la sexta posici\u00f3n. Por delante, <strong>Quiles<\/strong> lideraba con peque\u00f1as ventajas sobre <strong>Piqueras, Fern\u00e1ndez<\/strong> y <strong>Carpe<\/strong>. Poco despu\u00e9s, fue el turno de <strong>Quiles <\/strong>de perder rendimiento y caer al s\u00e9ptimo lugar. <strong>Taiyo Furusato<\/strong> apareci\u00f3 de la nada para liderar, pero con diez pilotos separados por solo un segundo en la lucha por el liderato. <strong>Quiles<\/strong>, sin embargo, reaccion\u00f3 de nuevo y se coloc\u00f3 en segundo lugar en pocos metros.<\/p>\n\n\n\n<p class=\"wp-block-paragraph\">A seis vueltas del final, <strong>Quiles <\/strong>aprovech\u00f3 el rebufo en la recta principal, se peg\u00f3 a <strong>Furusato<\/strong>, se lanz\u00f3 en la curva 1 y recuper\u00f3 el liderato. M\u00e1s atr\u00e1s, <strong>Jes\u00fas R\u00edos<\/strong> se cay\u00f3 y abandon\u00f3 la carrera de <strong>Moto3 <\/strong>en <strong>Portim\u00e3o<\/strong>, al igual que <strong>Matteo Bertelle<\/strong> pocos metros despu\u00e9s.<\/p>\n\n\n\n<p class=\"wp-block-paragraph\"><strong>Quiles <\/strong>parec\u00eda haber encontrado por fin un buen ritmo y logr\u00f3 abrir una ventaja de 0s6 sobre <strong>Furusato<\/strong>, pero el japon\u00e9s volvi\u00f3 a acercarse e intent\u00f3 una maniobra al final de la recta principal, sin \u00e9xito. Mientras tanto, <strong>Pini<\/strong> fue otra v\u00edctima del caos en <strong>Portim\u00e3o <\/strong>y se fue al suelo. A cuatro vueltas del final, <strong>Quiles <\/strong>abri\u00f3 una ventaja de 0s4 sobre <strong>Furusato <\/strong>y la pareja logr\u00f3 separarse del resto del grupo. <strong>Piqueras<\/strong> super\u00f3 a <strong>Fern\u00e1ndez<\/strong>, llevando consigo a <strong>Esteban <\/strong>y <strong>Carpe<\/strong>, en la lucha por el \u00faltimo lugar en el podio de la etapa portuguesa.<\/p>\n\n\n\n<p class=\"wp-block-paragraph\">Al final, <strong>Quiles<\/strong> logr\u00f3 abrir una ventaja de 1 segundo. <strong>Furusato <\/strong>perdi\u00f3 ritmo y fue superado por <strong>Piqueras<\/strong>, que se coloc\u00f3 en segunda posici\u00f3n. <strong>Esteban<\/strong> y <strong>Carpe <\/strong>luchaban intensamente por el cuarto puesto. En la \u00faltima vuelta, <strong>Quiles <\/strong>solo tuvo que mantener su c\u00f3moda ventaja y gan\u00f3 con 1s6 de ventaja sobre <strong>Piqueras. Furusato<\/strong> complet\u00f3 el podio en tercera posici\u00f3n, por delante de <strong>Esteban <\/strong>y <strong>Carpe<\/strong>.<\/p>\n\n\n\n<p class=\"has-medium-font-size wp-block-paragraph\"><strong>Moto3 2025 &#8211; GP de Portugal &#8211; Resultado Final:<\/strong><\/p>\n\n\n\n<figure class=\"wp-block-table\"><table class=\"has-fixed-layout\"><tbody><tr><td>Posici\u00f3n\u00a0<\/td><td>Piloto<\/td><td>Equipo<\/td><td>Vueltas<\/td><\/tr><tr><td>1<\/td><td>M QUILES<\/td><td>Aspar<\/td><td>19 vueltas<\/td><\/tr><tr><td>2<\/td><td>A PIQUERAS<\/td><td>Msi<\/td><td>+1.663<\/td><\/tr><tr><td>3<\/td><td>T FURUSATO<\/td><td>Honda Team Asia<\/td><td>+2.886<\/td><\/tr><tr><td>4<\/td><td>J ESTEBAN<\/td><td>Aspar<\/td><td>+3.243<\/td><\/tr><tr><td>5<\/td><td>A CARPE<\/td><td>Red Bull KTM Ajo<\/td><td>+3.537<\/td><\/tr><tr><td>6<\/td><td>C O\u2019GORMAN<\/td><td>Intact GP<\/td><td>+4.123<\/td><\/tr><tr><td>7<\/td><td>A FERN\u00c1NDEZ<\/td><td>Leopard<\/td><td>+5.345<\/td><\/tr><tr><td>8<\/td><td>S OGDEN<\/td><td>CIP Green Power<\/td><td>+5.390<\/td><\/tr><tr><td>9<\/td><td>A FERN\u00c1NDEZ<\/td><td>Leopard<\/td><td>+5.483<\/td><\/tr><tr><td>10<\/td><td>L LUNETTA<\/td><td>SIC58<\/td><td>+9.469<\/td><\/tr><tr><td>11<\/td><td>M MORELLI<\/td><td>Mlav<\/td><td>+9.556<\/td><\/tr><tr><td>12<\/td><td>H DANISH<\/td><td>MSi<\/td><td>+24.276<\/td><\/tr><tr><td>13<\/td><td>B URIARTE<\/td><td>Intact GP<\/td><td>+24.315<\/td><\/tr><tr><td>14<\/td><td>D FOGGIA<\/td><td>Aspar<\/td><td>+29.897<\/td><\/tr><tr><td>15<\/td><td>N CARRARO<\/td><td>Snipers<\/td><td>+29.972<\/td><\/tr><tr><td>16<\/td><td>E O\u2019SHEA<\/td><td>Mlav<\/td><td>+30.158<\/td><\/tr><tr><td>17<\/td><td>R MOODLEY<\/td><td>BOE<\/td><td>+30.188<\/td><\/tr><tr><td>18<\/td><td>S NEPA<\/td><td>SIC58<\/td><td>+30.575<\/td><\/tr><tr><td>19<\/td><td>Z MITANI<\/td><td>Honda Team Asia<\/td><td>+31.669<\/td><\/tr><tr><td>20<\/td><td>C BUCHANAN<\/td><td>BOE<\/td><td>+39.512<\/td><\/tr><tr><td>21<\/td><td>D ALMANSA<\/td><td>Leopard<\/td><td>+39.522<\/td><\/tr><tr><td>DNF<\/td><td>G PINI<\/td><td>Intact GP<\/td><td>Abandon\u00f3<\/td><\/tr><tr><td>DNF<\/td><td>M BERTELLE<\/td><td>LevelUp MTA<\/td><td>Abandon\u00f3<\/td><\/tr><tr><td>DNF<\/td><td>J R\u00cdOS<\/td><td>Snipers<\/td><td>Abandon\u00f3<\/td><\/tr><tr><td>DNF<\/td><td>V PERRONE<\/td><td>Red Bull KTM Tech3<\/td><td>Abandon\u00f3<\/td><\/tr><\/tbody><\/table><\/figure>\n\n\n\n<p class=\"wp-block-paragraph\"><\/p>\n","protected":false},"excerpt":{"rendered":"<p>M\u00e1ximo Quiles cometi\u00f3 un error al inicio de la carrera en Portimao y cay\u00f3 al s\u00e9ptimo lugar, pero inici\u00f3 una fren\u00e9tica remontada y gan\u00f3 con holgada ventaja en Moto3. \u00c1ngel Piqueras y Taiyo Furusato completaron el podio, mientras que el argentino Marco Morelli fue 11\u00b0. Valent\u00edn Perrone abandon\u00f3<\/p>\n","protected":false},"author":0,"featured_media":1010376450,"comment_status":"closed","ping_status":"closed","sticky":false,"template":"","format":"standard","meta":{"42wp_featured_image_caption":"","42wp_featured_image_credits":"","42wp_featured_video":"","42wp_featured_image_hidden":false,"42wp_authors_list":[],"footnotes":""},"categories":[8],"tags":[3582,1488,12666,11777,12823,1366,10847,1528,11869,10848],"42wp_author":[14239],"class_list":["post-4320","post","type-post","status-publish","format-standard","has-post-thumbnail","hentry","category-motogp","tag-aspar","tag-grande-premio","tag-marco-morelli","tag-maximo-quiles","tag-mlav-racing","tag-moto3","tag-moto3-2025","tag-tech3","tag-temporada-2025-moto3","tag-valentin-perrone","42wp_author-jp-otrosky"],"_links":{"self":[{"href":"https:\/\/grandepremio.com\/es\/wp-json\/wp\/v2\/posts\/4320","targetHints":{"allow":["GET"]}}],"collection":[{"href":"https:\/\/grandepremio.com\/es\/wp-json\/wp\/v2\/posts"}],"about":[{"href":"https:\/\/grandepremio.com\/es\/wp-json\/wp\/v2\/types\/post"}],"replies":[{"embeddable":true,"href":"https:\/\/grandepremio.com\/es\/wp-json\/wp\/v2\/comments?post=4320"}],"version-history":[{"count":0,"href":"https:\/\/grandepremio.com\/es\/wp-json\/wp\/v2\/posts\/4320\/revisions"}],"wp:featuredmedia":[{"embeddable":true,"href":"https:\/\/grandepremio.com\/es\/wp-json\/wp\/v2\/media\/1010376450"}],"wp:attachment":[{"href":"https:\/\/grandepremio.com\/es\/wp-json\/wp\/v2\/media?parent=4320"}],"wp:term":[{"taxonomy":"category","embeddable":true,"href":"https:\/\/grandepremio.com\/es\/wp-json\/wp\/v2\/categories?post=4320"},{"taxonomy":"post_tag","embeddable":true,"href":"https:\/\/grandepremio.com\/es\/wp-json\/wp\/v2\/tags?post=4320"},{"taxonomy":"42wp_author","embeddable":true,"href":"https:\/\/grandepremio.com\/es\/wp-json\/wp\/v2\/42wp_author?post=4320"}],"curies":[{"name":"wp","href":"https:\/\/api.w.org\/{rel}","templated":true}]}}