{"id":4333,"date":"2025-11-08T17:20:02","date_gmt":"2025-11-08T20:20:02","guid":{"rendered":"https:\/\/grandepremio.com\/es\/2025\/11\/08\/antonelli-valora-2-puesto-grilla-sao-paulo-clasificacioin-dificil-por-viento\/"},"modified":"2025-11-08T17:20:09","modified_gmt":"2025-11-08T20:20:09","slug":"antonelli-valora-2-puesto-grilla-sao-paulo-clasificacioin-dificil-por-viento","status":"publish","type":"post","link":"https:\/\/grandepremio.com\/es\/f1\/antonelli-valora-2-puesto-grilla-sao-paulo-clasificacioin-dificil-por-viento\/","title":{"rendered":"Antonelli valora 2\u00b0 puesto en grilla de S\u00e3o Paulo tras clasificaci\u00f3n \u00abdif\u00edcil por el viento\u00bb"},"content":{"rendered":"\n<p class=\"wp-block-paragraph\"><strong>Andrea Kimi Antonelli<\/strong> realiz\u00f3 otra s\u00f3lida actuaci\u00f3n en la clasificaci\u00f3n durante el fin de semana del <strong>GP de S\u00e3o Paulo<\/strong>. Tras marcar el segundo mejor tiempo para la sprint, el italiano de <strong>Mercedes<\/strong> repiti\u00f3 el resultado en la clasificaci\u00f3n para la carrera principal. Despu\u00e9s de describir su propio rendimiento como &#8220;decente&#8221;, declar\u00f3 que tuvo algunas dificultades con el viento, pero que est\u00e1 concentrado en atacar a <strong>Lando Norris<\/strong> en la largada.<\/p>\n\n\n\n<p class=\"wp-block-paragraph\">Tras experimentar altibajos en la <strong>temporada 2025<\/strong> de F\u00f3rmula 1, Antonelli parece haber encontrado su ritmo con el <strong>W16<\/strong> y ha vuelto a ofrecer buenas actuaciones. Sin embargo, exist\u00eda cierta incertidumbre en torno al fin de semana en <strong>Brasil<\/strong>, ya que, adem\u00e1s de no haber competido nunca en <strong>Interlagos<\/strong>, el evento se disput\u00f3 en formato sprint, con una sola sesi\u00f3n de entrenamientos libres.<\/p>\n\n\n\n<p class=\"wp-block-paragraph\">\ud83d\udfe5&nbsp;<strong><em>\u00a1Todas las novedades te esperan en el canal de&nbsp;<\/em><\/strong><a href=\"https:\/\/www.youtube.com\/@GrandePremioES\"><em>YouTube<\/em><\/a><strong><em>&nbsp;de Grande Pr\u00eamio en Espa\u00f1ol!<\/em><\/strong>&nbsp;\ud83d\udfe8<\/p>\n\n\n\n<figure class=\"wp-block-image size-large\"><img decoding=\"async\" src=\"https:\/\/grandepremio.com\/es\/wp-content\/uploads\/2025\/11\/G5QMp_PW4AAxyLu-1024x683.jpeg\" alt=\"\" class=\"wp-image-376045\"\/><figcaption class=\"wp-element-caption\">Andrea Kimi Antonelli se\u00f1al\u00f3 el viento como complicaci\u00f3n en Interlagos. (Foto: Mercedes)<\/figcaption><\/figure>\n\n\n\n<p class=\"wp-block-paragraph\">\u23e9\u00a0<strong><em>\u00a1Seguinos en redes por\u00a0<\/em><\/strong><a href=\"https:\/\/twitter.com\/grandepremioES\"><em>Twitter\u00a0<\/em><\/a><strong><em>e\u00a0<\/em><\/strong><a href=\"https:\/\/www.instagram.com\/grandepremioes\/\"><em>Instagram!<br><\/em><\/a>\u23e9\u00a0<strong><em>Adem\u00e1s, tenemos nuestro\u00a0<\/em><\/strong><a href=\"https:\/\/whatsapp.com\/channel\/0029VaDZ5zb0gcfDxuwxBM05\"><em>canal de Whatsapp<\/em><\/a><strong><em>\u00a0con toda la informaci\u00f3n al instante<\/em><\/strong>\u00a0\ud83c\udfc1<\/p>\n\n\n\n<p class=\"wp-block-paragraph\">El limitado tiempo en pista antes de la clasificaci\u00f3n, sin embargo, no supuso un problema para el #12, quien se adapt\u00f3 r\u00e1pidamente al circuito y fue el segundo m\u00e1s r\u00e1pido en ambas sesiones de clasificaci\u00f3n. As\u00ed, el italiano se mostr\u00f3 satisfecho con su rendimiento y espera plantarle cara al brit\u00e1nico de <a href=\"https:\/\/grandepremio.com\/es\/f1\/lando-norris-pole-brasil-sao-paulo-formula-1-2025\/\"><strong>McLaren<\/strong>, que saldr\u00e1 desde la pole<\/a> en S\u00e3o Paulo.<\/p>\n\n\n\n<p class=\"wp-block-paragraph\">\u201cEstoy un poco molesto conmigo mismo, porque durante la carrera sprint estuve muy cerca de Norris. Pero fue una sesi\u00f3n de clasificaci\u00f3n dif\u00edcil, principalmente por el viento, as\u00ed que fue complicado completar la vuelta perfecta\u201d, declar\u00f3.<\/p>\n\n\n\n<p class=\"wp-block-paragraph\">\u201cAun as\u00ed, en el \u00faltimo intento consegu\u00ed un buen tiempo para ser segundo y estoy contento con ello. Es una buena posici\u00f3n de salida. Por supuesto, el McLaren es muy r\u00e1pido, pero es importante salir bien para marcar un buen ritmo en la carrera\u201d, concluy\u00f3.<\/p>\n\n\n\n<p class=\"wp-block-paragraph\">La&nbsp;<strong>F\u00f3rmula 1<\/strong>&nbsp;disputa este fin de semana en el&nbsp;<strong>Aut\u00f3dromo de Interlagos<\/strong>&nbsp;el&nbsp;<strong>Gran Premio de S\u00e3o Paulo, 21\u00aa prueba de la&nbsp;temporada 2025.<\/strong><\/p>\n\n\n\n<figure class=\"wp-block-embed is-type-rich is-provider-gestor-del-servicio wp-block-embed-gestor-del-servicio wp-embed-aspect-16-9 wp-has-aspect-ratio\"><div class=\"wp-block-embed__wrapper\">\nhttps:\/\/youtube.com\/watch?v=q9oIPdGrC28%3Fversion%3D3%26rel%3D1%26showsearch%3D0%26showinfo%3D1%26iv_load_policy%3D1%26fs%3D1%26hl%3Des-ES%26autohide%3D2%26wmode%3Dtransparent\n<\/div><\/figure>\n","protected":false},"excerpt":{"rendered":"<p>Andrea Kimi Antonelli tuvo algunas dificultades con el viento durante su intento de vuelta r\u00e1pida, pero se mostr\u00f3 satisfecho con su desempe\u00f1o en la clasificaci\u00f3n.<\/p>\n","protected":false},"author":0,"featured_media":1010376051,"comment_status":"closed","ping_status":"closed","sticky":false,"template":"","format":"standard","meta":{"42wp_featured_image_caption":"","42wp_featured_image_credits":"","42wp_featured_video":"","42wp_featured_image_hidden":false,"42wp_authors_list":[],"footnotes":""},"categories":[5],"tags":[6800,6812,1710,179,1468,474,268,269,197,11524],"42wp_author":[14240],"class_list":["post-4333","post","type-post","status-publish","format-standard","has-post-thumbnail","hentry","category-f1","tag-andrea-kimi-antonelli","tag-autodromo-jose-carlos-pace","tag-f1-2025","tag-formula-1","tag-gp-de-sao-paulo","tag-interlagos","tag-lando-norris","tag-mclaren","tag-mercedes","tag-w16","42wp_author-ignacio-bogado"],"_links":{"self":[{"href":"https:\/\/grandepremio.com\/es\/wp-json\/wp\/v2\/posts\/4333","targetHints":{"allow":["GET"]}}],"collection":[{"href":"https:\/\/grandepremio.com\/es\/wp-json\/wp\/v2\/posts"}],"about":[{"href":"https:\/\/grandepremio.com\/es\/wp-json\/wp\/v2\/types\/post"}],"replies":[{"embeddable":true,"href":"https:\/\/grandepremio.com\/es\/wp-json\/wp\/v2\/comments?post=4333"}],"version-history":[{"count":0,"href":"https:\/\/grandepremio.com\/es\/wp-json\/wp\/v2\/posts\/4333\/revisions"}],"wp:featuredmedia":[{"embeddable":true,"href":"https:\/\/grandepremio.com\/es\/wp-json\/wp\/v2\/media\/1010376051"}],"wp:attachment":[{"href":"https:\/\/grandepremio.com\/es\/wp-json\/wp\/v2\/media?parent=4333"}],"wp:term":[{"taxonomy":"category","embeddable":true,"href":"https:\/\/grandepremio.com\/es\/wp-json\/wp\/v2\/categories?post=4333"},{"taxonomy":"post_tag","embeddable":true,"href":"https:\/\/grandepremio.com\/es\/wp-json\/wp\/v2\/tags?post=4333"},{"taxonomy":"42wp_author","embeddable":true,"href":"https:\/\/grandepremio.com\/es\/wp-json\/wp\/v2\/42wp_author?post=4333"}],"curies":[{"name":"wp","href":"https:\/\/api.w.org\/{rel}","templated":true}]}}