{"id":4354,"date":"2025-11-07T21:11:54","date_gmt":"2025-11-08T00:11:54","guid":{"rendered":"https:\/\/grandepremio.com\/es\/2025\/11\/07\/tormentas-truenos-fuertes-vientos-ciclon-extratropical-afecta-gp-sao-paulo\/"},"modified":"2025-11-07T21:11:58","modified_gmt":"2025-11-08T00:11:58","slug":"tormentas-truenos-fuertes-vientos-ciclon-extratropical-afecta-gp-sao-paulo","status":"publish","type":"post","link":"https:\/\/grandepremio.com\/es\/f1\/tormentas-truenos-fuertes-vientos-ciclon-extratropical-afecta-gp-sao-paulo\/","title":{"rendered":"Tormentas, truenos y fuertes vientos: c\u00f3mo un cicl\u00f3n extratropical afecta el GP de S\u00e3o Paulo"},"content":{"rendered":"\n<p class=\"wp-block-paragraph\">Las regiones sur y sureste de <strong>Brasil<\/strong> se preparan para la llegada de un cicl\u00f3n extratropical entre la noche del viernes y la madrugada del s\u00e1bado, cuyos efectos se esperan durante ma\u00f1ana todo el d\u00eda. El estado de <strong>S\u00e3o Paulo<\/strong> se ver\u00e1 afectado casi en su totalidad, incluyendo la capital, donde se celebra el Gran Premio de <strong>F\u00f3rmula 1<\/strong> este fin de semana. Esta amenaza vuelve a poner de manifiesto la reciente mala suerte que sufre <strong>Interlagos<\/strong> con los fen\u00f3menos meteorol\u00f3gicos.<\/p>\n\n\n\n<p class=\"wp-block-paragraph\">El fen\u00f3meno causado por el encuentro de masas de aire c\u00e1lido y fr\u00edo en una regi\u00f3n, proviene del sur, origin\u00e1ndose en <strong>Argentina<\/strong>, y afectar\u00e1 a los estados de <strong>Rio Grande do Sul<\/strong>, <strong>Santa Catarina<\/strong> y <strong>Paran\u00e1<\/strong> antes de llegar a S\u00e3o Paulo en las pr\u00f3ximas horas. <strong>Mato Grosso do Sul<\/strong> es otro estado que sufrir\u00e1 sus efectos el viernes. Entre la noche del s\u00e1bado y el domingo, el cicl\u00f3n ascender\u00e1 ligeramente y alcanzar\u00e1, con menor intensidad, estados como <strong>R\u00edo de Janeiro<\/strong> y <strong>Minas Gerais<\/strong>.<\/p>\n\n\n\n<p class=\"wp-block-paragraph\">\ud83d\udfe5&nbsp;<strong><em>\u00a1Todas las novedades te esperan en el canal de&nbsp;<\/em><\/strong><a href=\"https:\/\/www.youtube.com\/@GrandePremioES\"><em>YouTube<\/em><\/a><strong><em>&nbsp;de Grande Pr\u00eamio en Espa\u00f1ol!<\/em><\/strong>&nbsp;\ud83d\udfe8<\/p>\n\n\n\n<figure class=\"wp-block-embed is-type-video is-provider-youtube wp-block-embed-youtube wp-embed-aspect-16-9 wp-has-aspect-ratio\"><div class=\"wp-block-embed__wrapper\">\n<iframe loading=\"lazy\" title=\"ALPINE APUESTA A LARGO PLAZO Y CONFIRMA RENOVACI\u00d3N DE COLAPINTO\" width=\"500\" height=\"281\" src=\"https:\/\/www.youtube.com\/embed\/q9oIPdGrC28?feature=oembed\" frameborder=\"0\" allow=\"accelerometer; autoplay; clipboard-write; encrypted-media; gyroscope; picture-in-picture; web-share\" referrerpolicy=\"strict-origin-when-cross-origin\" allowfullscreen><\/iframe>\n<\/div><\/figure>\n\n\n\n<p class=\"wp-block-paragraph\">El jueves pasado, la <strong>Defensa Civil de S\u00e3o Paulo<\/strong> inform\u00f3 que se esperan lluvias intensas, incluyendo granizo, y microrr\u00e1fagas de viento (r\u00e1fagas verticales de viento a muy alta velocidad). Se pronostica que los vientos alcanzar\u00e1n los <strong>115 km\/h<\/strong> en la costa norte, <strong>110 km\/h<\/strong> en la regi\u00f3n del <strong>Valle de Ribeira<\/strong> y <strong>100 km\/h<\/strong> en la capital y el \u00e1rea metropolitana. Se considera que vientos superiores a <strong>70 km\/h<\/strong> son suficientes para arrancar \u00e1rboles, causar da\u00f1os en los techos y provocar cortes de energ\u00eda.<\/p>\n\n\n\n<p class=\"wp-block-paragraph\">En medio de todo esto, una carrera de F1, sin escapatoria. Siempre propenso a las inclemencias del tiempo, el <strong>Gran Premio de Brasil<\/strong> debe lidiar con situaciones ca\u00f3ticas con bastante frecuencia, como ha ocurrido en los \u00faltimos tres a\u00f1os. En <strong>2022<\/strong>, una tormenta azot\u00f3 la zona durante la clasificaci\u00f3n sprint. En esa ocasi\u00f3n, <strong>Kevin Magnussen<\/strong> se benefici\u00f3 de que la sesi\u00f3n terminara antes de tiempo y consigui\u00f3 la primera pole position en la historia de <strong>Haas<\/strong>. En <strong>2023<\/strong>, la clasificaci\u00f3n estaba en sus \u00faltimos minutos cuando el cielo se cubri\u00f3 repentinamente de nubes, haciendo imposible la visibilidad, con una tormenta que dej\u00f3 a gran parte de la ciudad sin electricidad y caus\u00f3 da\u00f1os a diversas estructuras ubicadas dentro del circuito. En <strong>2024<\/strong>, sin embargo, las lluvias fueron tan intensas que obligaron a la F1 a modificar el calendario y posponer la clasificaci\u00f3n al domingo por la ma\u00f1ana, poco antes de la carrera.<\/p>\n\n\n\n<p class=\"wp-block-paragraph\">Seg\u00fan el pron\u00f3stico del tiempo del <strong>Centro de Gesti\u00f3n de Emergencias Clim\u00e1ticas de la Ciudad de S\u00e3o Paulo<\/strong>, la humedad relativa alcanzar\u00e1 el <strong>95%<\/strong> durante todo el d\u00eda, mientras que el servicio meteorol\u00f3gico <strong>The Weather Channel<\/strong> indica un <strong>70% <\/strong>de probabilidad de lluvia en la regi\u00f3n de <strong>Cidade Dutra<\/strong>, donde se ubica el circuito <strong>Jos\u00e9 Carlos Pace<\/strong>. La probabilidad de lluvia es muy alta, especialmente por la ma\u00f1ana y al final de la tarde.<\/p>\n\n\n\n<figure class=\"wp-block-image size-full\"><img decoding=\"async\" src=\"https:\/\/grandepremio.com\/es\/wp-content\/uploads\/..\/gp_br_uploads\/2024\/11\/ferrari-carlos-sainz-gp-sp-interlagos-f1-2024-4.jpeg\" alt=\"\" class=\"wp-image-298602\"\/><figcaption class=\"wp-element-caption\">La lluvia amenaza con hacerse presente nuevamente este fin de semana en Brasil. (Foto: Ferrari)<\/figcaption><\/figure>\n\n\n\n<p class=\"wp-block-paragraph\">\u23e9\u00a0<strong><em>\u00a1Seguinos en redes por\u00a0<\/em><\/strong><a href=\"https:\/\/twitter.com\/grandepremioES\"><em>Twitter\u00a0<\/em><\/a><strong><em>e\u00a0<\/em><\/strong><a href=\"https:\/\/www.instagram.com\/grandepremioes\/\"><em>Instagram!<br><\/em><\/a>\u23e9\u00a0<strong><em>Adem\u00e1s, tenemos nuestro\u00a0<\/em><\/strong><a href=\"https:\/\/whatsapp.com\/channel\/0029VaDZ5zb0gcfDxuwxBM05\"><em>canal de Whatsapp<\/em><\/a><strong><em>\u00a0con toda la informaci\u00f3n al instante<\/em><\/strong>\u00a0\ud83c\udfc1<\/p>\n\n\n\n<p class=\"wp-block-paragraph\">Ante todas las alertas emitidas por Protecci\u00f3n Civil, el GP de S\u00e3o Paulo se ha pronunciado sobre los peligros que representa la tormenta.<\/p>\n\n\n\n<p class=\"wp-block-paragraph\">\u201cEl GP de S\u00e3o Paulo cuenta con una sala de monitoreo y control que nos permite seguir de cerca las condiciones meteorol\u00f3gicas. Adem\u00e1s, recibimos informaci\u00f3n constante del <strong>Centro de Monitoreo del Ayuntamiento<\/strong>\u201d, declar\u00f3 la organizaci\u00f3n del GP de S\u00e3o Paulo.<\/p>\n\n\n\n<p class=\"wp-block-paragraph\">\u201cSi las condiciones meteorol\u00f3gicas se vuelven extremadamente adversas, contamos con un protocolo de evacuaci\u00f3n para las zonas, seg\u00fan sus condiciones de seguridad\u201d, concluy\u00f3.<\/p>\n\n\n\n<p class=\"wp-block-paragraph\">El viernes transcurri\u00f3 sin que la lluvia causara problemas, pero la situaci\u00f3n del s\u00e1bado es preocupante.<\/p>\n\n\n\n<p class=\"wp-block-paragraph\">La&nbsp;<strong>F\u00f3rmula 1<\/strong>&nbsp;disputa este fin de semana en el&nbsp;<strong>Aut\u00f3dromo de Interlagos<\/strong>&nbsp;el&nbsp;<strong>Gran Premio de S\u00e3o Paulo, 21\u00aa prueba de la&nbsp;temporada 2025.<\/strong><\/p>\n","protected":false},"excerpt":{"rendered":"<p>Se espera que un cicl\u00f3n extratropical llegue a Brasil entre la noche del viernes y la madrugada del s\u00e1bado. Se prev\u00e9 que afecte a la ciudad de S\u00e3o Paulo durante la actividad en Interlagos.<\/p>\n","protected":false},"author":0,"featured_media":1010375603,"comment_status":"closed","ping_status":"closed","sticky":false,"template":"","format":"standard","meta":{"42wp_featured_image_caption":"","42wp_featured_image_credits":"","42wp_featured_video":"","42wp_featured_image_hidden":false,"42wp_authors_list":[],"footnotes":""},"categories":[5],"tags":[6812,1710,179,1468,474],"42wp_author":[14240],"class_list":["post-4354","post","type-post","status-publish","format-standard","has-post-thumbnail","hentry","category-f1","tag-autodromo-jose-carlos-pace","tag-f1-2025","tag-formula-1","tag-gp-de-sao-paulo","tag-interlagos","42wp_author-ignacio-bogado"],"_links":{"self":[{"href":"https:\/\/grandepremio.com\/es\/wp-json\/wp\/v2\/posts\/4354","targetHints":{"allow":["GET"]}}],"collection":[{"href":"https:\/\/grandepremio.com\/es\/wp-json\/wp\/v2\/posts"}],"about":[{"href":"https:\/\/grandepremio.com\/es\/wp-json\/wp\/v2\/types\/post"}],"replies":[{"embeddable":true,"href":"https:\/\/grandepremio.com\/es\/wp-json\/wp\/v2\/comments?post=4354"}],"version-history":[{"count":0,"href":"https:\/\/grandepremio.com\/es\/wp-json\/wp\/v2\/posts\/4354\/revisions"}],"wp:featuredmedia":[{"embeddable":true,"href":"https:\/\/grandepremio.com\/es\/wp-json\/wp\/v2\/media\/1010375603"}],"wp:attachment":[{"href":"https:\/\/grandepremio.com\/es\/wp-json\/wp\/v2\/media?parent=4354"}],"wp:term":[{"taxonomy":"category","embeddable":true,"href":"https:\/\/grandepremio.com\/es\/wp-json\/wp\/v2\/categories?post=4354"},{"taxonomy":"post_tag","embeddable":true,"href":"https:\/\/grandepremio.com\/es\/wp-json\/wp\/v2\/tags?post=4354"},{"taxonomy":"42wp_author","embeddable":true,"href":"https:\/\/grandepremio.com\/es\/wp-json\/wp\/v2\/42wp_author?post=4354"}],"curies":[{"name":"wp","href":"https:\/\/api.w.org\/{rel}","templated":true}]}}