{"id":4357,"date":"2025-11-07T20:00:51","date_gmt":"2025-11-07T23:00:51","guid":{"rendered":"https:\/\/grandepremio.com\/es\/2025\/11\/07\/russell-destaca-ritmo-clasificacion-sprint-sao-paulo-f1-2025\/"},"modified":"2025-11-07T20:01:26","modified_gmt":"2025-11-07T23:01:26","slug":"russell-destaca-ritmo-clasificacion-sprint-sao-paulo-f1-2025","status":"publish","type":"post","link":"https:\/\/grandepremio.com\/es\/f1\/russell-destaca-ritmo-clasificacion-sprint-sao-paulo-f1-2025\/","title":{"rendered":"Russell destaca el ritmo en la clasificaci\u00f3n sprint en S\u00e3o Paulo: \u00abCerca de McLaren\u00bb"},"content":{"rendered":"\n<p class=\"wp-block-paragraph\">Tomando como referencia el viernes, primer d\u00eda de actividades en pista del <strong>GP de S\u00e3o Paulo<\/strong>, <strong>Mercedes<\/strong> se perfila como el segundo equipo m\u00e1s fuerte. <strong>Andrea Kimi Antonelli<\/strong> marc\u00f3 el segundo mejor tiempo, con <strong>George Russell<\/strong> cuarto en la clasificaci\u00f3n para la carrera sprint, un logro que el brit\u00e1nico destac\u00f3, se\u00f1alando que el equipo siempre estuvo cerca de <strong>McLaren<\/strong>, que se hizo con la <a href=\"https:\/\/grandepremio.com\/es\/f1\/lando-norris-pole-sprint-franco-colapinto-formula-1-2025\/\">pole position con <strong>Lando Norris<\/strong><\/a> en la carrera m\u00e1s corta en Brasil.<\/p>\n\n\n\n<p class=\"wp-block-paragraph\">El brit\u00e1nico resalt\u00f3 que Mercedes est\u00e1 en buena posici\u00f3n para la sprint en el circuito de <strong>Interlagos<\/strong>, y tambi\u00e9n indic\u00f3 que espera que la actividad se desarrolle bajo la lluvia este s\u00e1bado. El #63 advirti\u00f3 que es una buena oportunidad en la lucha por el segundo puesto en el <strong>Campeonato Mundial de Constructores<\/strong>.<\/p>\n\n\n\n<p class=\"wp-block-paragraph\">\ud83d\udfe5&nbsp;<strong><em>\u00a1Todas las novedades te esperan en el canal de&nbsp;<\/em><\/strong><a href=\"https:\/\/www.youtube.com\/@GrandePremioES\"><em>YouTube<\/em><\/a><strong><em>&nbsp;de Grande Pr\u00eamio en Espa\u00f1ol!<\/em><\/strong>&nbsp;\ud83d\udfe8<\/p>\n\n\n\n<figure class=\"wp-block-image size-full\"><img decoding=\"async\" src=\"https:\/\/grandepremio.com\/es\/wp-content\/uploads\/..\/gp_br_uploads\/2025\/11\/sao-paulo-2025-f1-treino-livre-mercedes-george-russell-01.jpg\" alt=\"\" class=\"wp-image-375057\"\/><figcaption class=\"wp-element-caption\">George Russell elogi\u00f3 a Antonelli por el 2\u00b0 lugar en la grilla de la sprint. (Foto: Mercedes)<\/figcaption><\/figure>\n\n\n\n<p class=\"wp-block-paragraph\">\u23e9\u00a0<strong><em>\u00a1Seguinos en redes por\u00a0<\/em><\/strong><a href=\"https:\/\/twitter.com\/grandepremioES\"><em>Twitter\u00a0<\/em><\/a><strong><em>e\u00a0<\/em><\/strong><a href=\"https:\/\/www.instagram.com\/grandepremioes\/\"><em>Instagram!<br><\/em><\/a>\u23e9\u00a0<strong><em>Adem\u00e1s, tenemos nuestro\u00a0<\/em><\/strong><a href=\"https:\/\/whatsapp.com\/channel\/0029VaDZ5zb0gcfDxuwxBM05\"><em>canal de Whatsapp<\/em><\/a><strong><em>\u00a0con toda la informaci\u00f3n al instante<\/em><\/strong>\u00a0\ud83c\udfc1<\/p>\n\n\n\n<p class=\"wp-block-paragraph\">\u201cEstuvimos cerca durante toda la sesi\u00f3n. La SQ3 fue divertida, con todos un poco m\u00e1s lentos excepto Kimi. sin duda, hizo un gran trabajo. Para nosotros, ser segundo y cuarto son muy buenas posiciones de salida\u201d, declar\u00f3.<\/p>\n\n\n\n<p class=\"wp-block-paragraph\">\u201cEsperamos lluvia esta noche y hay posibilidad de carrera en mojado ma\u00f1ana. Necesitamos conservar estos puntos y seguir luchando con <strong>Red Bull<\/strong> y <strong>Ferrari<\/strong>\u201d, concluy\u00f3.<\/p>\n\n\n\n<p class=\"wp-block-paragraph\">La&nbsp;<strong>F\u00f3rmula 1<\/strong>&nbsp;disputa este fin de semana en el&nbsp;<strong>Aut\u00f3dromo de Interlagos<\/strong>&nbsp;el&nbsp;<strong>Gran Premio de S\u00e3o Paulo, 21\u00aa prueba de la&nbsp;temporada 2025.<\/strong><\/p>\n\n\n\n<figure class=\"wp-block-embed is-type-rich is-provider-gestor-del-servicio wp-block-embed-gestor-del-servicio wp-embed-aspect-16-9 wp-has-aspect-ratio\"><div class=\"wp-block-embed__wrapper\">\nhttps:\/\/youtube.com\/watch?v=q9oIPdGrC28%3Fversion%3D3%26rel%3D1%26showsearch%3D0%26showinfo%3D1%26iv_load_policy%3D1%26fs%3D1%26hl%3Des-ES%26autohide%3D2%26wmode%3Dtransparent\n<\/div><\/figure>\n","protected":false},"excerpt":{"rendered":"<p>Adem\u00e1s de elogiar el desempe\u00f1o de Mercedes el viernes en Brasil de F1, George Russell resalt\u00f3 las posibilidades del equipo en la batalla con Red Bull y Ferrari por el Campeonato de Constructores.<\/p>\n","protected":false},"author":0,"featured_media":1010375522,"comment_status":"closed","ping_status":"closed","sticky":false,"template":"","format":"standard","meta":{"42wp_featured_image_caption":"","42wp_featured_image_credits":"","42wp_featured_video":"","42wp_featured_image_hidden":false,"42wp_authors_list":[],"footnotes":""},"categories":[5],"tags":[6800,6812,1710,179,253,1468,474,197,11524],"42wp_author":[14240],"class_list":["post-4357","post","type-post","status-publish","format-standard","has-post-thumbnail","hentry","category-f1","tag-andrea-kimi-antonelli","tag-autodromo-jose-carlos-pace","tag-f1-2025","tag-formula-1","tag-george-russell","tag-gp-de-sao-paulo","tag-interlagos","tag-mercedes","tag-w16","42wp_author-ignacio-bogado"],"_links":{"self":[{"href":"https:\/\/grandepremio.com\/es\/wp-json\/wp\/v2\/posts\/4357","targetHints":{"allow":["GET"]}}],"collection":[{"href":"https:\/\/grandepremio.com\/es\/wp-json\/wp\/v2\/posts"}],"about":[{"href":"https:\/\/grandepremio.com\/es\/wp-json\/wp\/v2\/types\/post"}],"replies":[{"embeddable":true,"href":"https:\/\/grandepremio.com\/es\/wp-json\/wp\/v2\/comments?post=4357"}],"version-history":[{"count":0,"href":"https:\/\/grandepremio.com\/es\/wp-json\/wp\/v2\/posts\/4357\/revisions"}],"wp:featuredmedia":[{"embeddable":true,"href":"https:\/\/grandepremio.com\/es\/wp-json\/wp\/v2\/media\/1010375522"}],"wp:attachment":[{"href":"https:\/\/grandepremio.com\/es\/wp-json\/wp\/v2\/media?parent=4357"}],"wp:term":[{"taxonomy":"category","embeddable":true,"href":"https:\/\/grandepremio.com\/es\/wp-json\/wp\/v2\/categories?post=4357"},{"taxonomy":"post_tag","embeddable":true,"href":"https:\/\/grandepremio.com\/es\/wp-json\/wp\/v2\/tags?post=4357"},{"taxonomy":"42wp_author","embeddable":true,"href":"https:\/\/grandepremio.com\/es\/wp-json\/wp\/v2\/42wp_author?post=4357"}],"curies":[{"name":"wp","href":"https:\/\/api.w.org\/{rel}","templated":true}]}}