{"id":4362,"date":"2025-11-07T17:38:09","date_gmt":"2025-11-07T20:38:09","guid":{"rendered":"https:\/\/grandepremio.com\/es\/2025\/11\/07\/antonelli-celebra-2-lugar-sprint-sao-paulo-f1-2025\/"},"modified":"2025-11-07T17:38:13","modified_gmt":"2025-11-07T20:38:13","slug":"antonelli-celebra-2-lugar-sprint-sao-paulo-f1-2025","status":"publish","type":"post","link":"https:\/\/grandepremio.com\/es\/f1\/antonelli-celebra-2-lugar-sprint-sao-paulo-f1-2025\/","title":{"rendered":"Antonelli celebra 2\u00b0 lugar para la sprint en S\u00e3o Paulo: \u00abHay mucho por lo que luchar\u00bb"},"content":{"rendered":"\n<p class=\"wp-block-paragraph\"><strong>Andrea Kimi Antonelli<\/strong> contin\u00faa su s\u00f3lida temporada de debut en la <strong>F\u00f3rmula 1<\/strong>. El joven italiano de <strong>Mercedes<\/strong> asegur\u00f3 el segundo puesto en la parrilla para la carrera sprint del <strong>GP de S\u00e3o Paulo<\/strong> este viernes, a tan solo <a href=\"https:\/\/grandepremio.com\/es\/f1\/lando-norris-pole-sprint-franco-colapinto-formula-1-2025\/\"><strong>0s097<\/strong> de la pole position de <strong>Lando Norris<\/strong><\/a>. A pesar de lamentar un peque\u00f1o error al final de la vuelta decisiva, el debutante celebr\u00f3 el resultado y afirm\u00f3 estar listo para luchar por la victoria el s\u00e1bado.<\/p>\n\n\n\n<p class=\"wp-block-paragraph\">La actuaci\u00f3n del italiano fue uno de los momentos m\u00e1s destacados del viernes en <strong>Interlagos<\/strong>. Tras finalizar d\u00e9cimo en los entrenamientos libres, el #12 demostr\u00f3 madurez y ritmo para enfrentarse a rivales mucho m\u00e1s experimentados, garantizando a Mercedes una s\u00f3lida presencia en la primera fila de la carrera sprint en <strong>Brasil<\/strong>.<\/p>\n\n\n\n<p class=\"wp-block-paragraph\">\u00abFue una buena sesi\u00f3n en general. La vuelta con los neum\u00e1ticos blandos fue una l\u00e1stima en el pen\u00faltimo sector, pero aun as\u00ed fue una vuelta decente. Todav\u00eda tenemos el segundo puesto para ma\u00f1ana, as\u00ed que hay mucho en juego\u00bb, evalu\u00f3.<\/p>\n\n\n\n<p class=\"wp-block-paragraph\">\ud83d\udfe5&nbsp;<strong><em>\u00a1Todas las novedades te esperan en el canal de&nbsp;<\/em><\/strong><a href=\"https:\/\/www.youtube.com\/@GrandePremioES\"><em>YouTube<\/em><\/a><strong><em>&nbsp;de Grande Pr\u00eamio en Espa\u00f1ol!<\/em><\/strong>&nbsp;\ud83d\udfe8<\/p>\n\n\n\n<figure class=\"wp-block-image size-full\"><img decoding=\"async\" src=\"https:\/\/grandepremio.com\/es\/wp-content\/uploads\/..\/gp_br_uploads\/2025\/11\/sao-paulo-2025-f1-treino-livre-mercedes-kimi-antonelli-berton-03.jpg\" alt=\"\" class=\"wp-image-375245\"\/><figcaption class=\"wp-element-caption\">Andrea Kimi Antonelli remarc\u00f3 el foco en la meteorolog\u00eda para el s\u00e1bado. (Foto: Rodrigo Berton\/Ag\u00eancia Warm Up)<\/figcaption><\/figure>\n\n\n\n<p class=\"wp-block-paragraph\">\u23e9\u00a0<strong><em>\u00a1Seguinos en redes por\u00a0<\/em><\/strong><a href=\"https:\/\/twitter.com\/grandepremioES\"><em>Twitter\u00a0<\/em><\/a><strong><em>e\u00a0<\/em><\/strong><a href=\"https:\/\/www.instagram.com\/grandepremioes\/\"><em>Instagram!<br><\/em><\/a>\u23e9\u00a0<strong><em>Adem\u00e1s, tenemos nuestro\u00a0<\/em><\/strong><a href=\"https:\/\/whatsapp.com\/channel\/0029VaDZ5zb0gcfDxuwxBM05\"><em>canal de Whatsapp<\/em><\/a><strong><em>\u00a0con toda la informaci\u00f3n al instante<\/em><\/strong>\u00a0\ud83c\udfc1<\/p>\n\n\n\n<p class=\"wp-block-paragraph\">El italiano tambi\u00e9n coment\u00f3 sobre las perspectivas para la carrera corta, programada para el s\u00e1bado por la ma\u00f1ana. Antonelli cree que el tiempo podr\u00eda cambiar significativamente, lo que requerir\u00e1 una mayor atenci\u00f3n por parte del equipo en cuanto a la gesti\u00f3n de los neum\u00e1ticos y el comportamiento del coche en condiciones variables.<\/p>\n\n\n\n<p class=\"wp-block-paragraph\">\u00abTendremos que tener cuidado con el viento, que cambiar\u00e1 bastante de direcci\u00f3n, as\u00ed que ma\u00f1ana esperamos condiciones muy diferentes\u00bb, explic\u00f3.<\/p>\n\n\n\n<p class=\"wp-block-paragraph\">\u00abEl desgaste de los neum\u00e1ticos tambi\u00e9n ser\u00e1 algo incierto, pero intentaremos estar preparados para todo. Espero que podamos tener una buena carrera\u00bb, concluy\u00f3.<\/p>\n\n\n\n<p class=\"wp-block-paragraph\">La&nbsp;<strong>F\u00f3rmula 1<\/strong>&nbsp;disputa este fin de semana en el&nbsp;<strong>Aut\u00f3dromo de Interlagos<\/strong>&nbsp;el&nbsp;<strong>Gran Premio de S\u00e3o Paulo, 21\u00aa prueba de la&nbsp;temporada 2025.<\/strong><\/p>\n\n\n\n<figure class=\"wp-block-embed is-type-rich is-provider-gestor-del-servicio wp-block-embed-gestor-del-servicio wp-embed-aspect-16-9 wp-has-aspect-ratio\"><div class=\"wp-block-embed__wrapper\">\nhttps:\/\/youtube.com\/watch?v=q9oIPdGrC28%3Fversion%3D3%26rel%3D1%26showsearch%3D0%26showinfo%3D1%26iv_load_policy%3D1%26fs%3D1%26hl%3Des-ES%26autohide%3D2%26wmode%3Dtransparent\n<\/div><\/figure>\n","protected":false},"excerpt":{"rendered":"<p>Andrea Kimi Antonelli celebr\u00f3 su segundo puesto en la parrilla de salida de la sprint y dijo que espera condiciones meteorol\u00f3gicas \u00abmuy diferentes\u00bb el s\u00e1bado.<\/p>\n","protected":false},"author":0,"featured_media":1010375252,"comment_status":"closed","ping_status":"closed","sticky":false,"template":"","format":"standard","meta":{"42wp_featured_image_caption":"","42wp_featured_image_credits":"","42wp_featured_video":"","42wp_featured_image_hidden":false,"42wp_authors_list":[],"footnotes":""},"categories":[5],"tags":[6800,6812,1710,179,1468,474,197],"42wp_author":[14240],"class_list":["post-4362","post","type-post","status-publish","format-standard","has-post-thumbnail","hentry","category-f1","tag-andrea-kimi-antonelli","tag-autodromo-jose-carlos-pace","tag-f1-2025","tag-formula-1","tag-gp-de-sao-paulo","tag-interlagos","tag-mercedes","42wp_author-ignacio-bogado"],"_links":{"self":[{"href":"https:\/\/grandepremio.com\/es\/wp-json\/wp\/v2\/posts\/4362","targetHints":{"allow":["GET"]}}],"collection":[{"href":"https:\/\/grandepremio.com\/es\/wp-json\/wp\/v2\/posts"}],"about":[{"href":"https:\/\/grandepremio.com\/es\/wp-json\/wp\/v2\/types\/post"}],"replies":[{"embeddable":true,"href":"https:\/\/grandepremio.com\/es\/wp-json\/wp\/v2\/comments?post=4362"}],"version-history":[{"count":0,"href":"https:\/\/grandepremio.com\/es\/wp-json\/wp\/v2\/posts\/4362\/revisions"}],"wp:featuredmedia":[{"embeddable":true,"href":"https:\/\/grandepremio.com\/es\/wp-json\/wp\/v2\/media\/1010375252"}],"wp:attachment":[{"href":"https:\/\/grandepremio.com\/es\/wp-json\/wp\/v2\/media?parent=4362"}],"wp:term":[{"taxonomy":"category","embeddable":true,"href":"https:\/\/grandepremio.com\/es\/wp-json\/wp\/v2\/categories?post=4362"},{"taxonomy":"post_tag","embeddable":true,"href":"https:\/\/grandepremio.com\/es\/wp-json\/wp\/v2\/tags?post=4362"},{"taxonomy":"42wp_author","embeddable":true,"href":"https:\/\/grandepremio.com\/es\/wp-json\/wp\/v2\/42wp_author?post=4362"}],"curies":[{"name":"wp","href":"https:\/\/api.w.org\/{rel}","templated":true}]}}