{"id":4376,"date":"2025-11-07T10:44:58","date_gmt":"2025-11-07T13:44:58","guid":{"rendered":"https:\/\/grandepremio.com\/es\/2025\/11\/07\/alpine-completa-alineacion-confirma-renovacion-colapinto-f1-2026\/"},"modified":"2025-11-07T10:45:02","modified_gmt":"2025-11-07T13:45:02","slug":"alpine-completa-alineacion-confirma-renovacion-colapinto-f1-2026","status":"publish","type":"post","link":"https:\/\/grandepremio.com\/es\/f1\/alpine-completa-alineacion-confirma-renovacion-colapinto-f1-2026\/","title":{"rendered":"Alpine completa su alineaci\u00f3n y confirma renovaci\u00f3n de Colapinto para la F1 2026"},"content":{"rendered":"\n<p class=\"wp-block-paragraph\">En la previa del <strong>Gran Premio de S\u00e3o Paulo<\/strong>, <strong>Alpine<\/strong> puso fin a una semana cargada de \u00abpistas\u00bb, tanto de sus m\u00e1nagers como del propio equipo, y asegur\u00f3 la continuidad de <strong>Franco Colapinto<\/strong> para la <strong>temporada 2026<\/strong> de <strong>F\u00f3rmula 1<\/strong> este viernes. A pesar de la pol\u00e9mica en <strong>Estados Unidos<\/strong> por incumplir la orden de equipo al superar a su compa\u00f1ero <strong>Pierre Gasly<\/strong>, la escuder\u00eda francesa volvi\u00f3 a apostar por el argentino de cara al campeonato en el que se introducir\u00e1 el nuevo reglamento t\u00e9cnico.<\/p>\n\n\n\n<p class=\"wp-block-paragraph\">La extensi\u00f3n del v\u00ednculo entre la escuder\u00eda francesa y el argentino abarca 2026, la cual ser\u00e1 su primera su primera temporada completa en F1 tras su debut en las nueve carreras finales de 2024 con Williams y afrontar\u00e1 el primer a\u00f1o del nuevo reglamento de la categor\u00eda.<\/p>\n\n\n\n<p class=\"wp-block-paragraph\">El pilarense se uni\u00f3 al equipo de <strong>Enstone<\/strong> para la <strong>temporada 2025<\/strong> como reserva y luego de las primeras seis carreras de <strong>Jack Doohan<\/strong> al volante del <strong>A525<\/strong> que no dejaron satisfecho al asesor <strong>Flavio Briatore<\/strong>, y tras la renuncia del anterior jefe <strong>Oliver Oakes<\/strong>, el pilarense fue la opci\u00f3n para sustituir al australiano a partir del <strong>Gran Premio de Emilia-Roma\u00f1a<\/strong> en <strong>Imola<\/strong>.<\/p>\n\n\n\n<p class=\"wp-block-paragraph\">Aunque al principio comenz\u00f3 en desventaja frente a Gasly por la falta de una pretemporada a bordo del monoplaza y la poca preparaci\u00f3n en el modelo de <strong>2025<\/strong>, la situaci\u00f3n cambi\u00f3 luego del receso de verano en <strong>Europa<\/strong> a partir del <strong>GP de Pa\u00edses Bajos<\/strong>, cuando logr\u00f3 en <strong>Zandvoort<\/strong> su mejor resultado hasta el momento tras finalizar 11\u00b0.<\/p>\n\n\n\n<p class=\"wp-block-paragraph\">\ud83d\udfe5&nbsp;<strong><em>\u00a1Todas las novedades te esperan en el canal de&nbsp;<\/em><\/strong><a href=\"https:\/\/www.youtube.com\/@GrandePremioES\"><em>YouTube<\/em><\/a><strong><em>&nbsp;de Grande Pr\u00eamio en Espa\u00f1ol!<\/em><\/strong>&nbsp;\ud83d\udfe8<\/p>\n\n\n\n<figure class=\"wp-block-image size-full\"><img decoding=\"async\" src=\"https:\/\/grandepremio.com\/es\/wp-content\/uploads\/..\/gp_br_uploads\/2025\/10\/BWT-Alpine-Formula-One-Team-2025-Formula-One-United-States-Grand-Prix-Sunday-1-scaled.jpg\" alt=\"\" class=\"wp-image-371259\"\/><figcaption class=\"wp-element-caption\">Alpine anunci\u00f3 la renovaci\u00f3n de Colapinto junto a Gasly en F1 2026. (Foto: Sam Bloxham\/LAT Images)<\/figcaption><\/figure>\n\n\n\n<p class=\"wp-block-paragraph\">\u23e9&nbsp;<strong><em>\u00a1Seguinos en redes por&nbsp;<\/em><\/strong><a href=\"https:\/\/twitter.com\/grandepremioES\"><em>Twitter&nbsp;<\/em><\/a><strong><em>e&nbsp;<\/em><\/strong><a href=\"https:\/\/www.instagram.com\/grandepremioes\/\"><em>Instagram!<br><\/em><\/a>\u23e9&nbsp;<strong><em>Adem\u00e1s, tenemos nuestro&nbsp;<\/em><\/strong><a href=\"https:\/\/whatsapp.com\/channel\/0029VaDZ5zb0gcfDxuwxBM05\"><em>canal de Whatsapp<\/em><\/a><strong><em>&nbsp;con toda la informaci\u00f3n al instante<\/em><\/strong>&nbsp;\ud83c\udfc1<\/p>\n\n\n\n<p class=\"wp-block-paragraph\">Despu\u00e9s de eso, inici\u00f3 una seguidilla de resultados positivos, que aunque lo tuvieron fuera de la zona de puntos, fue suficiente para superar a su compa\u00f1ero franc\u00e9s en el duelo interno, culminando con la desobediencia a la orden de equipo de mantenerse por detr\u00e1s de Pierre en el <strong>Circuito de las Am\u00e9ricas<\/strong>.<\/p>\n\n\n\n<p class=\"wp-block-paragraph\">Las <a href=\"https:\/\/grandepremio.com\/es\/f1\/alpine-reprueba-adelantamiento-colapinto-gasly-austin-f1-2025\/\">cr\u00edticas del director general, <strong>Steve Nielsen<\/strong><\/a>, al comportamiento de Colapinto generaron rechazo entre los aficionados y el propio <strong>Marcos Galper\u00edn<\/strong>, fundador de <strong>Mercado Libre<\/strong>, principal sponsor de Franco y empresa que se meti\u00f3 en el dise\u00f1o del A525 para las fechas en <strong>Am\u00e9rica<\/strong>.<\/p>\n\n\n\n<p class=\"wp-block-paragraph\">El factor comercial que representa el pasado GP en la Ciudad de M\u00e9xico y el actual en <strong>Brasil<\/strong>, pa\u00edses donde act\u00faa la principal empresa patrocinadora del piloto, y la evoluci\u00f3n deportiva del #43 a bordo del coche devinieron en la renovaci\u00f3n para 2026 junto a Gasly, quien desde el <a href=\"https:\/\/grandepremio.com\/es\/f1\/pierre-gasly-renueva-contrato-alpine-formula-1-2028\/\"><strong>GP de Italia<\/strong> est\u00e1 asegurado en Enstone hasta <strong>2028<\/strong><\/a>.<\/p>\n\n\n\n<p class=\"wp-block-paragraph\">Adem\u00e1s, los de Enstone aprovecharon el factor de marketing de la fecha del anuncio, 7 de noviembre de 2025 (7\/11\/25) para publicar un sugerente posteo a las <strong>20h26<\/strong> del jueves en redes donde instaban al p\u00fablico a \u00abhacer matem\u00e1ticas\u00bb, ya que la sumatoria de los n\u00fameros resultaba en <strong>43<\/strong>, el dorsal del pilarense. Todo el juego de pistas se complet\u00f3 con la hora de la confirmaci\u00f3n, dada a las <strong>10h43<\/strong> de Buenos Aires, siendo el 10, adem\u00e1s, el n\u00famero utilizado por Gasly.<\/p>\n\n\n\n<p class=\"wp-block-paragraph\">La\u00a0<strong>F\u00f3rmula 1<\/strong>\u00a0disputa este fin de semana en el\u00a0<strong>Aut\u00f3dromo de Interlagos<\/strong>\u00a0el\u00a0<strong>Gran Premio de S\u00e3o Paulo, 21\u00aa prueba de la\u00a0temporada 2025.<\/strong><\/p>\n\n\n\n<figure class=\"wp-block-embed is-type-video is-provider-youtube wp-block-embed-youtube wp-embed-aspect-16-9 wp-has-aspect-ratio\"><div class=\"wp-block-embed__wrapper\">\n<iframe loading=\"lazy\" title=\"FERRARI NO GANA EN 2025 Y EL FUTURO DE SUS PILOTOS PELIGRA\" width=\"500\" height=\"281\" src=\"https:\/\/www.youtube.com\/embed\/dQr5zAE-NB4?feature=oembed\" frameborder=\"0\" allow=\"accelerometer; autoplay; clipboard-write; encrypted-media; gyroscope; picture-in-picture; web-share\" referrerpolicy=\"strict-origin-when-cross-origin\" allowfullscreen><\/iframe>\n<\/div><\/figure>\n","protected":false},"excerpt":{"rendered":"<p>La escuder\u00eda francesa confirm\u00f3 que el argentino se mantendr\u00e1 como titular en la temporada 2026 de F\u00f3rmula 1, completando la dupla de pilotos con Pierre Gasly.<\/p>\n","protected":false},"author":0,"featured_media":1010374965,"comment_status":"closed","ping_status":"closed","sticky":false,"template":"","format":"standard","meta":{"42wp_featured_image_caption":"","42wp_featured_image_credits":"","42wp_featured_video":"","42wp_featured_image_hidden":false,"42wp_authors_list":[],"footnotes":""},"categories":[5],"tags":[678,6812,1710,2326,179,814,1468,474,427,7930,1860],"42wp_author":[14240],"class_list":["post-4376","post","type-post","status-publish","format-standard","has-post-thumbnail","hentry","category-f1","tag-alpine","tag-autodromo-jose-carlos-pace","tag-f1-2025","tag-flavio-briatore","tag-formula-1","tag-franco-colapinto","tag-gp-de-sao-paulo","tag-interlagos","tag-pierre-gasly","tag-reglamento-2026","tag-steve-nielsen","42wp_author-ignacio-bogado"],"_links":{"self":[{"href":"https:\/\/grandepremio.com\/es\/wp-json\/wp\/v2\/posts\/4376","targetHints":{"allow":["GET"]}}],"collection":[{"href":"https:\/\/grandepremio.com\/es\/wp-json\/wp\/v2\/posts"}],"about":[{"href":"https:\/\/grandepremio.com\/es\/wp-json\/wp\/v2\/types\/post"}],"replies":[{"embeddable":true,"href":"https:\/\/grandepremio.com\/es\/wp-json\/wp\/v2\/comments?post=4376"}],"version-history":[{"count":0,"href":"https:\/\/grandepremio.com\/es\/wp-json\/wp\/v2\/posts\/4376\/revisions"}],"wp:featuredmedia":[{"embeddable":true,"href":"https:\/\/grandepremio.com\/es\/wp-json\/wp\/v2\/media\/1010374965"}],"wp:attachment":[{"href":"https:\/\/grandepremio.com\/es\/wp-json\/wp\/v2\/media?parent=4376"}],"wp:term":[{"taxonomy":"category","embeddable":true,"href":"https:\/\/grandepremio.com\/es\/wp-json\/wp\/v2\/categories?post=4376"},{"taxonomy":"post_tag","embeddable":true,"href":"https:\/\/grandepremio.com\/es\/wp-json\/wp\/v2\/tags?post=4376"},{"taxonomy":"42wp_author","embeddable":true,"href":"https:\/\/grandepremio.com\/es\/wp-json\/wp\/v2\/42wp_author?post=4376"}],"curies":[{"name":"wp","href":"https:\/\/api.w.org\/{rel}","templated":true}]}}