{"id":4384,"date":"2025-11-06T13:43:55","date_gmt":"2025-11-06T16:43:55","guid":{"rendered":"https:\/\/grandepremio.com\/es\/2025\/11\/06\/ocon-recuerda-podio-2024-dice-interlagos-siempre-tiene-alguna-sorpresa\/"},"modified":"2025-11-06T13:43:58","modified_gmt":"2025-11-06T16:43:58","slug":"ocon-recuerda-podio-2024-dice-interlagos-siempre-tiene-alguna-sorpresa","status":"publish","type":"post","link":"https:\/\/grandepremio.com\/es\/f1\/ocon-recuerda-podio-2024-dice-interlagos-siempre-tiene-alguna-sorpresa\/","title":{"rendered":"Ocon recuerda podio en 2024 y dice que Interlagos \u00absiempre tiene alguna sorpresa\u00bb"},"content":{"rendered":"\n<p class=\"wp-block-paragraph\"><strong>Esteban Ocon<\/strong> regres\u00f3 a <strong>Interlagos<\/strong> con gratos recuerdos del <strong>GP de S\u00e3o Paulo<\/strong>. Un a\u00f1o despu\u00e9s de brillar bajo la lluvia y subir al podio con <strong>Alpine<\/strong>, el franc\u00e9s se mostr\u00f3 confiado de cara al fin de semana de <strong>2025<\/strong>, pero recalc\u00f3 que la carrera de este a\u00f1o representa un nuevo comienzo y revel\u00f3 que no espera correr bajo la lluvia.<\/p>\n\n\n\n<p class=\"wp-block-paragraph\">El franc\u00e9s fue uno de los protagonistas del GP de S\u00e3o Paulo de <strong>2024<\/strong>. Tras una actuaci\u00f3n discreta en la sprint, Esteban consigui\u00f3 el cuarto puesto en la clasificaci\u00f3n y, en una carrera ca\u00f3tica, incluso lleg\u00f3 a liderar, pero fue adelantado por <strong>Max Verstappen<\/strong> y finaliz\u00f3 segundo.<\/p>\n\n\n\n<p class=\"wp-block-paragraph\">\ud83d\udfe5&nbsp;<strong><em>\u00a1Todas las novedades te esperan en el canal de&nbsp;<\/em><\/strong><a href=\"https:\/\/www.youtube.com\/@GrandePremioES\"><em>YouTube<\/em><\/a><strong><em>&nbsp;de Grande Pr\u00eamio en Espa\u00f1ol!<\/em><\/strong>&nbsp;\ud83d\udfe8<\/p>\n\n\n\n<figure class=\"wp-block-embed is-type-video is-provider-youtube wp-block-embed-youtube wp-embed-aspect-16-9 wp-has-aspect-ratio\"><div class=\"wp-block-embed__wrapper\">\n<iframe loading=\"lazy\" title=\"FERRARI NO GANA EN 2025 Y EL FUTURO DE SUS PILOTOS PELIGRA\" width=\"500\" height=\"281\" src=\"https:\/\/www.youtube.com\/embed\/dQr5zAE-NB4?feature=oembed\" frameborder=\"0\" allow=\"accelerometer; autoplay; clipboard-write; encrypted-media; gyroscope; picture-in-picture; web-share\" referrerpolicy=\"strict-origin-when-cross-origin\" allowfullscreen><\/iframe>\n<\/div><\/figure>\n\n\n\n<p class=\"wp-block-paragraph\">Preguntado por <strong>GRANDE PR\u00caMIO<\/strong>, el piloto de <strong>Haas<\/strong> reconoci\u00f3 que el resultado le genera confianza para 2025, pero subray\u00f3 que no es garant\u00eda de un buen rendimiento. &#8220;Sin duda, cuando consigues estos resultados, cuando luchas por el podio y por la victoria en las condiciones m\u00e1s dif\u00edciles, te da confianza&#8221;, afirm\u00f3.<\/p>\n\n\n\n<p class=\"wp-block-paragraph\">\u201cPero tener confianza no significa que puedas simplemente repetir lo del a\u00f1o pasado. Es un reinicio completo. Eso es lo que hace especial a la <strong>F\u00f3rmula 1<\/strong>. Siempre se empieza de cero\u201d, a\u00f1adi\u00f3.<\/p>\n\n\n\n<p class=\"wp-block-paragraph\">A pesar del buen resultado de 2024 bajo la lluvia, el franc\u00e9s recalc\u00f3 que no espera que se repita el mal tiempo. Sin embargo, admiti\u00f3 que, si llueve, cree tener buenas posibilidades de nuevo.<\/p>\n\n\n\n<p class=\"wp-block-paragraph\">\u201cNo espero que llueva. Si llueve, tengo mucha confianza, bas\u00e1ndome en lo que he visto aqu\u00ed en los \u00faltimos a\u00f1os. Pero las cosas pueden ir bien o mal, dependiendo de la posici\u00f3n en la pista, el tr\u00e1fico, las banderas rojas y dem\u00e1s\u201d, explic\u00f3.<\/p>\n\n\n\n<figure class=\"wp-block-image size-full\"><img decoding=\"async\" src=\"https:\/\/grandepremio.com\/es\/wp-content\/uploads\/..\/gp_br_uploads\/2024\/11\/IMG_0787.jpg\" alt=\"\" class=\"wp-image-298638\"\/><figcaption class=\"wp-element-caption\">Esteban Ocon hab\u00eda sido segundo con Alpine en la lluvia en 2024. (Foto: Rodrigo Berton\/Ag\u00eancia WarmUp)<\/figcaption><\/figure>\n\n\n\n<p class=\"wp-block-paragraph\">\u23e9\u00a0<strong><em>\u00a1Seguinos en redes por\u00a0<\/em><\/strong><a href=\"https:\/\/twitter.com\/grandepremioES\"><em>Twitter\u00a0<\/em><\/a><strong><em>e\u00a0<\/em><\/strong><a href=\"https:\/\/www.instagram.com\/grandepremioes\/\"><em>Instagram!<br><\/em><\/a>\u23e9\u00a0<strong><em>Adem\u00e1s, tenemos nuestro\u00a0<\/em><\/strong><a href=\"https:\/\/whatsapp.com\/channel\/0029VaDZ5zb0gcfDxuwxBM05\"><em>canal de Whatsapp<\/em><\/a><strong><em>\u00a0con toda la informaci\u00f3n al instante<\/em><\/strong>\u00a0\ud83c\udfc1<\/p>\n\n\n\n<p class=\"wp-block-paragraph\">\u201cPor el momento, parece bastante improbable que no llueva. El pron\u00f3stico indica condiciones dif\u00edciles para la carrera, as\u00ed que no s\u00e9 si el horario se mantendr\u00e1 igual. De momento, el tiempo est\u00e1 seco, lo que ser\u00e1 bueno para probar el coche y comparar nuestra posici\u00f3n con la de los dem\u00e1s. Si llueve, ser\u00e1 un nuevo comienzo\u201d, explic\u00f3.<\/p>\n\n\n\n<p class=\"wp-block-paragraph\">\u201cPero este circuito es realmente especial\u2026 Cada a\u00f1o hay una sorpresa. Cuando llueve, surgen buenas oportunidades. Es uno de los pocos circuitos donde los coches se estabilizan bien en mojado. Lo vemos en otros circuitos, pero no tanto como aqu\u00ed. Eso es algo genial y \u00fanico de este lugar\u201d, concluy\u00f3.<\/p>\n\n\n\n<p class=\"wp-block-paragraph\">La&nbsp;<strong>F\u00f3rmula 1<\/strong>&nbsp;regresa este fin de semana del 7 al 9 de noviembre con el&nbsp;<strong>GP de S\u00e3o Paulo<\/strong>, que se disputar\u00e1 en el circuito de&nbsp;<strong>Interlagos<\/strong>&nbsp;para la 21\u00aa ronda de la&nbsp;<strong>temporada 2025<\/strong>.<\/p>\n","protected":false},"excerpt":{"rendered":"<p>Esteban Ocon record\u00f3 su segundo puesto en el Gran Premio de S\u00e3o Paulo de 2024, pero reconoci\u00f3 que ese resultado no garantiza una buena actuaci\u00f3n este a\u00f1o y dijo que no espera que llueva durante la carrera.<\/p>\n","protected":false},"author":0,"featured_media":1010374756,"comment_status":"closed","ping_status":"closed","sticky":false,"template":"","format":"standard","meta":{"42wp_featured_image_caption":"","42wp_featured_image_credits":"","42wp_featured_video":"","42wp_featured_image_hidden":false,"42wp_authors_list":[],"footnotes":""},"categories":[5],"tags":[678,6812,362,1710,179,1468,414,474],"42wp_author":[14240],"class_list":["post-4384","post","type-post","status-publish","format-standard","has-post-thumbnail","hentry","category-f1","tag-alpine","tag-autodromo-jose-carlos-pace","tag-esteban-ocon","tag-f1-2025","tag-formula-1","tag-gp-de-sao-paulo","tag-haas","tag-interlagos","42wp_author-ignacio-bogado"],"_links":{"self":[{"href":"https:\/\/grandepremio.com\/es\/wp-json\/wp\/v2\/posts\/4384","targetHints":{"allow":["GET"]}}],"collection":[{"href":"https:\/\/grandepremio.com\/es\/wp-json\/wp\/v2\/posts"}],"about":[{"href":"https:\/\/grandepremio.com\/es\/wp-json\/wp\/v2\/types\/post"}],"replies":[{"embeddable":true,"href":"https:\/\/grandepremio.com\/es\/wp-json\/wp\/v2\/comments?post=4384"}],"version-history":[{"count":0,"href":"https:\/\/grandepremio.com\/es\/wp-json\/wp\/v2\/posts\/4384\/revisions"}],"wp:featuredmedia":[{"embeddable":true,"href":"https:\/\/grandepremio.com\/es\/wp-json\/wp\/v2\/media\/1010374756"}],"wp:attachment":[{"href":"https:\/\/grandepremio.com\/es\/wp-json\/wp\/v2\/media?parent=4384"}],"wp:term":[{"taxonomy":"category","embeddable":true,"href":"https:\/\/grandepremio.com\/es\/wp-json\/wp\/v2\/categories?post=4384"},{"taxonomy":"post_tag","embeddable":true,"href":"https:\/\/grandepremio.com\/es\/wp-json\/wp\/v2\/tags?post=4384"},{"taxonomy":"42wp_author","embeddable":true,"href":"https:\/\/grandepremio.com\/es\/wp-json\/wp\/v2\/42wp_author?post=4384"}],"curies":[{"name":"wp","href":"https:\/\/api.w.org\/{rel}","templated":true}]}}