{"id":4392,"date":"2025-11-06T09:41:52","date_gmt":"2025-11-06T12:41:52","guid":{"rendered":"https:\/\/grandepremio.com\/es\/2025\/11\/06\/sainz-busca-aprovechar-cualquier-oportunidad-williams-brasil\/"},"modified":"2025-11-06T09:41:57","modified_gmt":"2025-11-06T12:41:57","slug":"sainz-busca-aprovechar-cualquier-oportunidad-williams-brasil","status":"publish","type":"post","link":"https:\/\/grandepremio.com\/es\/f1\/sainz-busca-aprovechar-cualquier-oportunidad-williams-brasil\/","title":{"rendered":"Sainz busca \u00abaprovechar cualquier oportunidad\u00bb con Williams en Brasil"},"content":{"rendered":"\n<p class=\"wp-block-paragraph\"><strong>Williams<\/strong> sum\u00f3 puntos importantes para la <strong>temporada 2025<\/strong> de <strong>F\u00f3rmula 1<\/strong> en cinco carreras consecutivas, pero tuvo un <strong>Gran Premio de Ciudad de M\u00e9xico<\/strong> para el olvido. En un domingo ca\u00f3tico en el <strong>Aut\u00f3dromo Hermanos Rodr\u00edguez<\/strong>, <strong>Carlos Sainz<\/strong> se vio involucrado en una colisi\u00f3n en la primera vuelta con <strong>Liam Lawson<\/strong>, lo que no solo comprometi\u00f3 la carrera del neozeland\u00e9s, sino que tambi\u00e9n desencaden\u00f3 una serie de problemas y penalizaciones durante las paradas en boxes del espa\u00f1ol, finalizando en el puesto 17.<\/p>\n\n\n\n<p class=\"wp-block-paragraph\"><strong>Alexander Albon<\/strong>, por su parte, describi\u00f3 su estrategia como &#8220;la peor de todas&#8221;, poniendo fin a una racha positiva para el equipo <strong>Grove<\/strong> y terminando la carrera en la 12\u00aa posici\u00f3n.<\/p>\n\n\n\n<p class=\"wp-block-paragraph\">Ahora, el equipo llega al <strong>Gran Premio de S\u00e3o Paulo<\/strong> buscando una reacci\u00f3n para continuar su racha ganadora. <strong>Interlagos<\/strong> le trae buenos recuerdos a Sainz, quien logr\u00f3 su primer podio en la F1 all\u00ed en <strong>2019<\/strong> con <strong>McLaren<\/strong>. El espa\u00f1ol espera repetir el buen desempe\u00f1o mostrado en <strong>Austin<\/strong> y volver a la zona de puntos.<\/p>\n\n\n\n<p class=\"wp-block-paragraph\">\ud83d\udfe5&nbsp;<strong><em>\u00a1Todas las novedades te esperan en el canal de&nbsp;<\/em><\/strong><a href=\"https:\/\/www.youtube.com\/@GrandePremioES\"><em>YouTube<\/em><\/a><strong><em>&nbsp;de Grande Pr\u00eamio en Espa\u00f1ol!<\/em><\/strong>&nbsp;\ud83d\udfe8<\/p>\n\n\n\n<figure class=\"wp-block-image size-large\"><img decoding=\"async\" src=\"https:\/\/grandepremio.com\/es\/wp-content\/uploads\/2025\/10\/G4DxLZ5XkAA-y4F-1024x683.jpg\" alt=\"\" class=\"wp-image-372083\"\/><figcaption class=\"wp-element-caption\">Alexander Albon asegur\u00f3 que busca la recuperaci\u00f3n en Brasil con Williams. (Foto: Williams)<\/figcaption><\/figure>\n\n\n\n<p class=\"wp-block-paragraph\">\u23e9\u00a0<strong><em>\u00a1Seguinos en redes por\u00a0<\/em><\/strong><a href=\"https:\/\/twitter.com\/grandepremioES\"><em>Twitter\u00a0<\/em><\/a><strong><em>e\u00a0<\/em><\/strong><a href=\"https:\/\/www.instagram.com\/grandepremioes\/\"><em>Instagram!<br><\/em><\/a>\u23e9\u00a0<strong><em>Adem\u00e1s, tenemos nuestro\u00a0<\/em><\/strong><a href=\"https:\/\/whatsapp.com\/channel\/0029VaDZ5zb0gcfDxuwxBM05\"><em>canal de Whatsapp<\/em><\/a><strong><em>\u00a0con toda la informaci\u00f3n al instante<\/em><\/strong>\u00a0\ud83c\udfc1<\/p>\n\n\n\n<p class=\"wp-block-paragraph\">\u201cNos adentramos en otro fin de semana de carreras cortas, y estoy emocionado por correr en este circuito ic\u00f3nico donde todo puede pasar\u201d, dijo el #55. \u201cSolo tenemos una sesi\u00f3n de entrenamientos libres, as\u00ed que ser\u00e1 fundamental poner a punto el coche lo antes posible. El clima en <strong>S\u00e3o Paulo<\/strong> siempre influye mucho, as\u00ed que tenemos que estar preparados para aprovechar cualquier oportunidad\u201d, a\u00f1adi\u00f3.<\/p>\n\n\n\n<p class=\"wp-block-paragraph\">Albon, por su parte, destac\u00f3 que el equipo analiz\u00f3 los errores recientes y pretende adoptar un enfoque m\u00e1s conservador en Interlagos.<\/p>\n\n\n\n<p class=\"wp-block-paragraph\">\u201cHicimos una buena revisi\u00f3n con el equipo para comprender los problemas de las \u00faltimas carreras. Como ser\u00e1 un fin de semana de carreras cortas, volveremos a una configuraci\u00f3n m\u00e1s familiar, con menos experimentos\u201d, explic\u00f3.<\/p>\n\n\n\n<p class=\"wp-block-paragraph\">\u201cInterlagos es un circuito incre\u00edble, me encantan los trazados cl\u00e1sicos y la energ\u00eda de los aficionados brasile\u00f1os. Tenemos que ser \u00e1giles y estar preparados para el clima impredecible. Solo quedan cuatro carreras; quiero terminar el a\u00f1o con fuerza y \u200b\u200bsumar m\u00e1s puntos\u201d, concluy\u00f3 el piloto del coche #23.<\/p>\n\n\n\n<p class=\"wp-block-paragraph\">La&nbsp;<strong>F\u00f3rmula 1<\/strong>&nbsp;regresa este fin de semana del 7 al 9 de noviembre con el&nbsp;<strong>GP de S\u00e3o Paulo<\/strong>, que se disputar\u00e1 en el circuito de&nbsp;<strong>Interlagos<\/strong>&nbsp;para la 21\u00aa ronda de la&nbsp;<strong>temporada 2025<\/strong>.<\/p>\n\n\n\n<figure class=\"wp-block-embed is-type-video is-provider-youtube wp-block-embed-youtube wp-embed-aspect-16-9 wp-has-aspect-ratio\"><div class=\"wp-block-embed__wrapper\">\n<iframe loading=\"lazy\" title=\"FERRARI NO GANA EN 2025 Y EL FUTURO DE SUS PILOTOS PELIGRA\" width=\"500\" height=\"281\" src=\"https:\/\/www.youtube.com\/embed\/dQr5zAE-NB4?feature=oembed\" frameborder=\"0\" allow=\"accelerometer; autoplay; clipboard-write; encrypted-media; gyroscope; picture-in-picture; web-share\" referrerpolicy=\"strict-origin-when-cross-origin\" allowfullscreen><\/iframe>\n<\/div><\/figure>\n","protected":false},"excerpt":{"rendered":"<p>Tras varios problemas en el GP de Ciudad de M\u00e9xico, Williams busca recuperar su forma en Interlagos, y tanto Carlos Sainz como Alexander Albon esperan aprovechar al m\u00e1ximo el fin de semana en S\u00e3o Paulo.<\/p>\n","protected":false},"author":0,"featured_media":1010373450,"comment_status":"closed","ping_status":"closed","sticky":false,"template":"","format":"standard","meta":{"42wp_featured_image_caption":"","42wp_featured_image_credits":"","42wp_featured_video":"","42wp_featured_image_hidden":false,"42wp_authors_list":[],"footnotes":""},"categories":[5],"tags":[262,6812,302,1710,179,1468,474,204],"42wp_author":[14240],"class_list":["post-4392","post","type-post","status-publish","format-standard","has-post-thumbnail","hentry","category-f1","tag-alex-albon","tag-autodromo-jose-carlos-pace","tag-carlos-sainz","tag-f1-2025","tag-formula-1","tag-gp-de-sao-paulo","tag-interlagos","tag-williams","42wp_author-ignacio-bogado"],"_links":{"self":[{"href":"https:\/\/grandepremio.com\/es\/wp-json\/wp\/v2\/posts\/4392","targetHints":{"allow":["GET"]}}],"collection":[{"href":"https:\/\/grandepremio.com\/es\/wp-json\/wp\/v2\/posts"}],"about":[{"href":"https:\/\/grandepremio.com\/es\/wp-json\/wp\/v2\/types\/post"}],"replies":[{"embeddable":true,"href":"https:\/\/grandepremio.com\/es\/wp-json\/wp\/v2\/comments?post=4392"}],"version-history":[{"count":0,"href":"https:\/\/grandepremio.com\/es\/wp-json\/wp\/v2\/posts\/4392\/revisions"}],"wp:featuredmedia":[{"embeddable":true,"href":"https:\/\/grandepremio.com\/es\/wp-json\/wp\/v2\/media\/1010373450"}],"wp:attachment":[{"href":"https:\/\/grandepremio.com\/es\/wp-json\/wp\/v2\/media?parent=4392"}],"wp:term":[{"taxonomy":"category","embeddable":true,"href":"https:\/\/grandepremio.com\/es\/wp-json\/wp\/v2\/categories?post=4392"},{"taxonomy":"post_tag","embeddable":true,"href":"https:\/\/grandepremio.com\/es\/wp-json\/wp\/v2\/tags?post=4392"},{"taxonomy":"42wp_author","embeddable":true,"href":"https:\/\/grandepremio.com\/es\/wp-json\/wp\/v2\/42wp_author?post=4392"}],"curies":[{"name":"wp","href":"https:\/\/api.w.org\/{rel}","templated":true}]}}