{"id":4426,"date":"2025-11-04T09:13:17","date_gmt":"2025-11-04T12:13:17","guid":{"rendered":"https:\/\/grandepremio.com\/es\/2025\/11\/04\/andrea-stella-mclaren-expectativas-gp-sao-paulo-interlagos-piastri-norris\/"},"modified":"2025-11-04T09:13:20","modified_gmt":"2025-11-04T12:13:20","slug":"andrea-stella-mclaren-expectativas-gp-sao-paulo-interlagos-piastri-norris","status":"publish","type":"post","link":"https:\/\/grandepremio.com\/es\/f1\/andrea-stella-mclaren-expectativas-gp-sao-paulo-interlagos-piastri-norris\/","title":{"rendered":"McLaren elogia el &#8220;ambiente incre\u00edble&#8221; de Sao Paulo: &#8220;La fecha m\u00e1s emocionante del a\u00f1o&#8221;"},"content":{"rendered":"\n<p class=\"wp-block-paragraph\">El jefe de<strong> McLaren, Andrea Stella<\/strong>, reforz\u00f3 el compromiso de que uno de los pilotos del equipo, <strong>Lando Norris<\/strong> u <strong>Oscar Piastri<\/strong>, se quede con el <strong>Campeonato Mundial de Pilotos<\/strong> en la temporada 2025 de la <strong>F1<\/strong>. El directivo calific\u00f3 la recta final del campeonato, incluido el <strong>Gran Premio de S\u00e3o Paulo<\/strong>, como la parte m\u00e1s emocionante del a\u00f1o, adem\u00e1s de destacar que el equipo debe dar lo mejor de s\u00ed ante un \u00abrival muy fuerte\u00bb, sin mencionar a <strong>Max Verstappen<\/strong>, tercero en la clasificaci\u00f3n.<\/p>\n\n\n\n<p class=\"wp-block-paragraph\">\ud83d\udfe5&nbsp;<strong><em>\u00a1Todas las novedades te esperan en el canal de&nbsp;<\/em><\/strong><a href=\"https:\/\/www.youtube.com\/@GrandePremioES\"><em>YouTube<\/em><\/a><strong><em>&nbsp;de Grande Pr\u00eamio en Espa\u00f1ol!<\/em><\/strong>&nbsp;\ud83d\udfe8<\/p>\n\n\n\n<p class=\"wp-block-paragraph\">Entre los <strong>Grandes Premios de Italia<\/strong> y <strong>Ciudad de M\u00e9xico, Verstappen<\/strong> recort\u00f3 varios puntos al l\u00edder del campeonato, que antes era <strong>Piastri <\/strong>y ahora es <strong>Norris<\/strong>. Si antes el neerland\u00e9s ten\u00eda una desventaja de 104 puntos, ahora solo tiene 36, con 116 puntos en juego hasta el final de la temporada 2025. Una disputa que se ha vuelto re\u00f1ida, a pesar de que <strong>McLaren <\/strong>se llev\u00f3 el <strong>Mundial de Constructores<\/strong> en <strong>Singapur<\/strong>, con seis fechas de antelaci\u00f3n.<\/p>\n\n\n\n<p class=\"wp-block-paragraph\">\u00abAhora es el momento de ir a <strong>Brasil <\/strong>para el <strong>Gran Premio de S\u00e3o Paulo<\/strong>. Esta es la parte m\u00e1s emocionante del a\u00f1o, ya que comenzamos a cerrar la temporada 2025. Estamos orgullosos de tener a nuestros dos pilotos al frente del campeonato, separados por solo un punto\u00bb, dijo.<\/p>\n\n\n\n<p class=\"wp-block-paragraph\">\u00abSin embargo, somos plenamente conscientes de que tenemos un rival muy fuerte en la lucha por el t\u00edtulo de <strong>Pilotos<\/strong>, y no es casualidad que sea el actual y cuatro veces campe\u00f3n del mundo. Vamos a darlo todo en las carreras que quedan para asegurarnos de que el trofeo sea nuestro\u00bb, reforz\u00f3 el dirigente de <strong>McLaren<\/strong>.<\/p>\n\n\n\n<p class=\"wp-block-paragraph\">\u23e9&nbsp;<strong><em>\u00a1Seguinos en redes por&nbsp;<\/em><\/strong><a href=\"https:\/\/twitter.com\/grandepremioES\"><em>Twitter&nbsp;<\/em><\/a><strong><em>e&nbsp;<\/em><\/strong><a href=\"https:\/\/www.instagram.com\/grandepremioes\/\"><em>Instagram!<br><\/em><\/a>\u23e9&nbsp;<strong><em>Adem\u00e1s, tenemos nuestro&nbsp;<\/em><\/strong><a href=\"https:\/\/whatsapp.com\/channel\/0029VaDZ5zb0gcfDxuwxBM05\"><em>canal de Whatsapp<\/em><\/a><strong><em>&nbsp;con toda la informaci\u00f3n al instante<\/em><\/strong>&nbsp;\ud83c\udfc1<\/p>\n\n\n\n<figure class=\"wp-block-image size-full\"><img decoding=\"async\" src=\"https:\/\/grandepremio.com\/es\/wp-content\/uploads\/..\/gp_br_uploads\/2025\/10\/mexico-2025-f1-classificacao-mclaren-oscar-piastri-04.jpg\" alt=\"\" class=\"wp-image-372487\"\/><figcaption class=\"wp-element-caption\">McLaren conquist\u00f3 el t\u00edtulo mundial de Constructores, pero mantiene abierta la disputa entre sus pilotos (Foto: McLaren)<\/figcaption><\/figure>\n\n\n\n<p class=\"wp-block-paragraph\">En el <strong>Gran Premio de Ciudad de M\u00e9xico<\/strong>, celebrado a finales de octubre, <strong>McLaren <\/strong>logr\u00f3 poner fin a una sequ\u00eda de casi dos meses sin victorias. Antes de que <strong>Norris <\/strong>subiera al escal\u00f3n m\u00e1s alto del podio en el <strong>Aut\u00f3dromo Hermanos Rodr\u00edguez<\/strong>, la \u00faltima victoria hab\u00eda sido el 31 de agosto, en el <strong>Gran Premio de los Pa\u00edses Bajos<\/strong>, con <strong>Piastri <\/strong>en cabeza.<\/p>\n\n\n\n<p class=\"wp-block-paragraph\">En la capital mexicana, <strong>McLaren<\/strong>, principalmente con <strong>Norris<\/strong>, tuvo un rendimiento dominante. Para el <strong>Gran Premio de S\u00e3o Paulo, Stella<\/strong> se muestra cauteloso en cuanto al rendimiento y destac\u00f3 la re\u00f1ida disputa en la recta final de 2025.<\/p>\n\n\n\n<p class=\"wp-block-paragraph\">\u00abEn <strong>Ciudad de M\u00e9xico<\/strong>, el <strong>MCL39 <\/strong>fue el coche m\u00e1s r\u00e1pido, pero no podemos dar por sentado que lo mismo ocurrir\u00e1 en <strong>S\u00e3o Paulo<\/strong>, ya que la competencia es muy re\u00f1ida. Mantendremos la mentalidad de carrera a carrera, sacando el m\u00e1ximo rendimiento posible para dar a nuestros pilotos la oportunidad de luchar por las primeras posiciones\u00bb, coment\u00f3.<\/p>\n\n\n\n<p class=\"wp-block-paragraph\">\u00abEste tambi\u00e9n es un fin de semana de carrera sprint, lo que nos da m\u00e1s oportunidades de sumar puntos. Al mismo tiempo, necesitaremos prestar a\u00fan m\u00e1s atenci\u00f3n a los detalles para encontrar la configuraci\u00f3n ideal del coche, especialmente teniendo en cuenta el tiempo limitado de los entrenamientos libres. Como es habitual en <strong>S\u00e3o Paulo<\/strong>, estaremos preparados para afrontar la imprevisibilidad del clima, que a menudo ha sido un factor decisivo\u00bb, concluy\u00f3.<\/p>\n\n\n\n<p class=\"wp-block-paragraph\">La&nbsp;<strong>F1&nbsp;<\/strong>vuelve a la acci\u00f3n entre el 7 y 9 de noviembre con el&nbsp;<strong>GP de Sao Paulo<\/strong>, vigesimoprimera fecha de la temporada 2025. GRANDE PREMIO en ESPA\u00d1OL realizar\u00e1 una cobertura completa del evento.<\/p>\n\n\n\n<figure class=\"wp-block-embed is-type-video is-provider-youtube wp-block-embed-youtube wp-embed-aspect-16-9 wp-has-aspect-ratio\"><div class=\"wp-block-embed__wrapper\">\n<iframe loading=\"lazy\" title=\"FERRARI NO GANA EN 2025 Y EL FUTURO DE SUS PILOTOS PELIGRA\" width=\"500\" height=\"281\" src=\"https:\/\/www.youtube.com\/embed\/dQr5zAE-NB4?feature=oembed\" frameborder=\"0\" allow=\"accelerometer; autoplay; clipboard-write; encrypted-media; gyroscope; picture-in-picture; web-share\" referrerpolicy=\"strict-origin-when-cross-origin\" allowfullscreen><\/iframe>\n<\/div><\/figure>\n","protected":false},"excerpt":{"rendered":"<p>Andrea Stella, jefe de McLaren, tambi\u00e9n destac\u00f3 la posibilidad de cambios clim\u00e1ticos en el GP de S\u00e3o Paulo de este fin de semana.<\/p>\n","protected":false},"author":0,"featured_media":1010374394,"comment_status":"closed","ping_status":"closed","sticky":false,"template":"","format":"standard","meta":{"42wp_featured_image_caption":"","42wp_featured_image_credits":"","42wp_featured_video":"","42wp_featured_image_hidden":false,"42wp_authors_list":[],"footnotes":""},"categories":[5],"tags":[4497,181,1710,179,8059,11450,1488,269,278,9647],"42wp_author":[14239],"class_list":["post-4426","post","type-post","status-publish","format-standard","has-post-thumbnail","hentry","category-f1","tag-andrea-stella","tag-f1","tag-f1-2025","tag-formula-1","tag-formula-1-2025","tag-gp-de-sao-paulo-2025","tag-grande-premio","tag-mclaren","tag-oscar-piastri","tag-temporada-2025-f1","42wp_author-jp-otrosky"],"_links":{"self":[{"href":"https:\/\/grandepremio.com\/es\/wp-json\/wp\/v2\/posts\/4426","targetHints":{"allow":["GET"]}}],"collection":[{"href":"https:\/\/grandepremio.com\/es\/wp-json\/wp\/v2\/posts"}],"about":[{"href":"https:\/\/grandepremio.com\/es\/wp-json\/wp\/v2\/types\/post"}],"replies":[{"embeddable":true,"href":"https:\/\/grandepremio.com\/es\/wp-json\/wp\/v2\/comments?post=4426"}],"version-history":[{"count":0,"href":"https:\/\/grandepremio.com\/es\/wp-json\/wp\/v2\/posts\/4426\/revisions"}],"wp:featuredmedia":[{"embeddable":true,"href":"https:\/\/grandepremio.com\/es\/wp-json\/wp\/v2\/media\/1010374394"}],"wp:attachment":[{"href":"https:\/\/grandepremio.com\/es\/wp-json\/wp\/v2\/media?parent=4426"}],"wp:term":[{"taxonomy":"category","embeddable":true,"href":"https:\/\/grandepremio.com\/es\/wp-json\/wp\/v2\/categories?post=4426"},{"taxonomy":"post_tag","embeddable":true,"href":"https:\/\/grandepremio.com\/es\/wp-json\/wp\/v2\/tags?post=4426"},{"taxonomy":"42wp_author","embeddable":true,"href":"https:\/\/grandepremio.com\/es\/wp-json\/wp\/v2\/42wp_author?post=4426"}],"curies":[{"name":"wp","href":"https:\/\/api.w.org\/{rel}","templated":true}]}}