{"id":4431,"date":"2025-11-03T16:10:42","date_gmt":"2025-11-03T19:10:42","guid":{"rendered":"https:\/\/grandepremio.com\/es\/2025\/11\/03\/williams-rinde-homenaje-fundador-vuelve-logo-historico\/"},"modified":"2025-11-03T16:10:46","modified_gmt":"2025-11-03T19:10:46","slug":"williams-rinde-homenaje-fundador-vuelve-logo-historico","status":"publish","type":"post","link":"https:\/\/grandepremio.com\/es\/f1\/williams-rinde-homenaje-fundador-vuelve-logo-historico\/","title":{"rendered":"Williams rinde homenaje a fundador y vuelve a logo hist\u00f3rico: &#8220;Nuestro legado de t\u00edtulos&#8221;"},"content":{"rendered":"\n<p class=\"wp-block-paragraph\">Un importante anuncio sobre la marca ha realizado <strong>Williams <\/strong>en la previa del <strong>GP de Sao Paulo<\/strong>, que se disputar\u00e1 el venidero fin de semana, ya que regresar\u00e1n a la cl\u00e1sica \u201cW\u201d que los represent\u00f3 durante muchos a\u00f1os en la <strong>F\u00f3rmula 1<\/strong>, que se implementar\u00e1 en 2026.<\/p>\n\n\n\n<p class=\"wp-block-paragraph\">\ud83d\udfe5&nbsp;<strong><em>\u00a1Todas las novedades te esperan en el canal de&nbsp;<\/em><\/strong><a href=\"https:\/\/www.youtube.com\/@GrandePremioES\"><em>YouTube<\/em><\/a><strong><em>&nbsp;de Grande Pr\u00eamio en Espa\u00f1ol!<\/em><\/strong>&nbsp;\ud83d\udfe8<\/p>\n\n\n\n<p class=\"wp-block-paragraph\">Desde la contrataci\u00f3n de <strong>James Vowles<\/strong> como director del equipo en 2023, el proyecto del equipo de <strong>Grove <\/strong>se ha centrado en la <strong>F1 2026<\/strong>, que tendr\u00e1 un cambio reglamentario de motores y de autos. A lo largo de su historia, que comenz\u00f3 en la categor\u00eda en 1977, el equipo ha logrado siete t\u00edtulos de pilotos, nueve de constructores y 114 victorias, la m\u00e1s reciente con <strong>Pastor Maldonado<\/strong> en el <strong>GP de Espa\u00f1a de 2012<\/strong>.<\/p>\n\n\n\n<p class=\"wp-block-paragraph\">Vowles coment\u00f3 lo siguiente sobre estos cambios: <strong>\u201cMe enorgullece anunciar que, a partir del pr\u00f3ximo a\u00f1o, nos conoceremos como Atlassian Williams F1 Team y luciremos en nuestro monoplaza un logotipo inspirado en nuestro fundador, Sir Frank Williams, profundamente ligado a nuestras d\u00e9cadas de \u00e9xito\u201d.<\/strong><\/p>\n\n\n\n<figure class=\"wp-block-embed is-type-video is-provider-youtube wp-block-embed-youtube wp-embed-aspect-16-9 wp-has-aspect-ratio\"><div class=\"wp-block-embed__wrapper\">\n<iframe loading=\"lazy\" title=\"FERRARI NO GANA EN 2025 Y EL FUTURO DE SUS PILOTOS PELIGRA\" width=\"500\" height=\"281\" src=\"https:\/\/www.youtube.com\/embed\/dQr5zAE-NB4?feature=oembed\" frameborder=\"0\" allow=\"accelerometer; autoplay; clipboard-write; encrypted-media; gyroscope; picture-in-picture; web-share\" referrerpolicy=\"strict-origin-when-cross-origin\" allowfullscreen><\/iframe>\n<\/div><\/figure>\n\n\n\n<p class=\"wp-block-paragraph\"><strong>\u201cComo equipo, nos inspira nuestro pasado, pero nos entusiasma nuestro futuro, y estamos comprometidos a escribir un nuevo cap\u00edtulo triunfal en la historia de Williams\u201d<\/strong>, coment\u00f3 Vowles.<\/p>\n\n\n\n<p class=\"wp-block-paragraph\"><strong>\u201cEsta identidad refleja qui\u00e9nes somos, hacia d\u00f3nde vamos y nos acerca de nuevo a un p\u00fablico cada vez mayor de la F1 que no segu\u00eda este deporte cuando domin\u00e1bamos\u201d<\/strong>, concluy\u00f3 el directivo.<\/p>\n\n\n\n<p class=\"wp-block-paragraph\">\u23e9&nbsp;<strong><em>\u00a1Seguinos en redes por&nbsp;<\/em><\/strong><a href=\"https:\/\/twitter.com\/grandepremioES\"><em>Twitter&nbsp;<\/em><\/a><strong><em>e&nbsp;<\/em><\/strong><a href=\"https:\/\/www.instagram.com\/grandepremioes\/\"><em>Instagram!<br><\/em><\/a>\u23e9&nbsp;<strong><em>Adem\u00e1s, tenemos nuestro&nbsp;<\/em><\/strong><a href=\"https:\/\/whatsapp.com\/channel\/0029VaDZ5zb0gcfDxuwxBM05\"><em>canal de Whatsapp<\/em><\/a><strong><em>&nbsp;con toda la informaci\u00f3n al instante<\/em><\/strong>&nbsp;\ud83c\udfc1<\/p>\n\n\n\n<p class=\"wp-block-paragraph\">La F\u00f3rmula 1 regresa del 7 al 9 de noviembre con el GP de S\u00e3o Paulo, que se disputar\u00e1 en el circuito de Interlagos para la 21\u00b0 ronda de la temporada 2025.<\/p>\n","protected":false},"excerpt":{"rendered":"<p>En tributo a Frank Williams, el equipo reintroduce la W como su marca para la temporada 2026 de F\u00f3rmula 1: \u201cEsta identidad refleja qui\u00e9nes somos\u201d, declar\u00f3 James Vowles, el jefe de la escuder\u00eda de Grove. <\/p>\n","protected":false},"author":0,"featured_media":1001029149,"comment_status":"closed","ping_status":"closed","sticky":false,"template":"","format":"standard","meta":{"42wp_featured_image_caption":"","42wp_featured_image_credits":"","42wp_featured_video":"","42wp_featured_image_hidden":false,"42wp_authors_list":[],"footnotes":""},"categories":[5],"tags":[1680,2724,1491,2094,1799,2723,204],"42wp_author":[14237],"class_list":["post-4431","post","type-post","status-publish","format-standard","has-post-thumbnail","hentry","category-f1","tag-f1-2026","tag-gp-de-espana-2012","tag-gp-de-sao-paulo-2","tag-grove","tag-james-vowles","tag-pastor-maldonado","tag-williams","42wp_author-gabriel-garcia"],"_links":{"self":[{"href":"https:\/\/grandepremio.com\/es\/wp-json\/wp\/v2\/posts\/4431","targetHints":{"allow":["GET"]}}],"collection":[{"href":"https:\/\/grandepremio.com\/es\/wp-json\/wp\/v2\/posts"}],"about":[{"href":"https:\/\/grandepremio.com\/es\/wp-json\/wp\/v2\/types\/post"}],"replies":[{"embeddable":true,"href":"https:\/\/grandepremio.com\/es\/wp-json\/wp\/v2\/comments?post=4431"}],"version-history":[{"count":0,"href":"https:\/\/grandepremio.com\/es\/wp-json\/wp\/v2\/posts\/4431\/revisions"}],"wp:featuredmedia":[{"embeddable":true,"href":"https:\/\/grandepremio.com\/es\/wp-json\/wp\/v2\/media\/1001029149"}],"wp:attachment":[{"href":"https:\/\/grandepremio.com\/es\/wp-json\/wp\/v2\/media?parent=4431"}],"wp:term":[{"taxonomy":"category","embeddable":true,"href":"https:\/\/grandepremio.com\/es\/wp-json\/wp\/v2\/categories?post=4431"},{"taxonomy":"post_tag","embeddable":true,"href":"https:\/\/grandepremio.com\/es\/wp-json\/wp\/v2\/tags?post=4431"},{"taxonomy":"42wp_author","embeddable":true,"href":"https:\/\/grandepremio.com\/es\/wp-json\/wp\/v2\/42wp_author?post=4431"}],"curies":[{"name":"wp","href":"https:\/\/api.w.org\/{rel}","templated":true}]}}