{"id":4445,"date":"2025-11-03T08:26:23","date_gmt":"2025-11-03T11:26:23","guid":{"rendered":"https:\/\/grandepremio.com\/es\/2025\/11\/03\/alonso-muestra-optimismo-busca-sumar-todas-las-pruebas-final-f1-2025\/"},"modified":"2025-11-03T08:26:26","modified_gmt":"2025-11-03T11:26:26","slug":"alonso-muestra-optimismo-busca-sumar-todas-las-pruebas-final-f1-2025","status":"publish","type":"post","link":"https:\/\/grandepremio.com\/es\/f1\/alonso-muestra-optimismo-busca-sumar-todas-las-pruebas-final-f1-2025\/","title":{"rendered":"Alonso muestra optimismo y busca \u00absumar en todas las pruebas\u00bb en el final de F1 2025"},"content":{"rendered":"\n<p class=\"wp-block-paragraph\"><strong>Fernando Alonso<\/strong> se mostr\u00f3 confiado en el final de la <strong>temporada 2025<\/strong> de <strong>F\u00f3rmula 1<\/strong>. A pesar de afrontar un a\u00f1o complicado con <strong>Aston Martin<\/strong>, el bicampe\u00f3n cree que a\u00fan hay margen para obtener buenos resultados y se ha fijado como objetivo puntuar en las cuatro carreras restantes del campeonato.<\/p>\n\n\n\n<p class=\"wp-block-paragraph\">El espa\u00f1ol ocupa actualmente la 12\u00aa posici\u00f3n en el <strong>Campeonato de Pilotos<\/strong> con 37 puntos, mientras que Aston Martin es s\u00e9ptimo en el <strong>Campeonato de Constructores<\/strong>, a 42 unidades de <strong>Williams<\/strong>, que se encuentra en quinta posici\u00f3n. A pesar de la diferencia, el espa\u00f1ol ve posibilidades de remontada.<\/p>\n\n\n\n<p class=\"wp-block-paragraph\">\u00abCreo que en las cuatro carreras que quedan podemos encontrar oportunidades en todas ellas. En <strong>Brasil<\/strong> nos fue bien hace dos a\u00f1os, as\u00ed que espero que sea un buen circuito para nosotros. <strong>Qatar<\/strong> tambi\u00e9n podr\u00eda favorecernos\u00bb, declar\u00f3.<\/p>\n\n\n\n<p class=\"wp-block-paragraph\">\ud83d\udfe5&nbsp;<strong><em>\u00a1Todas las novedades te esperan en el canal de&nbsp;<\/em><\/strong><a href=\"https:\/\/www.youtube.com\/@GrandePremioES\"><em>YouTube<\/em><\/a><strong><em>&nbsp;de Grande Pr\u00eamio en Espa\u00f1ol!<\/em><\/strong>&nbsp;\ud83d\udfe8<\/p>\n\n\n\n<figure class=\"wp-block-image size-full\"><img decoding=\"async\" src=\"https:\/\/grandepremio.com\/es\/wp-content\/uploads\/..\/gp_br_uploads\/2025\/10\/mexico-2025-f1-corrida-aston-martin-fernando-alonso-03.jpg\" alt=\"\" class=\"wp-image-372852\"\/><figcaption class=\"wp-element-caption\">Fernando Alonso asegur\u00f3 que Aston Martin puede sumar puntos en todas las carreras hasta el final. (Foto: Aston Martin)<\/figcaption><\/figure>\n\n\n\n<p class=\"wp-block-paragraph\">\u23e9\u00a0<strong><em>\u00a1Seguinos en redes por\u00a0<\/em><\/strong><a href=\"https:\/\/twitter.com\/grandepremioES\"><em>Twitter\u00a0<\/em><\/a><strong><em>e\u00a0<\/em><\/strong><a href=\"https:\/\/www.instagram.com\/grandepremioes\/\"><em>Instagram!<br><\/em><\/a>\u23e9\u00a0<strong><em>Adem\u00e1s, tenemos nuestro\u00a0<\/em><\/strong><a href=\"https:\/\/whatsapp.com\/channel\/0029VaDZ5zb0gcfDxuwxBM05\"><em>canal de Whatsapp<\/em><\/a><strong><em>\u00a0con toda la informaci\u00f3n al instante<\/em><\/strong>\u00a0\ud83c\udfc1<\/p>\n\n\n\n<p class=\"wp-block-paragraph\">\u00ab<strong>Las Vegas<\/strong> quiz\u00e1 no sea tan favorable, pero all\u00ed puede pasar cualquier cosa: coches de seguridad, incidentes\u2026 Afronto las pr\u00f3ximas cuatro carreras con la convicci\u00f3n de que es posible puntuar en todas ellas\u00bb, a\u00f1adi\u00f3.<\/p>\n\n\n\n<p class=\"wp-block-paragraph\">A pesar de un a\u00f1o decepcionante, las expectativas para <strong>2026 <\/strong>son altas. Con la llegada de la nueva normativa de coches y motores, Aston Martin apuesta fuerte.<\/p>\n\n\n\n<p class=\"wp-block-paragraph\">Adem\u00e1s de cerrar un acuerdo para ser el equipo principal de <strong>Honda<\/strong> en la F1, la escuder\u00eda de <strong>Silverstone<\/strong> realiz\u00f3 una importante inversi\u00f3n para contratar al legendario dise\u00f1ador <strong>Adrian Newey<\/strong>, responsable directo de t\u00edtulos con tres equipos diferentes en las \u00faltimas cuatro d\u00e9cadas. Todos los esfuerzos est\u00e1n ya centrados en la temporada del pr\u00f3ximo a\u00f1o.<\/p>\n\n\n\n<p class=\"wp-block-paragraph\">Un buen final de temporada, por lo tanto, supondr\u00eda un importante impulso an\u00edmico para el proyecto que Aston Martin ha estado estructurando para los pr\u00f3ximos a\u00f1os.<\/p>\n\n\n\n<p class=\"wp-block-paragraph\">La <strong>F\u00f3rmula 1<\/strong> regresa este fin de semana del 7 al 9 de noviembre con el <strong>GP de S\u00e3o Paulo<\/strong>, que se disputar\u00e1 en el circuito de <strong>Interlagos<\/strong> para la 21\u00aa ronda de la <strong>temporada 2025<\/strong>.<\/p>\n\n\n\n<figure class=\"wp-block-embed is-type-video is-provider-youtube wp-block-embed-youtube wp-embed-aspect-16-9 wp-has-aspect-ratio\"><div class=\"wp-block-embed__wrapper\">\n<iframe loading=\"lazy\" title=\"UNA OPORTUNIDAD \u00daNICA PARA VARRONE EN F\u00d3RMULA 2\" width=\"500\" height=\"281\" src=\"https:\/\/www.youtube.com\/embed\/OMzFzmRbDz8?feature=oembed\" frameborder=\"0\" allow=\"accelerometer; autoplay; clipboard-write; encrypted-media; gyroscope; picture-in-picture; web-share\" referrerpolicy=\"strict-origin-when-cross-origin\" allowfullscreen><\/iframe>\n<\/div><\/figure>\n","protected":false},"excerpt":{"rendered":"<p>Fernando Alonso afirm\u00f3 que Aston Martin puede aprovechar las oportunidades en las \u00faltimas cuatro carreras de la temporada y destac\u00f3 que el AMR25 deber\u00eda tener un buen desempe\u00f1o, especialmente en Brasil y Qatar.<\/p>\n","protected":false},"author":0,"featured_media":1010371800,"comment_status":"closed","ping_status":"closed","sticky":false,"template":"","format":"standard","meta":{"42wp_featured_image_caption":"","42wp_featured_image_credits":"","42wp_featured_video":"","42wp_featured_image_hidden":false,"42wp_authors_list":[],"footnotes":""},"categories":[5],"tags":[742,11652,209,1710,184,179],"42wp_author":[14240],"class_list":["post-4445","post","type-post","status-publish","format-standard","has-post-thumbnail","hentry","category-f1","tag-adrian-newey","tag-amr25","tag-aston-martin","tag-f1-2025","tag-fernando-alonso","tag-formula-1","42wp_author-ignacio-bogado"],"_links":{"self":[{"href":"https:\/\/grandepremio.com\/es\/wp-json\/wp\/v2\/posts\/4445","targetHints":{"allow":["GET"]}}],"collection":[{"href":"https:\/\/grandepremio.com\/es\/wp-json\/wp\/v2\/posts"}],"about":[{"href":"https:\/\/grandepremio.com\/es\/wp-json\/wp\/v2\/types\/post"}],"replies":[{"embeddable":true,"href":"https:\/\/grandepremio.com\/es\/wp-json\/wp\/v2\/comments?post=4445"}],"version-history":[{"count":0,"href":"https:\/\/grandepremio.com\/es\/wp-json\/wp\/v2\/posts\/4445\/revisions"}],"wp:featuredmedia":[{"embeddable":true,"href":"https:\/\/grandepremio.com\/es\/wp-json\/wp\/v2\/media\/1010371800"}],"wp:attachment":[{"href":"https:\/\/grandepremio.com\/es\/wp-json\/wp\/v2\/media?parent=4445"}],"wp:term":[{"taxonomy":"category","embeddable":true,"href":"https:\/\/grandepremio.com\/es\/wp-json\/wp\/v2\/categories?post=4445"},{"taxonomy":"post_tag","embeddable":true,"href":"https:\/\/grandepremio.com\/es\/wp-json\/wp\/v2\/tags?post=4445"},{"taxonomy":"42wp_author","embeddable":true,"href":"https:\/\/grandepremio.com\/es\/wp-json\/wp\/v2\/42wp_author?post=4445"}],"curies":[{"name":"wp","href":"https:\/\/api.w.org\/{rel}","templated":true}]}}