{"id":4447,"date":"2025-11-02T14:31:05","date_gmt":"2025-11-02T17:31:05","guid":{"rendered":"https:\/\/grandepremio.com\/es\/2025\/11\/02\/abogado-ecclestone-contraataca-massa-juicio-f1\/"},"modified":"2025-11-02T14:31:08","modified_gmt":"2025-11-02T17:31:08","slug":"abogado-ecclestone-contraataca-massa-juicio-f1","status":"publish","type":"post","link":"https:\/\/grandepremio.com\/es\/f1\/abogado-ecclestone-contraataca-massa-juicio-f1\/","title":{"rendered":"Abogado de Ecclestone contraataca a Massa en juicio: &#8220;Revive recuerdos de un pasado lejano&#8221;"},"content":{"rendered":"\n<p class=\"wp-block-paragraph\">El juicio por la demanda que <strong>Felipe Massa<\/strong> present\u00f3 ante el <strong>Tribunal Superior de Justicia de Londres<\/strong> por la <em>\u201cocultaci\u00f3n deliberada de una conspiraci\u00f3n\u201d,<\/em> en relaci\u00f3n al <em>\u201cCrashgate\u201d<\/em> de 2008, contra la FIA, la <strong>F\u00f3rmula 1 <\/strong>y <strong>Bernie Ecclestone<\/strong>, ex jefe de la categor\u00eda, sigui\u00f3 el pasado viernes con otra audiencia muy caliente en la que la defensa del empresario atac\u00f3 con todo al brasile\u00f1o.<\/p>\n\n\n\n<p class=\"wp-block-paragraph\">\ud83d\udfe5&nbsp;<strong><em>\u00a1Todas las novedades te esperan en el canal de&nbsp;<\/em><\/strong><a href=\"https:\/\/www.youtube.com\/@GrandePremioES\"><em>YouTube<\/em><\/a><strong><em>&nbsp;de Grande Pr\u00eamio en Espa\u00f1ol!<\/em><\/strong>&nbsp;\ud83d\udfe8<\/p>\n\n\n\n<p class=\"wp-block-paragraph\">Massa pretende que se lo reconozca como campe\u00f3n de la temporada 2008 de la F1, luego de que Ecclestone admitiera p\u00fablicamente que sab\u00eda que <strong>Renault <\/strong>orden\u00f3 a <strong>Nelson Piquet Jr<\/strong> chocar a prop\u00f3sito en el GP de Singapur de ese a\u00f1o bajo amenaza de despido, algo que ocurri\u00f3 en 2009, y el motivo que desat\u00f3 el esc\u00e1ndalo fue su confesi\u00f3n ante la <strong>FIA <\/strong>de lo que pas\u00f3.<\/p>\n\n\n\n<p class=\"wp-block-paragraph\"><strong>Nick de Marco<\/strong>, abogado del ex piloto de <strong>Ferrari<\/strong>, pidi\u00f3 que la entidad admita que viol\u00f3 sus reglamentos al no haber investigado lo que hab\u00eda ocurrido en <strong>Marina Bay<\/strong>, que a su defendido se le pague m\u00e1s de 80 millones de d\u00f3lares por lucro cesante y da\u00f1os a su reputaci\u00f3n, ya que esa carrera provoc\u00f3 una mala parada en boxes y tuvo que abandonar, perdiendo el t\u00edtulo por un punto contra <strong>Lewis Hamilton<\/strong>.<\/p>\n\n\n\n<p class=\"wp-block-paragraph\"><strong>David Quest<\/strong>, abogado de Ecclestone, atac\u00f3 a Felipe seg\u00fan consign\u00f3 The Athletic: <strong>&#8220;El bajo rendimiento de Massa en la carrera no tuvo relaci\u00f3n con el accidente, ni con el buen desempe\u00f1o de Hamilton, y ninguno de los dos estaba al tanto de la maniobra de Renault. En cambio, se debi\u00f3 a que Felipe sali\u00f3 de boxes prematuramente con la manguera de combustible a\u00fan conectada al coche&#8221;.<\/strong><\/p>\n\n\n\n<figure class=\"wp-block-embed is-type-video is-provider-youtube wp-block-embed-youtube wp-embed-aspect-16-9 wp-has-aspect-ratio\"><div class=\"wp-block-embed__wrapper\">\n<iframe loading=\"lazy\" title=\"UNA OPORTUNIDAD \u00daNICA PARA VARRONE EN F\u00d3RMULA 2\" width=\"500\" height=\"281\" src=\"https:\/\/www.youtube.com\/embed\/OMzFzmRbDz8?feature=oembed\" frameborder=\"0\" allow=\"accelerometer; autoplay; clipboard-write; encrypted-media; gyroscope; picture-in-picture; web-share\" referrerpolicy=\"strict-origin-when-cross-origin\" allowfullscreen><\/iframe>\n<\/div><\/figure>\n\n\n\n<p class=\"wp-block-paragraph\"><strong>\u201cLa parte contraria podr\u00eda pretender tratar este tribunal como un foro de debate deportivo, solicitando un ejercicio hipot\u00e9tico sobre la direcci\u00f3n de carrera de un evento deportivo de hace casi 17 a\u00f1os y la anulaci\u00f3n del t\u00edtulo de Hamilton de 2008, quien, si bien no fue parte en este proceso, tambi\u00e9n sufri\u00f3 las consecuencias del accidente y no cometi\u00f3 los mismos errores de conducci\u00f3n que Massa durante el GP de Singapur\u201d<\/strong>, continu\u00f3 la defensa.<\/p>\n\n\n\n<p class=\"wp-block-paragraph\">Quest tambi\u00e9n expres\u00f3 que la FIA realiz\u00f3 un informe en su momento, luego de la confesi\u00f3n de Piquet, y trata el caso como<em> \u201ccosa juzgada\u201d<\/em>: <strong>\u201cLas consecuencias deportivas del accidente fueron analizadas por el Consejo Mundial del Deporte Motor, pero si la FIA no estuvo dispuesta a reconocer a Massa como campe\u00f3n en 2009, tras un examen minucioso del asunto, \u00bfc\u00f3mo se puede esperar que un tribunal lo haga ahora? El tribunal no deber\u00eda permitir que se admita una demanda infundada simplemente porque Massa quiere revivir un recuerdo de su pasado\u201d.<\/strong><\/p>\n\n\n\n<p class=\"wp-block-paragraph\"><strong>Anneliese Day<\/strong>, abogada de <strong>Formula One Management<\/strong> (FOM, la entidad responsable de la promoci\u00f3n y gesti\u00f3n de los derechos comerciales de la F1), se mantuvo en la l\u00ednea de la representaci\u00f3n legal de Ecclestone: <strong>\u201cEste proceso no le dar\u00e1 al Sr. Massa la recompensa que desea, y los \u00fanicos beneficiados de otros 12 o 18 meses de litigio ser\u00e1n los abogados. Lo cierto es que, tanto durante el GP de Singapur como a lo largo de la temporada 2008, el Sr. Hamilton venci\u00f3 al Sr. Massa y a todos los dem\u00e1s\u201d.<\/strong><\/p>\n\n\n\n<p class=\"wp-block-paragraph\"><strong>\u201cNo hay nada inusual ni injusto en esto: Felipe simplemente tuvo la mala suerte de enfrentarse a uno de los mejores pilotos que este deporte haya visto jam\u00e1s, y ni \u00e9l ni nadie logr\u00f3 ganar a Hamilton en toda esa temporada\u201d<\/strong>, concluy\u00f3.<\/p>\n\n\n\n<p class=\"wp-block-paragraph\">\u23e9&nbsp;<strong><em>\u00a1Seguinos en redes por&nbsp;<\/em><\/strong><a href=\"https:\/\/twitter.com\/grandepremioES\"><em>Twitter&nbsp;<\/em><\/a><strong><em>e&nbsp;<\/em><\/strong><a href=\"https:\/\/www.instagram.com\/grandepremioes\/\"><em>Instagram!<br><\/em><\/a>\u23e9&nbsp;<strong><em>Adem\u00e1s, tenemos nuestro&nbsp;<\/em><\/strong><a href=\"https:\/\/whatsapp.com\/channel\/0029VaDZ5zb0gcfDxuwxBM05\"><em>canal de Whatsapp<\/em><\/a><strong><em>&nbsp;con toda la informaci\u00f3n al instante<\/em><\/strong>&nbsp;\ud83c\udfc1<\/p>\n\n\n\n<p class=\"wp-block-paragraph\">La F\u00f3rmula 1 regresa del 7 al 9 de noviembre con el GP de S\u00e3o Paulo, que se disputar\u00e1 en el circuito de Interlagos para la 21\u00b0 ronda de la temporada 2025.<\/p>\n","protected":false},"excerpt":{"rendered":"<p>La defensa de Bernie Ecclestone, exjefe de la F\u00f3rmula 1, contraataca a Felipe Massa y afirma que &#8220;el tribunal no puede admitir una demanda infundada solo porque el brasile\u00f1o quiera revivir recuerdos de un pasado lejano&#8221;, adem\u00e1s de demeritar el talento del piloto brasile\u00f1o.<\/p>\n","protected":false},"author":0,"featured_media":1010374201,"comment_status":"closed","ping_status":"closed","sticky":false,"template":"","format":"standard","meta":{"42wp_featured_image_caption":"","42wp_featured_image_credits":"","42wp_featured_video":"","42wp_featured_image_hidden":false,"42wp_authors_list":[],"footnotes":""},"categories":[5],"tags":[202,13186,755,185,263,179,12044,199,2128,9221,13033,210,13180],"42wp_author":[14237],"class_list":["post-4447","post","type-post","status-publish","format-standard","has-post-thumbnail","hentry","category-f1","tag-bernie-ecclestone","tag-david-quest","tag-felipe-massa","tag-ferrari","tag-fia","tag-formula-1","tag-formula-one-management","tag-lewis-hamilton","tag-marina-bay","tag-nelson-piquet-jr","tag-nick-de-marco","tag-renault","tag-tribunal-superior-de-justicia-de-londres","42wp_author-gabriel-garcia"],"_links":{"self":[{"href":"https:\/\/grandepremio.com\/es\/wp-json\/wp\/v2\/posts\/4447","targetHints":{"allow":["GET"]}}],"collection":[{"href":"https:\/\/grandepremio.com\/es\/wp-json\/wp\/v2\/posts"}],"about":[{"href":"https:\/\/grandepremio.com\/es\/wp-json\/wp\/v2\/types\/post"}],"replies":[{"embeddable":true,"href":"https:\/\/grandepremio.com\/es\/wp-json\/wp\/v2\/comments?post=4447"}],"version-history":[{"count":0,"href":"https:\/\/grandepremio.com\/es\/wp-json\/wp\/v2\/posts\/4447\/revisions"}],"wp:featuredmedia":[{"embeddable":true,"href":"https:\/\/grandepremio.com\/es\/wp-json\/wp\/v2\/media\/1010374201"}],"wp:attachment":[{"href":"https:\/\/grandepremio.com\/es\/wp-json\/wp\/v2\/media?parent=4447"}],"wp:term":[{"taxonomy":"category","embeddable":true,"href":"https:\/\/grandepremio.com\/es\/wp-json\/wp\/v2\/categories?post=4447"},{"taxonomy":"post_tag","embeddable":true,"href":"https:\/\/grandepremio.com\/es\/wp-json\/wp\/v2\/tags?post=4447"},{"taxonomy":"42wp_author","embeddable":true,"href":"https:\/\/grandepremio.com\/es\/wp-json\/wp\/v2\/42wp_author?post=4447"}],"curies":[{"name":"wp","href":"https:\/\/api.w.org\/{rel}","templated":true}]}}