{"id":4469,"date":"2025-10-31T10:26:50","date_gmt":"2025-10-31T13:26:50","guid":{"rendered":"https:\/\/grandepremio.com\/es\/2025\/10\/31\/defensa-massa-acusa-exdirectivos-f1-encubrimiento-crashgate\/"},"modified":"2025-10-31T10:26:54","modified_gmt":"2025-10-31T13:26:54","slug":"defensa-massa-acusa-exdirectivos-f1-encubrimiento-crashgate","status":"publish","type":"post","link":"https:\/\/grandepremio.com\/es\/f1\/defensa-massa-acusa-exdirectivos-f1-encubrimiento-crashgate\/","title":{"rendered":"La defensa de Massa acusa a exdirectivos de F1 de &#8220;encubrimiento deliberado&#8221; del Crashgate"},"content":{"rendered":"\n<p class=\"wp-block-paragraph\">Aunque han pasado 17 a\u00f1os del <strong>GP de Singapur de 2008<\/strong>, el del famoso <em>\u201cCrashgate\u201d<\/em>, las repercusiones siguen sucediendo a d\u00eda de hoy con el juicio que se lleva adelante en el<strong> Tribunal Superior de Justicia de Londres<\/strong> entre<strong> Bernie Ecclestone<\/strong> y <strong>Felipe Massa<\/strong>, que acusa al ex jefe de la<strong> F\u00f3rmula 1<\/strong> de encubrir el choque de <strong>Nelson Piquet Jr<\/strong> en esa carrera, que acab\u00f3 por influir en la definici\u00f3n del campeonato que perdi\u00f3 por un punto.<\/p>\n\n\n\n<p class=\"wp-block-paragraph\">\ud83d\udfe5&nbsp;<strong><em>\u00a1Todas las novedades te esperan en el canal de&nbsp;<\/em><\/strong><a href=\"https:\/\/www.youtube.com\/@GrandePremioES\"><em>YouTube<\/em><\/a><strong><em>&nbsp;de Grande Pr\u00eamio en Espa\u00f1ol!<\/em><\/strong>&nbsp;\ud83d\udfe8<\/p>\n\n\n\n<p class=\"wp-block-paragraph\">Para los abogados del actual piloto de Stock Car Pro Series, Ecclestone y el fallecido ex presidente de la FIA, <strong>Max Mosley<\/strong>, ocultaron de manera deliberada <em>\u201cuna conspiraci\u00f3n\u201d<\/em>, ya que sab\u00edan del plan de <strong>Renault <\/strong>para alterar el desarrollo de la carrera en Marina Bay para que ganara <strong>Fernando Alonso<\/strong>. El caso explot\u00f3 por los aires por la declaraci\u00f3n de Piquet Jr en 2009 tras ser despedido por el equipo franc\u00e9s.<\/p>\n\n\n\n<p class=\"wp-block-paragraph\">Massa no pide que se le retire el t\u00edtulo a<strong> Lewis Hamilton<\/strong>, sino que se le reconozca como campe\u00f3n y solicita una indemnizaci\u00f3n de aproximadamente 82 millones de d\u00f3lares por las p\u00e9rdidas econ\u00f3micas y el da\u00f1o a su reputaci\u00f3n, as\u00ed como el reconocimiento formal de que la <strong>FIA <\/strong>viol\u00f3 su propio reglamento al no investigar lo que ya sab\u00edan, seg\u00fan declar\u00f3 Ecclestone en una entrevista, lo que motiv\u00f3 la demanda del ex piloto de Ferrari.<\/p>\n\n\n\n<p class=\"wp-block-paragraph\"><strong>Nick De Marco<\/strong>, abogado de Massa, declar\u00f3 que se debi\u00f3 anular la carrera de Singapur, lo que le hubiera dado el t\u00edtulo a Felipe: <strong>&#8220;Despu\u00e9s de muchos a\u00f1os, esta entrevista fue la primera vez que el Sr. Massa se percat\u00f3 de que exist\u00eda un encubrimiento deliberado de una conspiraci\u00f3n que ya era conocida. El Sr. Ecclestone lo confirma al afirmar que la FIA ten\u00eda pruebas suficientes para investigar el accidente y que deber\u00eda haberlo hecho en aquel momento. El organismo deportivo internacional, cuya raz\u00f3n de ser es proteger la integridad del deporte, no cumpli\u00f3 con su funci\u00f3n&#8221;.<\/strong><\/p>\n\n\n\n<figure class=\"wp-block-embed is-type-video is-provider-youtube wp-block-embed-youtube wp-embed-aspect-16-9 wp-has-aspect-ratio\"><div class=\"wp-block-embed__wrapper\">\n<iframe loading=\"lazy\" title=\"UNA OPORTUNIDAD \u00daNICA PARA VARRONE EN F\u00d3RMULA 2\" width=\"500\" height=\"281\" src=\"https:\/\/www.youtube.com\/embed\/OMzFzmRbDz8?feature=oembed\" frameborder=\"0\" allow=\"accelerometer; autoplay; clipboard-write; encrypted-media; gyroscope; picture-in-picture; web-share\" referrerpolicy=\"strict-origin-when-cross-origin\" allowfullscreen><\/iframe>\n<\/div><\/figure>\n\n\n\n<p class=\"wp-block-paragraph\">De Marco sostuvo que <strong>\u201clos acusados \u200b\u200best\u00e1n muy interesados \u200b\u200ben impedir que el tribunal examine su conducta gravemente il\u00edcita\u201d <\/strong>y que solo en 2023 confirm\u00f3 lo que sospechaba que estaba detr\u00e1s del <em>\u201cCrashgate\u201d<\/em>, que frustr\u00f3 su consagraci\u00f3n. En su testimonio, el exjefe de la F1 supuestamente declar\u00f3 que <strong>&#8220;sent\u00eda l\u00e1stima por Massa&#8221; <\/strong>y que al brasile\u00f1o<strong> &#8220;le robaron el t\u00edtulo&#8221;.<\/strong><\/p>\n\n\n\n<p class=\"wp-block-paragraph\">Seg\u00fan el abogado, la FIA incumpli\u00f3 su obligaci\u00f3n de garantizar la justicia deportiva:<strong> \u201cLa FIA ten\u00eda el deber para con sus miembros de hacer cumplir su reglamento. La propia entidad reconoci\u00f3 este deber cuando, tard\u00edamente, investig\u00f3 el accidente en 2009\u201d<\/strong>. De hecho, el letrado sostiene que es mentira que <strong>\u201cno hab\u00eda pruebas suficientes\u201d<\/strong>, luego de que se supiera la verdad sobre lo ocurrido en Singapur, cuando Nelson Piquet declar\u00f3 a la entidad que rige el automovilismo sobre una sospecha del accidente de su hijo, mientras recib\u00eda presiones para mantenerse en la F1. <\/p>\n\n\n\n<p class=\"wp-block-paragraph\">A su vez, el representante legal de Massa critic\u00f3 duramente a la FIA por un informe de 2009 y dijo que su cliente <em>\u201cfue robado\u201d<\/em>: <strong>\u201cEso fue una mentira. Quienes redactaron ese informe \u2014Ecclestone y Mosley\u2014 sab\u00edan que ten\u00edan pruebas suficientes, pero les preocupaban las consecuencias, as\u00ed que encubrieron el caso. Ecclestone y Mosley le robaron. Nada pod\u00eda alertar a Massa de que Ecclestone y Mosley contaban con toda la informaci\u00f3n necesaria para actuar, cuando afirmaban exactamente lo contrario. Esta entrevista de 2023 fue la primera prueba de un encubrimiento deliberado\u201d.<\/strong><\/p>\n\n\n\n<p class=\"wp-block-paragraph\">Se espera una audiencia durante la jornada de este viernes para determinar si hacen lugar al pedido de la defensa de Massa para que continue el proceso por la indemnizaci\u00f3n solicitada, o si se decide archivar la denuncia,<\/p>\n\n\n\n<p class=\"wp-block-paragraph\">\u23e9&nbsp;<strong><em>\u00a1Seguinos en redes por&nbsp;<\/em><\/strong><a href=\"https:\/\/twitter.com\/grandepremioES\"><em>Twitter&nbsp;<\/em><\/a><strong><em>e&nbsp;<\/em><\/strong><a href=\"https:\/\/www.instagram.com\/grandepremioes\/\"><em>Instagram!<br><\/em><\/a>\u23e9&nbsp;<strong><em>Adem\u00e1s, tenemos nuestro&nbsp;<\/em><\/strong><a href=\"https:\/\/whatsapp.com\/channel\/0029VaDZ5zb0gcfDxuwxBM05\"><em>canal de Whatsapp<\/em><\/a><strong><em>&nbsp;con toda la informaci\u00f3n al instante<\/em><\/strong>&nbsp;\ud83c\udfc1<\/p>\n\n\n\n<p class=\"wp-block-paragraph\">La F\u00f3rmula 1 regresa del 7 al 9 de noviembre con el GP de S\u00e3o Paulo, que se disputar\u00e1 en el circuito de Interlagos para la 21\u00b0 ronda de la temporada 2025.<\/p>\n","protected":false},"excerpt":{"rendered":"<p>La defensa de Felipe Massa afirm\u00f3 que solo la entrevista de Bernie Ecclestone en 2023 revel\u00f3 que exdirectivos de la FIA y la F\u00f3rmula 1 encubrieron el incidente ocurrido en el GP de Singapur de 2008 y que brasile\u00f1o fue \u201cv\u00edctima de un robo\u201d. <\/p>\n","protected":false},"author":0,"featured_media":1010373793,"comment_status":"closed","ping_status":"closed","sticky":false,"template":"","format":"standard","meta":{"42wp_featured_image_caption":"","42wp_featured_image_credits":"","42wp_featured_video":"","42wp_featured_image_hidden":false,"42wp_authors_list":[],"footnotes":""},"categories":[5],"tags":[202,755,184,263,179,8806,199,623,9221,13033,210,13180],"42wp_author":[14237],"class_list":["post-4469","post","type-post","status-publish","format-standard","has-post-thumbnail","hentry","category-f1","tag-bernie-ecclestone","tag-felipe-massa","tag-fernando-alonso","tag-fia","tag-formula-1","tag-gp-de-singapur-2008","tag-lewis-hamilton","tag-max-mosley","tag-nelson-piquet-jr","tag-nick-de-marco","tag-renault","tag-tribunal-superior-de-justicia-de-londres","42wp_author-gabriel-garcia"],"_links":{"self":[{"href":"https:\/\/grandepremio.com\/es\/wp-json\/wp\/v2\/posts\/4469","targetHints":{"allow":["GET"]}}],"collection":[{"href":"https:\/\/grandepremio.com\/es\/wp-json\/wp\/v2\/posts"}],"about":[{"href":"https:\/\/grandepremio.com\/es\/wp-json\/wp\/v2\/types\/post"}],"replies":[{"embeddable":true,"href":"https:\/\/grandepremio.com\/es\/wp-json\/wp\/v2\/comments?post=4469"}],"version-history":[{"count":0,"href":"https:\/\/grandepremio.com\/es\/wp-json\/wp\/v2\/posts\/4469\/revisions"}],"wp:featuredmedia":[{"embeddable":true,"href":"https:\/\/grandepremio.com\/es\/wp-json\/wp\/v2\/media\/1010373793"}],"wp:attachment":[{"href":"https:\/\/grandepremio.com\/es\/wp-json\/wp\/v2\/media?parent=4469"}],"wp:term":[{"taxonomy":"category","embeddable":true,"href":"https:\/\/grandepremio.com\/es\/wp-json\/wp\/v2\/categories?post=4469"},{"taxonomy":"post_tag","embeddable":true,"href":"https:\/\/grandepremio.com\/es\/wp-json\/wp\/v2\/tags?post=4469"},{"taxonomy":"42wp_author","embeddable":true,"href":"https:\/\/grandepremio.com\/es\/wp-json\/wp\/v2\/42wp_author?post=4469"}],"curies":[{"name":"wp","href":"https:\/\/api.w.org\/{rel}","templated":true}]}}