{"id":4502,"date":"2025-10-29T09:52:28","date_gmt":"2025-10-29T12:52:28","guid":{"rendered":"https:\/\/grandepremio.com\/es\/2025\/10\/29\/sauber-admite-necesita-mejorar-clasificacion-puntuar-frecuencia\/"},"modified":"2025-10-29T09:52:32","modified_gmt":"2025-10-29T12:52:32","slug":"sauber-admite-necesita-mejorar-clasificacion-puntuar-frecuencia","status":"publish","type":"post","link":"https:\/\/grandepremio.com\/es\/f1\/sauber-admite-necesita-mejorar-clasificacion-puntuar-frecuencia\/","title":{"rendered":"Sauber admite que necesita \u00abmejorar en clasificaci\u00f3n\u00bb para puntuar con frecuencia"},"content":{"rendered":"\n<p class=\"wp-block-paragraph\">En una entrevista acompa\u00f1ada por <strong>GRANDE PR\u00caMIO<\/strong>, <strong>Jonathan Wheatley<\/strong>, jefe de <strong>Sauber<\/strong>, reconoci\u00f3 que el equipo necesita mejorar en las sesiones de clasificaci\u00f3n para estar en una mejor posici\u00f3n para sumar puntos en las carreras. El brit\u00e1nico tambi\u00e9n admiti\u00f3 que el equipo todav\u00eda est\u00e1 aprendiendo sobre el coche cada vez que sale a la pista.<\/p>\n\n\n\n<p class=\"wp-block-paragraph\">El <strong>GP de Ciudad de M\u00e9xico<\/strong> es un ejemplo perfecto de lo que Wheatley quiso decir. <strong>Gabriel Bortoleto<\/strong> sufri\u00f3 por la falta de adherencia en la clasificaci\u00f3n y tuvo que conformarse con la 16\u00aa posici\u00f3n. Sin embargo, durante la carrera, logr\u00f3 recuperarse y termin\u00f3 en d\u00e9cimo lugar. A pesar de sumar puntos, admiti\u00f3 que el resultado podr\u00eda haber sido a\u00fan mejor si hubiera salido m\u00e1s adelante.<\/p>\n\n\n\n<p class=\"wp-block-paragraph\">\ud83d\udfe5&nbsp;<strong><em>\u00a1Todas las novedades te esperan en el canal de&nbsp;<\/em><\/strong><a href=\"https:\/\/www.youtube.com\/@GrandePremioES\"><em>YouTube<\/em><\/a><strong><em>&nbsp;de Grande Pr\u00eamio en Espa\u00f1ol!<\/em><\/strong>&nbsp;\ud83d\udfe8<\/p>\n\n\n\n<figure class=\"wp-block-embed is-type-video is-provider-youtube wp-block-embed-youtube wp-embed-aspect-16-9 wp-has-aspect-ratio\"><div class=\"wp-block-embed__wrapper\">\n<iframe loading=\"lazy\" title=\"NORRIS GANA EN M\u00c9XICO Y ES NUEVO L\u00cdDER DE LA F1 2025 I Briefing\" width=\"500\" height=\"281\" src=\"https:\/\/www.youtube.com\/embed\/0yzGnEHPMus?feature=oembed\" frameborder=\"0\" allow=\"accelerometer; autoplay; clipboard-write; encrypted-media; gyroscope; picture-in-picture; web-share\" referrerpolicy=\"strict-origin-when-cross-origin\" allowfullscreen><\/iframe>\n<\/div><\/figure>\n\n\n\n<p class=\"wp-block-paragraph\">Con el resultado de <strong>Haas<\/strong> en el <strong>Aut\u00f3dromo Hermanos Rodr\u00edguez<\/strong>, el equipo de <strong>Hinwil<\/strong> cay\u00f3 al noveno puesto en el <strong>Mundial de Constructores<\/strong>, pero sigue estando solo a 2 puntos de la escuder\u00eda estadounidense.<\/p>\n\n\n\n<p class=\"wp-block-paragraph\">El jefe de Sauber destac\u00f3 el equilibrio en la parrilla actual de <strong>F\u00f3rmula 1<\/strong>, que hace que las diferencias en las sesiones de clasificaci\u00f3n sean muy peque\u00f1as. Dado que la dificultad para adelantar se ha convertido en algo habitual en la <strong>temporada 2025<\/strong>, de ah\u00ed la importancia de salir bien.<\/p>\n\n\n\n<p class=\"wp-block-paragraph\">\u00abLa clasificaci\u00f3n de Gabriel se vio determinada por un peque\u00f1o error en la curva 1, que sobrecalent\u00f3 los neum\u00e1ticos\u00bb, declar\u00f3 el directivo. \u00abComo el trazado de <strong>M\u00e9xico<\/strong> es muy sinuoso, una vez que los compuestos superan la temperatura ideal al inicio de la vuelta, no es posible enfriarlos hasta que vuelven a estar en l\u00ednea recta\u00bb, continu\u00f3.<\/p>\n\n\n\n<p class=\"wp-block-paragraph\">\u00abLas diferencias son peque\u00f1as, necesitamos clasificarnos m\u00e1s adelante si queremos terminar en la zona de puntuaci\u00f3n con m\u00e1s frecuencia\u00bb, admiti\u00f3.<\/p>\n\n\n\n<figure class=\"wp-block-image size-full\"><img decoding=\"async\" src=\"https:\/\/grandepremio.com\/es\/wp-content\/uploads\/2025\/06\/2025-Bahrain-Grand-Prix-Friday-1-scaled-1.webp\" alt=\"\" class=\"wp-image-342886\"\/><figcaption class=\"wp-element-caption\">Jonathan Wheatley admiti\u00f3 que Sauber necesita mejorar en clasificaci\u00f3n para sumar seguido. (Foto: Sauber)<\/figcaption><\/figure>\n\n\n\n<p class=\"wp-block-paragraph\">\u23e9\u00a0<strong><em>\u00a1Seguinos en redes por\u00a0<\/em><\/strong><a href=\"https:\/\/twitter.com\/grandepremioES\"><em>Twitter\u00a0<\/em><\/a><strong><em>e\u00a0<\/em><\/strong><a href=\"https:\/\/www.instagram.com\/grandepremioes\/\"><em>Instagram!<br><\/em><\/a>\u23e9\u00a0<strong><em>Adem\u00e1s, tenemos nuestro\u00a0<\/em><\/strong><a href=\"https:\/\/whatsapp.com\/channel\/0029VaDZ5zb0gcfDxuwxBM05\"><em>canal de Whatsapp<\/em><\/a><strong><em>\u00a0con toda la informaci\u00f3n al instante<\/em><\/strong>\u00a0\ud83c\udfc1<\/p>\n\n\n\n<p class=\"wp-block-paragraph\">Cuando se le pregunt\u00f3 si hab\u00eda alg\u00fan problema en el coche para obtener el m\u00e1ximo rendimiento durante la clasificaci\u00f3n y si se podr\u00eda tomar una decisi\u00f3n diferente, Jonathan respondi\u00f3: \u00abSi supiera cu\u00e1l es la direcci\u00f3n correcta, dir\u00eda: &#8216;\u00bfPor qu\u00e9 no probamos esto o aquello?&#8217;. Tendremos exactamente el mismo coche para las pr\u00f3ximas cuatro carreras. Todav\u00eda estamos aprendiendo sobre el C45 cada vez que sale a la pista\u00bb, reconoci\u00f3.<\/p>\n\n\n\n<p class=\"wp-block-paragraph\">\u00abHay mucha informaci\u00f3n sobre los neum\u00e1ticos blandos, medios y duros, y muy diferente en varios aspectos de nuestra modelizaci\u00f3n previa a la carrera. Por lo tanto, creo que el mismo equipo que pone el rendimiento en el coche es capaz de encontrar una ventana m\u00e1s amplia para operar el monoplaza. Por lo tanto, ese ser\u00eda nuestro objetivo\u00bb, concluy\u00f3.<\/p>\n\n\n\n<p class=\"wp-block-paragraph\">La&nbsp;<strong>F\u00f3rmula 1<\/strong>&nbsp;regresa del 7 al 9 de noviembre en&nbsp;<strong>Interlagos<\/strong>, sede del&nbsp;<strong>GP de S\u00e3o Paulo<\/strong>, la 21\u00aa etapa de la&nbsp;<strong>temporada 2025<\/strong>.<\/p>\n","protected":false},"excerpt":{"rendered":"<p>El jefe de Sauber, Jonathan Wheatley, admiti\u00f3 que el equipo necesita mejorar en la clasificaci\u00f3n si quiere sumar puntos con frecuencia. Tambi\u00e9n reconoci\u00f3 que siguen aprendiendo sobre el coche cada vez que sale a la pista.<\/p>\n","protected":false},"author":0,"featured_media":1010372393,"comment_status":"closed","ping_status":"closed","sticky":false,"template":"","format":"standard","meta":{"42wp_featured_image_caption":"","42wp_featured_image_credits":"","42wp_featured_video":"","42wp_featured_image_hidden":false,"42wp_authors_list":[],"footnotes":""},"categories":[5],"tags":[1826,1710,179,4071,1819,2173,497],"42wp_author":[14240],"class_list":["post-4502","post","type-post","status-publish","format-standard","has-post-thumbnail","hentry","category-f1","tag-autodromo-hermanos-rodriguez","tag-f1-2025","tag-formula-1","tag-gabriel-bortoleto","tag-gp-de-ciudad-de-mexico","tag-jonathan-wheatley","tag-sauber","42wp_author-ignacio-bogado"],"_links":{"self":[{"href":"https:\/\/grandepremio.com\/es\/wp-json\/wp\/v2\/posts\/4502","targetHints":{"allow":["GET"]}}],"collection":[{"href":"https:\/\/grandepremio.com\/es\/wp-json\/wp\/v2\/posts"}],"about":[{"href":"https:\/\/grandepremio.com\/es\/wp-json\/wp\/v2\/types\/post"}],"replies":[{"embeddable":true,"href":"https:\/\/grandepremio.com\/es\/wp-json\/wp\/v2\/comments?post=4502"}],"version-history":[{"count":0,"href":"https:\/\/grandepremio.com\/es\/wp-json\/wp\/v2\/posts\/4502\/revisions"}],"wp:featuredmedia":[{"embeddable":true,"href":"https:\/\/grandepremio.com\/es\/wp-json\/wp\/v2\/media\/1010372393"}],"wp:attachment":[{"href":"https:\/\/grandepremio.com\/es\/wp-json\/wp\/v2\/media?parent=4502"}],"wp:term":[{"taxonomy":"category","embeddable":true,"href":"https:\/\/grandepremio.com\/es\/wp-json\/wp\/v2\/categories?post=4502"},{"taxonomy":"post_tag","embeddable":true,"href":"https:\/\/grandepremio.com\/es\/wp-json\/wp\/v2\/tags?post=4502"},{"taxonomy":"42wp_author","embeddable":true,"href":"https:\/\/grandepremio.com\/es\/wp-json\/wp\/v2\/42wp_author?post=4502"}],"curies":[{"name":"wp","href":"https:\/\/api.w.org\/{rel}","templated":true}]}}