{"id":4831,"date":"2025-10-11T11:50:16","date_gmt":"2025-10-11T14:50:16","guid":{"rendered":"https:\/\/grandepremio.com\/es\/2025\/10\/11\/fenestraz-emociona-ganar-fuji-escuche-himno-argentino-super-formula-2025\/"},"modified":"2025-10-11T11:50:19","modified_gmt":"2025-10-11T14:50:19","slug":"fenestraz-emociona-ganar-fuji-escuche-himno-argentino-super-formula-2025","status":"publish","type":"post","link":"https:\/\/grandepremio.com\/es\/super-formula\/fenestraz-emociona-ganar-fuji-escuche-himno-argentino-super-formula-2025\/","title":{"rendered":"Fenestraz se emociona tras ganar en Fuji: &#8220;Escuch\u00e9 el himno argentino por primera vez&#8221;"},"content":{"rendered":"\n<p class=\"wp-block-paragraph\">No ha sido un d\u00eda m\u00e1s para <strong>Sacha Fenestraz<\/strong> en su carrera. No solo porque hizo su primera pole en la <strong>S\u00faper F\u00f3rmula<\/strong>, sino porque gan\u00f3 despu\u00e9s de tres a\u00f1os en la categor\u00eda japonesa y escuch\u00f3 por primera vez en su carrera el himno argentino en el podio del circuito de <strong>Fuji Speedway<\/strong>.<\/p>\n\n\n\n<p class=\"wp-block-paragraph\">\ud83d\udfe5&nbsp;<strong><em>\u00a1Todas las novedades te esperan en el canal de&nbsp;<\/em><\/strong><a href=\"https:\/\/www.youtube.com\/@GrandePremioES\"><em>YouTube<\/em><\/a><strong><em>&nbsp;de Grande Pr\u00eamio en Espa\u00f1ol!<\/em><\/strong>&nbsp;\ud83d\udfe8<\/p>\n\n\n\n<p class=\"wp-block-paragraph\">Aunque la carrera no fue tal debido a la lluvia y solo se completaron 12 vueltas, para entregar la mitad de los puntos, el piloto del <strong>Tom\u2019s Racing<\/strong> habl\u00f3 apenas se baj\u00f3 del coche con la transmisi\u00f3n oficial: <strong>\u201cUna victoria es una victoria, pero no me gusta ganar as\u00ed. Es lo que es, hicimos un gran trabajo en clasificaci\u00f3n, hace 3 a\u00f1os que no ganaba el #37 de Tom\u2019s, es bueno para el campeonato de equipos, aunque se repartan la mitad de puntos, no es una manera buena de ganar, pero estoy muy contento\u201d.<\/strong><\/p>\n\n\n\n<p class=\"wp-block-paragraph\"><strong>\u201cQuiero agradecer a los fans por su espera en la lluvia, es una pena que no hayamos podido correr, pero fue un acierto para cuidar la seguridad y espero que ma\u00f1ana podamos ofrecer un buen espect\u00e1culo\u201d<\/strong>, a\u00f1adi\u00f3 el compa\u00f1ero de <strong>Sho Tsuboi<\/strong>.<\/p>\n\n\n\n<figure class=\"wp-block-embed is-type-video is-provider-youtube wp-block-embed-youtube wp-embed-aspect-16-9 wp-has-aspect-ratio\"><div class=\"wp-block-embed__wrapper\">\n<iframe loading=\"lazy\" title=\"McLAREN Y EL AGOTAMIENTO DE LAS &amp;apos;PAPAYA RULES&amp;apos;\" width=\"500\" height=\"281\" src=\"https:\/\/www.youtube.com\/embed\/TqtdgRWwR58?feature=oembed\" frameborder=\"0\" allow=\"accelerometer; autoplay; clipboard-write; encrypted-media; gyroscope; picture-in-picture; web-share\" referrerpolicy=\"strict-origin-when-cross-origin\" allowfullscreen><\/iframe>\n<\/div><\/figure>\n\n\n\n<p class=\"wp-block-paragraph\">Ya en la conferencia de prensa de los tres primeros, Sacha evalu\u00f3 las dificultades que tuvo, incluso, detr\u00e1s del auto de seguridad: <strong>\u201cEstoy muy contento, es una mezcla de sensaciones ganar de esta carrera, pero necesitas de la suerte a veces como pas\u00f3 hoy. Hab\u00eda mucho aquaplanning desde la clasificaci\u00f3n y era la mayor dificultad estando adelante\u201d. <\/strong><\/p>\n\n\n\n<p class=\"wp-block-paragraph\"><strong>\u201cPor supuesto que fue un buen d\u00eda, estoy muy contento de estar de vuelta en lo m\u00e1s alto, cuando me fui de Jap\u00f3n en 2022 dije que quer\u00eda volver un d\u00eda para pelear por el campeonato y lo hice, estamos construyendo para el futuro. Fue muy emocionante escuchar el himno argentino por primera vez en el podio en mi carrera y le quiero dedicar esta victoria a un familiar que falleci\u00f3 recientemente. Es un lindo fin de semana para conmemorar todo esto\u201d<\/strong>, coment\u00f3 Fenestraz sobre el hecho de escuchar en el podio el himno argentino por primera vez su trayectoria, al utilizar la licencia argentina desde esta temporada.<\/p>\n\n\n\n<p class=\"wp-block-paragraph\">Sobre como pudo revertir el mal inicio de temporada, el piloto franco-argentino relat\u00f3 que los cambios que propuso en la puesta a punto funcionaron: <strong>\u201cCreo que, desde la \u00faltima carrera en Fuji, especialmente el domingo donde cambiamos un mont\u00f3n de cosas para solucionar los problemas del auto #37 que no estaba funcionando como el otro auto, porque no ten\u00eda confianza para nada. De repente, el auto se volvi\u00f3 completamente diferente de manejar en el buen sentido y me dio m\u00e1s confianza con los cambios que prob\u00e9 en mi anterior equipo (Kondo), pude ser m\u00e1s r\u00e1pido que mi compa\u00f1ero, primero en Sugo y luego aqu\u00ed\u201d.<\/strong><\/p>\n\n\n\n<figure class=\"wp-block-image size-large\"><img decoding=\"async\" src=\"https:\/\/grandepremio.com\/cdn-cgi\/image\/width=893,height=558,fit=contain,gravity=0.5x0.5,quality=75,format=webp\/es\/wp-content\/uploads\/2025\/10\/ZYO_0916-1024x682.jpg\" alt=\"\" class=\"wp-image-369065\"\/><figcaption class=\"wp-element-caption\">La visibilidad en la carrera de Fuji de esta madrugada fue escasa, coment\u00f3 Sacha Fenestraz. (Foto: JRP)<\/figcaption><\/figure>\n\n\n\n<p class=\"wp-block-paragraph\"><strong>\u201cNos dimos cuenta que estaba m\u00e1s cerca de mi compa\u00f1ero, es bueno saber que encontramos la soluci\u00f3n y que los autos del Tom\u2019s est\u00e1n adelante y corregimos el 90% de los problemas que ten\u00edamos. Tenemos que seguir trabajando en reducir la distancia con los otros, pero veremos donde terminamos la temporada despu\u00e9s de un dif\u00edcil arranque\u201d<\/strong>, elogi\u00f3 el piloto de <strong>Toyota <\/strong>sobre la cuesti\u00f3n de los cambios en su monoplaza, que le permiti\u00f3 volver a ser competitivo. <\/p>\n\n\n\n<p class=\"wp-block-paragraph\">Por \u00faltimo, Fenestraz alab\u00f3 la decisi\u00f3n de los comisarios deportivos de no lanzar la carrera por la escasa visibilidad, que solo mejor\u00f3 durante peque\u00f1os ratos, y ya se enfoc\u00f3 en la carrera del domingo: <strong>\u201cEs un gran resultado el 1-2 para el Tom\u2019s, creo en pista seca no somos tan r\u00e1pidos ayer, trataremos de encontrar una puesta a punto que nos funcione, veremos qu\u00e9 pasa, el objetivo es volver al podio ma\u00f1ana de nuevo y lucharemos por eso\u201d.<\/strong><\/p>\n\n\n\n<p class=\"wp-block-paragraph\">\u23e9&nbsp;<strong><em>\u00a1Seguinos en redes por&nbsp;<\/em><\/strong><a href=\"https:\/\/twitter.com\/grandepremioES\"><em>Twitter&nbsp;<\/em><\/a><strong><em>e&nbsp;<\/em><\/strong><a href=\"https:\/\/www.instagram.com\/grandepremioes\/\"><em>Instagram!<br><\/em><\/a>\u23e9&nbsp;<strong><em>Adem\u00e1s, tenemos nuestro&nbsp;<\/em><\/strong><a href=\"https:\/\/whatsapp.com\/channel\/0029VaDZ5zb0gcfDxuwxBM05\"><em>canal de Whatsapp<\/em><\/a><strong><em>&nbsp;con toda la informaci\u00f3n al instante<\/em><\/strong>&nbsp;\ud83c\udfc1<\/p>\n\n\n\n<p class=\"wp-block-paragraph\">Con unas mejores condiciones clim\u00e1ticas previstas, la S\u00faper F\u00f3rmula volver\u00e1 a la pista de Fuji para clasificar por segunda vez desde las 22:10 y la carrera del domingo se largar\u00e1 a las 3:00, a 41 vueltas. Cobertura de GRANDE PREMIO en Espa\u00f1ol.<\/p>\n","protected":false},"excerpt":{"rendered":"<p>Sacha Fenestraz venci\u00f3 en la novena carrera de la temporada 2025 de la S\u00faper F\u00f3rmula y, si bien admiti\u00f3 que no le gustaba ganar sin competir a causa de la lluvia, alab\u00f3 la decisi\u00f3n de los comisarios deportivos de no lanzar la prueba en ning\u00fan momento. <\/p>\n","protected":false},"author":0,"featured_media":1010369061,"comment_status":"closed","ping_status":"closed","sticky":false,"template":"","format":"standard","meta":{"42wp_featured_image_caption":"","42wp_featured_image_credits":"","42wp_featured_video":"","42wp_featured_image_hidden":false,"42wp_authors_list":[],"footnotes":""},"categories":[45],"tags":[7070,3007,7074,7286,10295,312],"42wp_author":[14237],"class_list":["post-4831","post","type-post","status-publish","format-standard","has-post-thumbnail","hentry","category-super-formula","tag-fuji-speedway","tag-sacha-fenestraz","tag-sho-tsuboi","tag-super-formula-2","tag-toms-racing","tag-toyota","42wp_author-gabriel-garcia"],"_links":{"self":[{"href":"https:\/\/grandepremio.com\/es\/wp-json\/wp\/v2\/posts\/4831","targetHints":{"allow":["GET"]}}],"collection":[{"href":"https:\/\/grandepremio.com\/es\/wp-json\/wp\/v2\/posts"}],"about":[{"href":"https:\/\/grandepremio.com\/es\/wp-json\/wp\/v2\/types\/post"}],"replies":[{"embeddable":true,"href":"https:\/\/grandepremio.com\/es\/wp-json\/wp\/v2\/comments?post=4831"}],"version-history":[{"count":0,"href":"https:\/\/grandepremio.com\/es\/wp-json\/wp\/v2\/posts\/4831\/revisions"}],"wp:featuredmedia":[{"embeddable":true,"href":"https:\/\/grandepremio.com\/es\/wp-json\/wp\/v2\/media\/1010369061"}],"wp:attachment":[{"href":"https:\/\/grandepremio.com\/es\/wp-json\/wp\/v2\/media?parent=4831"}],"wp:term":[{"taxonomy":"category","embeddable":true,"href":"https:\/\/grandepremio.com\/es\/wp-json\/wp\/v2\/categories?post=4831"},{"taxonomy":"post_tag","embeddable":true,"href":"https:\/\/grandepremio.com\/es\/wp-json\/wp\/v2\/tags?post=4831"},{"taxonomy":"42wp_author","embeddable":true,"href":"https:\/\/grandepremio.com\/es\/wp-json\/wp\/v2\/42wp_author?post=4831"}],"curies":[{"name":"wp","href":"https:\/\/api.w.org\/{rel}","templated":true}]}}