{"id":4833,"date":"2025-10-11T09:11:00","date_gmt":"2025-10-11T12:11:00","guid":{"rendered":"https:\/\/grandepremio.com\/es\/2025\/10\/11\/verstappen-atribuye-filosofia-diferente-admite-nadie-esperaba-f1-2025\/"},"modified":"2025-10-10T15:36:15","modified_gmt":"2025-10-10T18:36:15","slug":"verstappen-atribuye-filosofia-diferente-admite-nadie-esperaba-f1-2025","status":"publish","type":"post","link":"https:\/\/grandepremio.com\/es\/f1\/verstappen-atribuye-filosofia-diferente-admite-nadie-esperaba-f1-2025\/","title":{"rendered":"Verstappen atribuye el m\u00e9rito a una &#8220;filosof\u00eda diferente&#8221; y admite: &#8220;Nadie esperaba esto&#8221;"},"content":{"rendered":"\n<p class=\"wp-block-paragraph\">Dos victorias consecutivas m\u00e1s un podio es la buena racha que trae <strong>Max Verstappen<\/strong> desde el inicio del mes de septiembre, que tuvo tres carreras de la <strong>F\u00f3rmula 1<\/strong> y el campe\u00f3n del mundo habl\u00f3 de un cambio de filosof\u00eda que les permiti\u00f3 dar un salto del nivel en plena temporada 2025.<\/p>\n\n\n\n<p class=\"wp-block-paragraph\">\ud83d\udfe5&nbsp;<strong><em>\u00a1Todas las novedades te esperan en el canal de&nbsp;<\/em><\/strong><a href=\"https:\/\/www.youtube.com\/@GrandePremioES\"><em>YouTube<\/em><\/a><strong><em>&nbsp;de Grande Pr\u00eamio en Espa\u00f1ol!<\/em><\/strong>&nbsp;\ud83d\udfe8<\/p>\n\n\n\n<p class=\"wp-block-paragraph\">Tras el par\u00f3n veraniego en Europa, el neerland\u00e9s sum\u00f3 86 de los 100 puntos en juego, reabriendo incluso una posible lucha por el t\u00edtulo de pilotos contra los pilotos de <strong>McLaren<\/strong>. Aunque a\u00fan queda mucho por delante, Max ve un gran m\u00e9rito de <strong>Red Bull<\/strong>.<\/p>\n\n\n\n<p class=\"wp-block-paragraph\"><strong>&#8220;Para ser sincero, nadie esperaba esto. Pero, por supuesto, hay razones por las que las cosas de repente est\u00e1n funcionando mejor ahora. Simplemente no puedo decir cu\u00e1les son&#8221;,<\/strong> brome\u00f3 Verstappen luego de haber finalizado por delante de <strong>Oscar Piastri<\/strong> y de <strong>Lando Norris<\/strong>.<\/p>\n\n\n\n<p class=\"wp-block-paragraph\">Cuando se le pregunt\u00f3 si la repentina mejora se debe a un cambio de filosof\u00eda en lugar de a las actualizaciones t\u00e9cnicas del <strong>RB21<\/strong>, Verstappen lo confirm\u00f3, aunque reconoci\u00f3 que ning\u00fan factor influye por s\u00ed solo:<strong> &#8220;Bueno, todo ayuda, por supuesto, pero esa no es la \u00fanica raz\u00f3n&#8221;.<\/strong><\/p>\n\n\n\n<figure class=\"wp-block-embed is-type-video is-provider-youtube wp-block-embed-youtube wp-embed-aspect-16-9 wp-has-aspect-ratio\"><div class=\"wp-block-embed__wrapper\">\n<iframe loading=\"lazy\" title=\"McLAREN Y EL AGOTAMIENTO DE LAS &amp;apos;PAPAYA RULES&amp;apos;\" width=\"500\" height=\"281\" src=\"https:\/\/www.youtube.com\/embed\/TqtdgRWwR58?feature=oembed\" frameborder=\"0\" allow=\"accelerometer; autoplay; clipboard-write; encrypted-media; gyroscope; picture-in-picture; web-share\" referrerpolicy=\"strict-origin-when-cross-origin\" allowfullscreen><\/iframe>\n<\/div><\/figure>\n\n\n\n<p class=\"wp-block-paragraph\"><strong>&#8220;Es una filosof\u00eda diferente. Ahora podemos ajustar el coche con mayor precisi\u00f3n durante el fin de semana, y eso es lo m\u00e1s importante&#8221;<\/strong>, explic\u00f3 en relaci\u00f3n al cambio de mando que hubo en julio de <strong>Laurent Mekies<\/strong> por <strong>Christian Horner<\/strong>, que fue despedido como jefe de equipo.<\/p>\n\n\n\n<p class=\"wp-block-paragraph\">Verstappen consider\u00f3, en retrospectiva, que nada se puede hacer por los puntos que no se sumaron, aunque un cambio de filosof\u00eda antes de mitad de a\u00f1o s\u00ed que hubiera ayudado. M\u00e1s all\u00e1 de esto, el compa\u00f1ero de <strong>Yuki Tsunoda<\/strong> no se conf\u00eda del todo en el RB21.<\/p>\n\n\n\n<p class=\"wp-block-paragraph\"><strong>&#8220;A\u00fan hay que encontrar la configuraci\u00f3n ideal cada fin de semana. Las diferencias son tan peque\u00f1as ahora que un peque\u00f1o error en la configuraci\u00f3n, o cualquier otra cosa, puede tener grandes consecuencias. Necesitamos analizar esto cuidadosamente cada fin de semana&#8221;,<\/strong> concluy\u00f3.<\/p>\n\n\n\n<p class=\"wp-block-paragraph\">\u23e9&nbsp;<strong><em>\u00a1Seguinos en redes por&nbsp;<\/em><\/strong><a href=\"https:\/\/twitter.com\/grandepremioES\"><em>Twitter&nbsp;<\/em><\/a><strong><em>e&nbsp;<\/em><\/strong><a href=\"https:\/\/www.instagram.com\/grandepremioes\/\"><em>Instagram!<br><\/em><\/a>\u23e9&nbsp;<strong><em>Adem\u00e1s, tenemos nuestro&nbsp;<\/em><\/strong><a href=\"https:\/\/whatsapp.com\/channel\/0029VaDZ5zb0gcfDxuwxBM05\"><em>canal de Whatsapp<\/em><\/a><strong><em>&nbsp;con toda la informaci\u00f3n al instante<\/em><\/strong>&nbsp;\ud83c\udfc1<\/p>\n\n\n\n<p class=\"wp-block-paragraph\">La F\u00f3rmula 1 regresa del 17 al 19 de octubre en el circuito de Austin, sede del Gran Premio de Estados Unidos, para la 19\u00b0 ronda del campeonato 2025. GRANDE PR\u00caMIO ofrece cobertura completa del evento.<\/p>\n","protected":false},"excerpt":{"rendered":"<p>Max Verstappen analiz\u00f3 el buen momento de Red Bull desde el regreso de la F1 tras el par\u00f3n veraniego y explic\u00f3 el cambio de filosof\u00eda que permiti\u00f3 al equipo recuperarse en la temporada 2025.<\/p>\n","protected":false},"author":0,"featured_media":1010369026,"comment_status":"closed","ping_status":"closed","sticky":false,"template":"","format":"standard","meta":{"42wp_featured_image_caption":"","42wp_featured_image_credits":"","42wp_featured_video":"","42wp_featured_image_hidden":false,"42wp_authors_list":[],"footnotes":""},"categories":[5],"tags":[1336,179,268,1753,249,269,278,11072,206,368],"42wp_author":[14237],"class_list":["post-4833","post","type-post","status-publish","format-standard","has-post-thumbnail","hentry","category-f1","tag-christian-horner","tag-formula-1","tag-lando-norris","tag-laurent-mekies","tag-max-verstappen","tag-mclaren","tag-oscar-piastri","tag-rb21","tag-red-bull","tag-yuki-tsunoda","42wp_author-gabriel-garcia"],"_links":{"self":[{"href":"https:\/\/grandepremio.com\/es\/wp-json\/wp\/v2\/posts\/4833","targetHints":{"allow":["GET"]}}],"collection":[{"href":"https:\/\/grandepremio.com\/es\/wp-json\/wp\/v2\/posts"}],"about":[{"href":"https:\/\/grandepremio.com\/es\/wp-json\/wp\/v2\/types\/post"}],"replies":[{"embeddable":true,"href":"https:\/\/grandepremio.com\/es\/wp-json\/wp\/v2\/comments?post=4833"}],"version-history":[{"count":0,"href":"https:\/\/grandepremio.com\/es\/wp-json\/wp\/v2\/posts\/4833\/revisions"}],"wp:featuredmedia":[{"embeddable":true,"href":"https:\/\/grandepremio.com\/es\/wp-json\/wp\/v2\/media\/1010369026"}],"wp:attachment":[{"href":"https:\/\/grandepremio.com\/es\/wp-json\/wp\/v2\/media?parent=4833"}],"wp:term":[{"taxonomy":"category","embeddable":true,"href":"https:\/\/grandepremio.com\/es\/wp-json\/wp\/v2\/categories?post=4833"},{"taxonomy":"post_tag","embeddable":true,"href":"https:\/\/grandepremio.com\/es\/wp-json\/wp\/v2\/tags?post=4833"},{"taxonomy":"42wp_author","embeddable":true,"href":"https:\/\/grandepremio.com\/es\/wp-json\/wp\/v2\/42wp_author?post=4833"}],"curies":[{"name":"wp","href":"https:\/\/api.w.org\/{rel}","templated":true}]}}