{"id":4834,"date":"2025-10-11T08:45:00","date_gmt":"2025-10-11T11:45:00","guid":{"rendered":"https:\/\/grandepremio.com\/es\/2025\/10\/11\/fenestraz-vuelve-victoria-carrera-suspendida-super-formula-fuji\/"},"modified":"2025-10-11T04:50:10","modified_gmt":"2025-10-11T07:50:10","slug":"fenestraz-vuelve-victoria-carrera-suspendida-super-formula-fuji","status":"publish","type":"post","link":"https:\/\/grandepremio.com\/es\/super-formula\/fenestraz-vuelve-victoria-carrera-suspendida-super-formula-fuji\/","title":{"rendered":"Fenestraz vuelve a la victoria en una carrera suspendida de S\u00faper F\u00f3rmula en Fuji"},"content":{"rendered":"\n<p class=\"wp-block-paragraph\">La <strong>S\u00faper F\u00f3rmula <\/strong>desarroll\u00f3 su clasificaci\u00f3n bajo la lluvia en <strong>Fuji Speedway<\/strong> dividida en dos grupos para la Q1 y luego la Q2 a siete minutos con los 12 mejores tiempos. <strong>Sacha Fenestraz<\/strong> se impuso por primera vez en la categor\u00eda despu\u00e9s de que <strong>Ayumu Iwasa<\/strong> se golpeara sobre el final de la sesi\u00f3n y la direcci\u00f3n de carrera le quitara los tiempos por causar la bandera roja.<\/p>\n\n\n\n<p class=\"wp-block-paragraph\">\ud83d\udfe5&nbsp;<strong><em>\u00a1Todas las novedades te esperan en el canal de&nbsp;<\/em><\/strong><a href=\"https:\/\/www.youtube.com\/@GrandePremioES\"><em>YouTube<\/em><\/a><strong><em>&nbsp;de Grande Pr\u00eamio en Espa\u00f1ol!<\/em><\/strong>&nbsp;\ud83d\udfe8<\/p>\n\n\n\n<p class=\"wp-block-paragraph\">De este modo, el piloto franco-argentino parti\u00f3 adelante en una prueba a 36 vueltas que, como estaba muy complicado con el agua y la lluvia de la jornada, se iba a evitar el paso por boxes para cambiar neum\u00e1ticos. Fenestraz movi\u00f3 adelante con el auto de seguridad debido a las condiciones de la pista. La temperatura era de apenas 17 grados de temperatura en el ambiente y 19 en el circuito, adem\u00e1s del agua que ca\u00eda y algo de niebla.<\/p>\n\n\n\n<p class=\"wp-block-paragraph\">Ante la imposibilidad de poder ver algo por el spray y la constante lluvia, la direcci\u00f3n de la prueba decidi\u00f3 colocar la bandera roja previo a cumplir con la sexta vuelta. El orden no hab\u00eda cambiado, salvo por un paso por boxes de <strong>Syun Koide<\/strong>, al que se le hab\u00eda ca\u00eddo la c\u00e1mara a bordo y el equipo lo retir\u00f3 del cockpit.<\/p>\n\n\n\n<figure class=\"wp-block-embed is-type-video is-provider-youtube wp-block-embed-youtube wp-embed-aspect-16-9 wp-has-aspect-ratio\"><div class=\"wp-block-embed__wrapper\">\n<iframe loading=\"lazy\" title=\"McLAREN Y EL AGOTAMIENTO DE LAS &amp;apos;PAPAYA RULES&amp;apos;\" width=\"500\" height=\"281\" src=\"https:\/\/www.youtube.com\/embed\/TqtdgRWwR58?feature=oembed\" frameborder=\"0\" allow=\"accelerometer; autoplay; clipboard-write; encrypted-media; gyroscope; picture-in-picture; web-share\" referrerpolicy=\"strict-origin-when-cross-origin\" allowfullscreen><\/iframe>\n<\/div><\/figure>\n\n\n\n<p class=\"wp-block-paragraph\">Luego de m\u00e1s de media hora de espera, la direcci\u00f3n de la carrera decidi\u00f3 reanudar cuando hab\u00eda disminuido la lluvia, pero justo antes de volver detr\u00e1s del auto de seguridad, la intensidad aument\u00f3 de nuevo. De todos modos, el procedimiento continu\u00f3 tal como estaba previsto. Fenestraz segu\u00eda al comando, seguido por <strong>Sho Tsuboi<\/strong> y <strong>Tomoki Nojiri<\/strong>.<\/p>\n\n\n\n<p class=\"wp-block-paragraph\"><strong>Igor Fraga<\/strong> reportaba al equipo por radio que, si bien llov\u00eda menos y el agua estaba controlada, la visibilidad era muy mala, fue esto \u00faltimo lo que llev\u00f3 a la segunda bandera roja despu\u00e9s de 13 vueltas en total. Tras otro rato de espera, finalmente se decidi\u00f3 abandonar la disputa de la competencia y se declar\u00f3 a Sacha Fenestraz como ganador, cortando as\u00ed una racha de tres a\u00f1os sin ir a lo m\u00e1s alto del podio, en su regreso victorioso al automovilismo japon\u00e9s.<\/p>\n\n\n\n<p class=\"wp-block-paragraph\">Tsuboi lidera el certamen con 104.5 puntos, Iwasa es segundo con 90, <strong>Kakunoshin Ohta<\/strong> tiene 89, <strong>Tadasuke Makino<\/strong> 78, <strong>Tomoki Nojiri<\/strong> 63.5 y Fenestraz suma 47 unidades en la sexta posici\u00f3n, con tres carreras para acabar el a\u00f1o.<\/p>\n\n\n\n<p class=\"wp-block-paragraph\">\u23e9&nbsp;<strong><em>\u00a1Seguinos en redes por&nbsp;<\/em><\/strong><a href=\"https:\/\/twitter.com\/grandepremioES\"><em>Twitter&nbsp;<\/em><\/a><strong><em>e&nbsp;<\/em><\/strong><a href=\"https:\/\/www.instagram.com\/grandepremioes\/\"><em>Instagram!<br><\/em><\/a>\u23e9&nbsp;<strong><em>Adem\u00e1s, tenemos nuestro&nbsp;<\/em><\/strong><a href=\"https:\/\/whatsapp.com\/channel\/0029VaDZ5zb0gcfDxuwxBM05\"><em>canal de Whatsapp<\/em><\/a><strong><em>&nbsp;con toda la informaci\u00f3n al instante<\/em><\/strong>&nbsp;\ud83c\udfc1<\/p>\n\n\n\n<p class=\"wp-block-paragraph\">Con unas mejores condiciones clim\u00e1ticas previstas, la S\u00faper F\u00f3rmula volver\u00e1 a la pista de Fuji para clasificar por segunda vez desde las 22:10 y la carrera del domingo se largar\u00e1 a las 3:00, a 41 vueltas. Cobertura de GRANDE PREMIO en Espa\u00f1ol.<\/p>\n","protected":false},"excerpt":{"rendered":"<p>Sacha Fenestraz se qued\u00f3 con la pole tras el golpe de Ayumu Iwasa y logr\u00f3 el triunfo en la novena prueba de la temporada 2025, que no se pudo correr en su totalidad debido a la lluvia y la niebla en Fuji que impidieron el normal desarrollo de la carrera. Pese a esto, el piloto franco-argentino fue declarado vencedor.<\/p>\n","protected":false},"author":0,"featured_media":1010369046,"comment_status":"closed","ping_status":"closed","sticky":false,"template":"","format":"standard","meta":{"42wp_featured_image_caption":"","42wp_featured_image_credits":"","42wp_featured_video":"","42wp_featured_image_hidden":false,"42wp_authors_list":[],"footnotes":""},"categories":[45],"tags":[3085,7070,286,11229,3007,7074,7286,11238,8611,11223],"42wp_author":[14237],"class_list":["post-4834","post","type-post","status-publish","format-standard","has-post-thumbnail","hentry","category-super-formula","tag-ayumu-iwasa","tag-fuji-speedway","tag-igor-fraga","tag-kakunoshin-ohta","tag-sacha-fenestraz","tag-sho-tsuboi","tag-super-formula-2","tag-syun-koide","tag-tadasuke-makino","tag-tomoki-nojiri","42wp_author-gabriel-garcia"],"_links":{"self":[{"href":"https:\/\/grandepremio.com\/es\/wp-json\/wp\/v2\/posts\/4834","targetHints":{"allow":["GET"]}}],"collection":[{"href":"https:\/\/grandepremio.com\/es\/wp-json\/wp\/v2\/posts"}],"about":[{"href":"https:\/\/grandepremio.com\/es\/wp-json\/wp\/v2\/types\/post"}],"replies":[{"embeddable":true,"href":"https:\/\/grandepremio.com\/es\/wp-json\/wp\/v2\/comments?post=4834"}],"version-history":[{"count":0,"href":"https:\/\/grandepremio.com\/es\/wp-json\/wp\/v2\/posts\/4834\/revisions"}],"wp:featuredmedia":[{"embeddable":true,"href":"https:\/\/grandepremio.com\/es\/wp-json\/wp\/v2\/media\/1010369046"}],"wp:attachment":[{"href":"https:\/\/grandepremio.com\/es\/wp-json\/wp\/v2\/media?parent=4834"}],"wp:term":[{"taxonomy":"category","embeddable":true,"href":"https:\/\/grandepremio.com\/es\/wp-json\/wp\/v2\/categories?post=4834"},{"taxonomy":"post_tag","embeddable":true,"href":"https:\/\/grandepremio.com\/es\/wp-json\/wp\/v2\/tags?post=4834"},{"taxonomy":"42wp_author","embeddable":true,"href":"https:\/\/grandepremio.com\/es\/wp-json\/wp\/v2\/42wp_author?post=4834"}],"curies":[{"name":"wp","href":"https:\/\/api.w.org\/{rel}","templated":true}]}}