{"id":4848,"date":"2025-10-09T14:06:10","date_gmt":"2025-10-09T17:06:10","guid":{"rendered":"https:\/\/grandepremio.com\/es\/2025\/10\/09\/marini-afirma-objetivo-honda-victoria-motogp-2026\/"},"modified":"2025-10-09T14:06:14","modified_gmt":"2025-10-09T17:06:14","slug":"marini-afirma-objetivo-honda-victoria-motogp-2026","status":"publish","type":"post","link":"https:\/\/grandepremio.com\/es\/motogp\/marini-afirma-objetivo-honda-victoria-motogp-2026\/","title":{"rendered":"Marini afirma que el objetivo de Honda es &#8220;luchar por la victoria en cada GP&#8221; en 2026"},"content":{"rendered":"\n<p class=\"wp-block-paragraph\">Tras dos Grandes Premios de <strong>MotoGP <\/strong>en Jap\u00f3n e <strong>Indonesia<\/strong> donde <strong>Honda <\/strong>ha podido luchar por el podio de manera consistente a lo largo del fin de semana, <strong>Luca Marini<\/strong> ha demostrado su entusiasmo por el proyecto y dijo que el objetivo es pelear por victorias ya en 2026.<\/p>\n\n\n\n<p class=\"wp-block-paragraph\">\ud83d\udfe5&nbsp;<strong><em>\u00a1Todas las novedades te esperan en el canal de&nbsp;<\/em><\/strong><a href=\"https:\/\/www.youtube.com\/@GrandePremioES\"><em>YouTube<\/em><\/a><strong><em>&nbsp;de Grande Pr\u00eamio en Espa\u00f1ol!<\/em><\/strong>&nbsp;\ud83d\udfe8<\/p>\n\n\n\n<p class=\"wp-block-paragraph\">El fabricante japon\u00e9s est\u00e1 pen\u00faltimo en el <strong>Mundial de Constructores<\/strong> y atraviesa un per\u00edodo de crecimiento luego del podio de <strong>Joan Mir<\/strong> en <strong>Motegi <\/strong>hace casi dos semanas. En opini\u00f3n de Marini, la <strong>RC213V<\/strong> ha progresado considerablemente en los \u00faltimos meses.<\/p>\n\n\n\n<p class=\"wp-block-paragraph\"><strong>&#8220;Consegu\u00ed mejorar junto con Joan [Mir]. Por supuesto, la moto tambi\u00e9n mejor\u00f3. Pero no es que hayamos conseguido ni un segundo de la noche a la ma\u00f1ana. Trabajamos en cada detalle y en cada \u00e1rea. Esto nos ha permitido pilotar mejor. Frenamos mejor, entramos mejor en las curvas, giramos m\u00e1s r\u00e1pido y enderezamos la moto con m\u00e1s facilidad. Estamos mejorando junto con la moto. Joan y yo estamos en muy buena forma, y \u200b\u200bespero confirmarlo al final de la temporada&#8221;<\/strong>, declar\u00f3 el piloto italiano.<\/p>\n\n\n\n<figure class=\"wp-block-embed is-type-video is-provider-youtube wp-block-embed-youtube wp-embed-aspect-16-9 wp-has-aspect-ratio\"><div class=\"wp-block-embed__wrapper\">\n<iframe loading=\"lazy\" title=\"McLAREN Y EL AGOTAMIENTO DE LAS &amp;apos;PAPAYA RULES&amp;apos;\" width=\"500\" height=\"281\" src=\"https:\/\/www.youtube.com\/embed\/TqtdgRWwR58?feature=oembed\" frameborder=\"0\" allow=\"accelerometer; autoplay; clipboard-write; encrypted-media; gyroscope; picture-in-picture; web-share\" referrerpolicy=\"strict-origin-when-cross-origin\" allowfullscreen><\/iframe>\n<\/div><\/figure>\n\n\n\n<p class=\"wp-block-paragraph\">M\u00e1s all\u00e1 de esto, Luca dej\u00f3 en claro que los buenos resultados tienen que ser un inicio para que la moto sea candidata a ganar: <strong>&#8220;Es importante que este sea nuestro punto de partida para la pr\u00f3xima temporada y que podamos luchar por la victoria en cada carrera. Ese es nuestro objetivo para la pr\u00f3xima temporada. Tenemos que trabajar duro este invierno&#8221;.<\/strong><\/p>\n\n\n\n<p class=\"wp-block-paragraph\"><strong>\u201cYa hemos alcanzado un nivel muy alto. El agarre trasero siempre es un problema para nosotros, pero es significativamente mejor que el a\u00f1o pasado y al principio de la temporada. La moto de 2026 ya es un paso adelante en ese aspecto. Me gustar\u00eda que nos centr\u00e1ramos intensamente en los detalles de la parte trasera. Veo mucho potencial ah\u00ed. La moto a\u00fan no funciona correctamente y no transmite las sensaciones adecuadas a los pilotos\u201d<\/strong>, concluy\u00f3.<\/p>\n\n\n\n<p class=\"wp-block-paragraph\">\u23e9&nbsp;<strong><em>\u00a1Seguinos en redes por&nbsp;<\/em><\/strong><a href=\"https:\/\/twitter.com\/grandepremioES\"><em>Twitter&nbsp;<\/em><\/a><strong><em>e&nbsp;<\/em><\/strong><a href=\"https:\/\/www.instagram.com\/grandepremioes\/\"><em>Instagram!<br><\/em><\/a>\u23e9&nbsp;<strong><em>Adem\u00e1s, tenemos nuestro&nbsp;<\/em><\/strong><a href=\"https:\/\/whatsapp.com\/channel\/0029VaDZ5zb0gcfDxuwxBM05\"><em>canal de Whatsapp<\/em><\/a><strong><em>&nbsp;con toda la informaci\u00f3n al instante<\/em><\/strong>&nbsp;\ud83c\udfc1<\/p>\n\n\n\n<p class=\"wp-block-paragraph\">MotoGP vuelve a la acci\u00f3n del 17 al 19 de octubre con el GP de Australia, en el circuito de Phillip Island para la 19.\u00aa ronda de la temporada 2025. GRANDE PR\u00caMIO ofrece cobertura completa del evento.<\/p>\n","protected":false},"excerpt":{"rendered":"<p>Luca Marini destac\u00f3 el progreso de Honda a lo largo de la temporada 2025 de MotoGP e inst\u00f3 al fabricante japon\u00e9s a centrarse en la parte trasera de la RC213V, lo que motiv\u00f3 su entusiasmo de cara al a\u00f1o que viene. <\/p>\n","protected":false},"author":0,"featured_media":1010368905,"comment_status":"closed","ping_status":"closed","sticky":false,"template":"","format":"standard","meta":{"42wp_featured_image_caption":"","42wp_featured_image_credits":"","42wp_featured_video":"","42wp_featured_image_hidden":false,"42wp_authors_list":[],"footnotes":""},"categories":[8],"tags":[221,2203,1521,1614,3385,1293,1203,5709],"42wp_author":[14237],"class_list":["post-4848","post","type-post","status-publish","format-standard","has-post-thumbnail","hentry","category-motogp","tag-honda","tag-indonesia","tag-joan-mir","tag-luca-marini","tag-motegi","tag-motogp","tag-mundial-de-constructores","tag-rc213v","42wp_author-gabriel-garcia"],"_links":{"self":[{"href":"https:\/\/grandepremio.com\/es\/wp-json\/wp\/v2\/posts\/4848","targetHints":{"allow":["GET"]}}],"collection":[{"href":"https:\/\/grandepremio.com\/es\/wp-json\/wp\/v2\/posts"}],"about":[{"href":"https:\/\/grandepremio.com\/es\/wp-json\/wp\/v2\/types\/post"}],"replies":[{"embeddable":true,"href":"https:\/\/grandepremio.com\/es\/wp-json\/wp\/v2\/comments?post=4848"}],"version-history":[{"count":0,"href":"https:\/\/grandepremio.com\/es\/wp-json\/wp\/v2\/posts\/4848\/revisions"}],"wp:featuredmedia":[{"embeddable":true,"href":"https:\/\/grandepremio.com\/es\/wp-json\/wp\/v2\/media\/1010368905"}],"wp:attachment":[{"href":"https:\/\/grandepremio.com\/es\/wp-json\/wp\/v2\/media?parent=4848"}],"wp:term":[{"taxonomy":"category","embeddable":true,"href":"https:\/\/grandepremio.com\/es\/wp-json\/wp\/v2\/categories?post=4848"},{"taxonomy":"post_tag","embeddable":true,"href":"https:\/\/grandepremio.com\/es\/wp-json\/wp\/v2\/tags?post=4848"},{"taxonomy":"42wp_author","embeddable":true,"href":"https:\/\/grandepremio.com\/es\/wp-json\/wp\/v2\/42wp_author?post=4848"}],"curies":[{"name":"wp","href":"https:\/\/api.w.org\/{rel}","templated":true}]}}