{"id":4952,"date":"2025-10-04T06:32:08","date_gmt":"2025-10-04T09:32:08","guid":{"rendered":"https:\/\/grandepremio.com\/es\/2025\/10\/04\/ducati-campeon-equipos-motogp-2025\/"},"modified":"2025-10-04T06:32:12","modified_gmt":"2025-10-04T09:32:12","slug":"ducati-campeon-equipos-motogp-2025","status":"publish","type":"post","link":"https:\/\/grandepremio.com\/es\/motogp\/ducati-campeon-equipos-motogp-2025\/","title":{"rendered":"Ducati conquista de forma anticipada el Mundial de Equipos en el MotoGP"},"content":{"rendered":"\n<p class=\"wp-block-paragraph\">La triple corona de <strong>Ducati <\/strong>est\u00e1 asegurada en <strong>MotoGP en 2025.<\/strong> Este s\u00e1bado, la f\u00e1brica italiana sum\u00f3 solo tres puntos con el s\u00e9ptimo puesto de <strong>Marc M\u00e1rquez <\/strong>en<strong> Indonesia<\/strong>, pero fue suficiente para llevarse el trofeo a <strong>Borgo Panigale.<\/strong><\/p>\n\n\n\n<p class=\"wp-block-paragraph\">Ducati conquist\u00f3 su cuarto t\u00edtulo en el <strong>Mundial de Equipos<\/strong>, el tercero consecutivo. Adem\u00e1s, qued\u00f3 en soledad en la quinta posici\u00f3n como el equipo m\u00e1s ganador, ahora solo por detr\u00e1s de<strong> Scuderia Gilera (6), Yamaha (8), Honda (16) y MV Agusta (18).<\/strong><\/p>\n\n\n\n<p class=\"wp-block-paragraph\"><strong><em>\u00a1Todas las novedades te esperan en el canal de\u00a0<a href=\"https:\/\/www.youtube.com\/@GrandePremioES\" target=\"_blank\" rel=\"noreferrer noopener\">YouTube<\/a>\u00a0de Grande Pr\u00eamio en Espa\u00f1ol!<\/em><\/strong><\/p>\n\n\n\n<figure class=\"wp-block-image size-full\"><img decoding=\"async\" src=\"https:\/\/grandepremio.com\/es\/wp-content\/uploads\/2025\/09\/AFP__20250928__76ZM2KT__v1__HighRes__MotoPrixJpnMotogp-scaled-1.webp\" alt=\"\" class=\"wp-image-366634\"\/><figcaption class=\"wp-element-caption\">Marc M\u00e1rquez ya celebr\u00f3 con Ducati en Motegi (Foto: AFP)<\/figcaption><\/figure>\n\n\n\n<p class=\"wp-block-paragraph\"><strong><em>\u00a1Seguinos en redes por&nbsp;<\/em><\/strong><strong><em><a target=\"_blank\" href=\"https:\/\/twitter.com\/grandepremioES\" rel=\"noreferrer noopener\">Twitter&nbsp;<\/a><\/em><\/strong><strong><em>e&nbsp;<\/em><\/strong><strong><em><a target=\"_blank\" href=\"https:\/\/www.instagram.com\/grandepremioes\/\" rel=\"noreferrer noopener\">Instagram!<\/a><\/em><\/strong><br><strong><em>Adem\u00e1s, tenemos nuestro&nbsp;<\/em><\/strong><strong><em><a target=\"_blank\" href=\"https:\/\/whatsapp.com\/channel\/0029VaDZ5zb0gcfDxuwxBM05\" rel=\"noreferrer noopener\">canal de Whatsapp<\/a><\/em><\/strong><strong><em>&nbsp;con toda la informaci\u00f3n al instante<\/em><\/strong><\/p>\n\n\n\n<p class=\"wp-block-paragraph\">En el campeonato de pilotos, Marc M\u00e1rquez suma 544 puntos, por delante de su hermano \u00c1lex (346). La lucha ahora se centra en el tercer puesto de la tabla, ya que <strong>Francesco Bagnaia <\/strong>no sum\u00f3 y qued\u00f3 en 274, mientras que el ganador de la sprint en Mandalika, <strong>Marco Bezzecchi<\/strong>, se acerca con 254.<\/p>\n\n\n\n<p class=\"wp-block-paragraph\"><strong>Franco Morbidelli (198), Pedro Acosta (195), Fabio Di Giannantonio (183), Ferm\u00edn Aldeguer (156), Fabio Quartararo (149) y Johann Zarco (124)<\/strong> cierran la lista de los diez primeros en la clasificaci\u00f3n de MotoGP.<\/p>\n\n\n\n<p class=\"wp-block-paragraph\"><strong>MotoGP 2025 &#8211; Mundial de Pilotos<\/strong><\/p>\n\n\n\n<figure class=\"wp-block-table\"><table class=\"has-fixed-layout\"><tbody><tr><td>POS<\/td><td>Piloto<\/td><td>N\u00famero<\/td><td>Equipo<\/td><td>Poles<\/td><td>Victorias en Sprint<\/td><td>Victorias en GPs<\/td><td>Puntos<\/td><\/tr><tr><td>1<\/td><td>M M\u00c1RQUEZ<\/td><td>93<\/td><td>Ducati<\/td><td>8<\/td><td>14<\/td><td>11<\/td><td>544<\/td><\/tr><tr><td>2<\/td><td>A M\u00c1RQUEZ<\/td><td>73<\/td><td>Gresini Ducati<\/td><td>1<\/td><td>1<\/td><td>2<\/td><td>346<\/td><\/tr><tr><td>3<\/td><td>F BAGNAIA<\/td><td>63<\/td><td>Ducati<\/td><td>2<\/td><td>1<\/td><td>2<\/td><td>274<\/td><\/tr><tr><td>4<\/td><td>M BEZZECCHI<\/td><td>72<\/td><td>Aprilia<\/td><td>3<\/td><td>2<\/td><td>1<\/td><td>254<\/td><\/tr><tr><td>5<\/td><td>F MORBIDELLI<\/td><td>21<\/td><td>VR46 Ducati<\/td><td>\u2013<\/td><td>\u2013<\/td><td>\u2013<\/td><td>198<\/td><\/tr><tr><td>6<\/td><td>P ACOSTA<\/td><td>37<\/td><td>KTM<\/td><td>\u2013<\/td><td>\u2013<\/td><td>\u2013<\/td><td>195<\/td><\/tr><tr><td>7<\/td><td>F DI GIANNANTONIO<\/td><td>49<\/td><td>VR46 Ducati<\/td><td>\u2013<\/td><td>\u2013<\/td><td>\u2013<\/td><td>183<\/td><\/tr><tr><td>8<\/td><td>F ALDEGUER<\/td><td>54<\/td><td>Gresini Ducati<\/td><td>\u2013<\/td><td>\u2013<\/td><td>\u2013<\/td><td>156<\/td><\/tr><tr><td>9<\/td><td>F QUARTARARO<\/td><td>20<\/td><td>Yamaha<\/td><td>4<\/td><td>\u2013<\/td><td>\u2013<\/td><td>149<\/td><\/tr><tr><td>10<\/td><td>J ZARCO<\/td><td>5<\/td><td>LCR Honda<\/td><td>\u2013<\/td><td>\u2013<\/td><td>1<\/td><td>124<\/td><\/tr><tr><td>11<\/td><td>B BINDER<\/td><td>33<\/td><td>KTM<\/td><td>\u2013<\/td><td>\u2013<\/td><td>\u2013<\/td><td>105<\/td><\/tr><tr><td>12<\/td><td>R FERN\u00c1NDEZ<\/td><td>25<\/td><td>Trackhouse Aprilia<\/td><td>\u2013<\/td><td>\u2013<\/td><td>\u2013<\/td><td>102<\/td><\/tr><tr><td>13<\/td><td>L MARINI<\/td><td>10<\/td><td>Honda<\/td><td>\u2013<\/td><td>\u2013<\/td><td>\u2013<\/td><td>101<\/td><\/tr><tr><td>14<\/td><td>E BASTIANINI<\/td><td>23<\/td><td>Tech3 KTM<\/td><td>\u2013<\/td><td>\u2013<\/td><td>\u2013<\/td><td>89<\/td><\/tr><tr><td>15<\/td><td>J MIR<\/td><td>36<\/td><td>Honda<\/td><td>\u2013<\/td><td>\u2013<\/td><td>\u2013<\/td><td>77<\/td><\/tr><tr><td>16<\/td><td>M VI\u00d1ALES<\/td><td>12<\/td><td>Tech3 KTM<\/td><td>\u2013<\/td><td>\u2013<\/td><td>\u2013<\/td><td>72<\/td><\/tr><tr><td>17<\/td><td>A OGURA<\/td><td>79<\/td><td>Trackhouse Aprilia<\/td><td>\u2013<\/td><td>\u2013<\/td><td>\u2013<\/td><td>70<\/td><\/tr><tr><td>18<\/td><td>J MILLER<\/td><td>43<\/td><td>Pramac Yamaha<\/td><td>\u2013<\/td><td>\u2013<\/td><td>\u2013<\/td><td>58<\/td><\/tr><tr><td>19<\/td><td>A RINS<\/td><td>42<\/td><td>Yamaha<\/td><td>\u2013<\/td><td>\u2013<\/td><td>\u2013<\/td><td>45<\/td><\/tr><tr><td>20<\/td><td>J MART\u00cdN<\/td><td>1<\/td><td>Aprilia<\/td><td>\u2013<\/td><td>\u2013<\/td><td>\u2013<\/td><td>34<\/td><\/tr><tr><td>21<\/td><td>M OLIVEIRA<\/td><td>88<\/td><td>Pramac Yamaha<\/td><td>\u2013<\/td><td>\u2013<\/td><td>\u2013<\/td><td>26<\/td><\/tr><tr><td>22<\/td><td>P ESPARGAR\u00d3<\/td><td>44<\/td><td>Tech3 KTM<\/td><td>\u2013<\/td><td>\u2013<\/td><td>\u2013<\/td><td>16<\/td><\/tr><tr><td>23<\/td><td>T NAKAGAMI<\/td><td>30<\/td><td>LCR Honda<\/td><td>\u2013<\/td><td>\u2013<\/td><td>\u2013<\/td><td>10<\/td><\/tr><tr><td>24<\/td><td>L SAVADORI<\/td><td>32<\/td><td>Aprilia<\/td><td>\u2013<\/td><td>\u2013<\/td><td>\u2013<\/td><td>8<\/td><\/tr><tr><td>25<\/td><td>A FERN\u00c1NDEZ<\/td><td>7<\/td><td>Pramac Yamaha<\/td><td>\u2013<\/td><td>\u2013<\/td><td>\u2013<\/td><td>8<\/td><\/tr><tr><td>26<\/td><td>S CHANTRA<\/td><td>35<\/td><td>LCR Honda<\/td><td>\u2013<\/td><td>\u2013<\/td><td>\u2013<\/td><td>3<\/td><\/tr><tr><td>27<\/td><td>A ESPARGAR\u00d3<\/td><td>41<\/td><td>Honda<\/td><td>\u2013<\/td><td>\u2013<\/td><td>\u2013<\/td><td>0<\/td><\/tr><\/tbody><\/table><\/figure>\n\n\n\n<p class=\"wp-block-paragraph\"><strong>MotoGP 2025 &#8211; Mundial de Constructores<\/strong><\/p>\n\n\n\n<p class=\"wp-block-paragraph\">Campe\u00f3n anticipado, <strong>Ducati<\/strong>\u00a0ampli\u00f3 su ventaja, llegando a 621 unidades.<strong> Aprilia<\/strong> (298), <strong>KTM\u00a0<\/strong>(260), <strong>Honda\u00a0<\/strong>(225) y\u00a0<strong>Yamaha<\/strong>\u00a0(180) completan la lista de fabricantes. <\/p>\n\n\n\n<figure class=\"wp-block-table\"><table class=\"has-fixed-layout\"><tbody><tr><td>POS<\/td><td>Fabricante<\/td><td>Poles<\/td><td>Victorias en  Sprint<\/td><td>Victorias en GPs<\/td><td>Puntos<\/td><\/tr><tr><td>1<\/td><td>DUCATI<\/td><td>11<\/td><td>16<\/td><td>15<\/td><td>621<\/td><\/tr><tr><td>2<\/td><td>APRILIA<\/td><td>3<\/td><td>2<\/td><td>1<\/td><td>298<\/td><\/tr><tr><td>3<\/td><td>KTM<\/td><td>\u2013<\/td><td>\u2013<\/td><td>\u2013<\/td><td>260<\/td><\/tr><tr><td>4<\/td><td>HONDA<\/td><td>\u2013<\/td><td>\u2013<\/td><td>1<\/td><td>225<\/td><\/tr><tr><td>5<\/td><td>YAMAHA<\/td><td>4<\/td><td>\u2013<\/td><td>\u2013<\/td><td>180<\/td><\/tr><\/tbody><\/table><\/figure>\n\n\n\n<p class=\"wp-block-paragraph\"><strong>MotoGP 2025 &#8211; Mundial de Equipos<\/strong><\/p>\n\n\n\n<p class=\"wp-block-paragraph\"><strong>Ducati\u00a0<\/strong>lleg\u00f3 a 818 puntos y se coron\u00f3 de manera anticipada, escoltado por\u00a0<strong>Gresini\u00a0<\/strong>(502), <strong>VR46\u00a0<\/strong>(381), <strong>KTM<\/strong> (300) y\u00a0<strong>Aprilia\u00a0<\/strong>(296), como top-5 en el certamen. <\/p>\n\n\n\n<figure class=\"wp-block-table\"><table class=\"has-fixed-layout\"><tbody><tr><td>POS<\/td><td>Equipo<\/td><td>Poles<\/td><td>Victorias en Sprint<\/td><td>Victorias en GPs<\/td><td>Puntos<\/td><\/tr><tr><td>1<\/td><td>DUCATI<\/td><td>10<\/td><td>15<\/td><td>13<\/td><td>818<\/td><\/tr><tr><td>2<\/td><td>GRESINI<\/td><td>1<\/td><td>1<\/td><td>2<\/td><td>502<\/td><\/tr><tr><td>3<\/td><td>VR46<\/td><td>\u2013<\/td><td>\u2013<\/td><td>\u2013<\/td><td>381<\/td><\/tr><tr><td>4<\/td><td>KTM<\/td><td>\u2013<\/td><td>\u2013<\/td><td>\u2013<\/td><td>300<\/td><\/tr><tr><td>5<\/td><td>APRILIA<\/td><td>3<\/td><td>2<\/td><td>1<\/td><td>296<\/td><\/tr><tr><td>6<\/td><td>YAMAHA<\/td><td>4<\/td><td>\u2013<\/td><td>\u2013<\/td><td>194<\/td><\/tr><tr><td>7<\/td><td>HONDA<\/td><td>\u2013<\/td><td>\u2013<\/td><td>\u2013<\/td><td>178<\/td><\/tr><tr><td>8<\/td><td>TECH3<\/td><td>\u2013<\/td><td>\u2013<\/td><td>\u2013<\/td><td>177<\/td><\/tr><tr><td>9<\/td><td>TRACKHOUSE<\/td><td>\u2013<\/td><td>\u2013<\/td><td>\u2013<\/td><td>172<\/td><\/tr><tr><td>10<\/td><td>LCR HONDA<\/td><td>\u2013<\/td><td>\u2013<\/td><td>1<\/td><td>127<\/td><\/tr><tr><td>11<\/td><td>PRAMAC<\/td><td>\u2013<\/td><td>\u2013<\/td><td>\u2013<\/td><td>87<\/td><\/tr><\/tbody><\/table><\/figure>\n\n\n\n<p class=\"wp-block-paragraph\"><\/p>\n","protected":false},"excerpt":{"rendered":"<p>Tras la disputa de la carrera sprint de MotoGP en Indonesia, Ducati se coron\u00f3 en el Mundial de Equipos de la categor\u00eda de manera anticipada.<\/p>\n","protected":false},"author":0,"featured_media":1010367780,"comment_status":"closed","ping_status":"closed","sticky":false,"template":"","format":"standard","meta":{"42wp_featured_image_caption":"","42wp_featured_image_credits":"","42wp_featured_video":"","42wp_featured_image_hidden":false,"42wp_authors_list":[],"footnotes":""},"categories":[8],"tags":[1340,1293,9621,10648],"42wp_author":[14223],"class_list":["post-4952","post","type-post","status-publish","format-standard","has-post-thumbnail","hentry","category-motogp","tag-ducati","tag-motogp","tag-motogp-2025","tag-mundial-de-equipos","42wp_author-esteban-nieto"],"_links":{"self":[{"href":"https:\/\/grandepremio.com\/es\/wp-json\/wp\/v2\/posts\/4952","targetHints":{"allow":["GET"]}}],"collection":[{"href":"https:\/\/grandepremio.com\/es\/wp-json\/wp\/v2\/posts"}],"about":[{"href":"https:\/\/grandepremio.com\/es\/wp-json\/wp\/v2\/types\/post"}],"replies":[{"embeddable":true,"href":"https:\/\/grandepremio.com\/es\/wp-json\/wp\/v2\/comments?post=4952"}],"version-history":[{"count":0,"href":"https:\/\/grandepremio.com\/es\/wp-json\/wp\/v2\/posts\/4952\/revisions"}],"wp:featuredmedia":[{"embeddable":true,"href":"https:\/\/grandepremio.com\/es\/wp-json\/wp\/v2\/media\/1010367780"}],"wp:attachment":[{"href":"https:\/\/grandepremio.com\/es\/wp-json\/wp\/v2\/media?parent=4952"}],"wp:term":[{"taxonomy":"category","embeddable":true,"href":"https:\/\/grandepremio.com\/es\/wp-json\/wp\/v2\/categories?post=4952"},{"taxonomy":"post_tag","embeddable":true,"href":"https:\/\/grandepremio.com\/es\/wp-json\/wp\/v2\/tags?post=4952"},{"taxonomy":"42wp_author","embeddable":true,"href":"https:\/\/grandepremio.com\/es\/wp-json\/wp\/v2\/42wp_author?post=4952"}],"curies":[{"name":"wp","href":"https:\/\/api.w.org\/{rel}","templated":true}]}}