{"id":5060,"date":"2025-09-28T08:26:00","date_gmt":"2025-09-28T11:26:00","guid":{"rendered":"https:\/\/grandepremio.com\/es\/2025\/09\/28\/mercedes-asume-parte-culpa-errores-antonelli-f1-2025\/"},"modified":"2025-09-28T01:30:36","modified_gmt":"2025-09-28T04:30:36","slug":"mercedes-asume-parte-culpa-errores-antonelli-f1-2025","status":"publish","type":"post","link":"https:\/\/grandepremio.com\/es\/f1\/mercedes-asume-parte-culpa-errores-antonelli-f1-2025\/","title":{"rendered":"Mercedes asume parte de la culpa por los errores de Antonelli: &#8220;Tuvimos problemas&#8221;"},"content":{"rendered":"\n<p class=\"wp-block-paragraph\">Muchas cr\u00edticas hab\u00eda recibido <strong>Andrea Kimi Antonelli<\/strong> debido a sus flojos resultados en las \u00faltimas carreras de esta temporada, antes del cuarto puesto en el <strong>GP de Azerbaiy\u00e1n<\/strong> de la<strong> F\u00f3rmula 1<\/strong> y<strong> Mercedes<\/strong> admiti\u00f3 que tuvo parte de la responsabilidad en los problemas del italiano.<\/p>\n\n\n\n<p class=\"wp-block-paragraph\">\ud83d\udfe5&nbsp;<strong><em>\u00a1Todas las novedades te esperan en el canal de&nbsp;<\/em><\/strong><a href=\"https:\/\/www.youtube.com\/@GrandePremioES\"><em>YouTube<\/em><\/a><strong><em>&nbsp;de Grande Pr\u00eamio en Espa\u00f1ol!<\/em><\/strong>&nbsp;\ud83d\udfe8<\/p>\n\n\n\n<p class=\"wp-block-paragraph\">Seg\u00fan<strong> Andrew Shovlin<\/strong>, director de ingenier\u00eda del equipo, los problemas en el simulador dificultaron la preparaci\u00f3n de Antonelli para la doble cita posterior a las vacaciones del verano europeo. En <strong>Zandvoort<\/strong>, el italiano provoc\u00f3 una colisi\u00f3n con <strong>Charles Leclerc<\/strong> que, adem\u00e1s de poner fin a la carrera del monegasco, lo releg\u00f3 al 16.\u00ba puesto. En <strong>Monza<\/strong>, se qued\u00f3 encajado en la leca durante la FP2, lo que dificult\u00f3 su preparaci\u00f3n para la carrera, donde termin\u00f3 9.\u00ba. Estos errores provocaron las primeras cr\u00edticas p\u00fablicas de <strong>Toto Wolff<\/strong>.<\/p>\n\n\n\n<p class=\"wp-block-paragraph\">Shovlin dijo que Antonelli estuvo con bajos niveles de agarre, y esto lo dejaba en una mala posici\u00f3n con respecto a sus rivales: <strong>&#8220;En Zandvoort, Kimi vino a una sesi\u00f3n de simulador, pero tuvimos algunos problemas que le impidieron prepararse con normalidad. Luego cometi\u00f3 un error en la FP1, pero debemos asumir parte de la responsabilidad por no haberle proporcionado el entrenamiento adecuado&#8221;.<\/strong><\/p>\n\n\n\n<figure class=\"wp-block-embed is-type-video is-provider-youtube wp-block-embed-youtube wp-embed-aspect-16-9 wp-has-aspect-ratio\"><div class=\"wp-block-embed__wrapper\">\n<iframe loading=\"lazy\" title=\"VERSTAPPEN, EL INVITADO ESPECIAL DE LA DEFINICI\u00d3N DE F1 2025\" width=\"500\" height=\"281\" src=\"https:\/\/www.youtube.com\/embed\/YXCMb2wbfz0?feature=oembed\" frameborder=\"0\" allow=\"accelerometer; autoplay; clipboard-write; encrypted-media; gyroscope; picture-in-picture; web-share\" referrerpolicy=\"strict-origin-when-cross-origin\" allowfullscreen><\/iframe>\n<\/div><\/figure>\n\n\n\n<p class=\"wp-block-paragraph\">El contraste fue evidente en Bak\u00fa. Seg\u00fan Shovlin, Antonelli logr\u00f3 completar un intenso programa de simulaci\u00f3n antes del viaje a Azerbaiy\u00e1n, lo que result\u00f3 en una actuaci\u00f3n mucho m\u00e1s s\u00f3lida, aunque fuera del podio.<\/p>\n\n\n\n<p class=\"wp-block-paragraph\"><strong>&#8220;Antes de ir a Bak\u00fa, estuvo con nosotros y realiz\u00f3 una jornada de trabajo muy intensa. Complet\u00f3 la distancia de dos o tres carreras, o el equivalente en kilometraje, para prepararse&#8221;<\/strong>, concluy\u00f3 el ingeniero.<\/p>\n\n\n\n<p class=\"wp-block-paragraph\">\u23e9&nbsp;<strong><em>\u00a1Seguinos en redes por&nbsp;<\/em><\/strong><a href=\"https:\/\/twitter.com\/grandepremioES\"><em>Twitter&nbsp;<\/em><\/a><strong><em>e&nbsp;<\/em><\/strong><a href=\"https:\/\/www.instagram.com\/grandepremioes\/\"><em>Instagram!<br><\/em><\/a>\u23e9&nbsp;<strong><em>Adem\u00e1s, tenemos nuestro&nbsp;<\/em><\/strong><a href=\"https:\/\/whatsapp.com\/channel\/0029VaDZ5zb0gcfDxuwxBM05\"><em>canal de Whatsapp<\/em><\/a><strong><em>&nbsp;con toda la informaci\u00f3n al instante<\/em><\/strong>&nbsp;\ud83c\udfc1<\/p>\n\n\n\n<p class=\"wp-block-paragraph\">La F\u00f3rmula 1 tendr\u00e1 un fin de semana de descanso antes de la pr\u00f3xima ronda de la temporada que ser\u00e1 entre el 3 y el 5 de octubre para el Gran Premio de Singapur. GRANDE PR\u00caMIO ofrece cobertura completa del evento.<\/p>\n","protected":false},"excerpt":{"rendered":"<p>El director de ingenier\u00eda de Mercedes, Andrew Shovlin, revel\u00f3 que fallos en el simulador perjudicaron la preparaci\u00f3n de Andrea Kimi Antonelli para Zandvoort y Monza, pero destac\u00f3 una s\u00f3lida recuperaci\u00f3n en Bak\u00fa.<\/p>\n","protected":false},"author":0,"featured_media":1010364362,"comment_status":"closed","ping_status":"closed","sticky":false,"template":"","format":"standard","meta":{"42wp_featured_image_caption":"","42wp_featured_image_credits":"","42wp_featured_video":"","42wp_featured_image_hidden":false,"42wp_authors_list":[],"footnotes":""},"categories":[5],"tags":[6800,1411,247,179,1386,197,645,569,808],"42wp_author":[14237],"class_list":["post-5060","post","type-post","status-publish","format-standard","has-post-thumbnail","hentry","category-f1","tag-andrea-kimi-antonelli","tag-andrew-shovlin","tag-charles-leclerc","tag-formula-1","tag-gp-de-azerbaiyan","tag-mercedes","tag-monza","tag-toto-wolff","tag-zandvoort","42wp_author-gabriel-garcia"],"_links":{"self":[{"href":"https:\/\/grandepremio.com\/es\/wp-json\/wp\/v2\/posts\/5060","targetHints":{"allow":["GET"]}}],"collection":[{"href":"https:\/\/grandepremio.com\/es\/wp-json\/wp\/v2\/posts"}],"about":[{"href":"https:\/\/grandepremio.com\/es\/wp-json\/wp\/v2\/types\/post"}],"replies":[{"embeddable":true,"href":"https:\/\/grandepremio.com\/es\/wp-json\/wp\/v2\/comments?post=5060"}],"version-history":[{"count":0,"href":"https:\/\/grandepremio.com\/es\/wp-json\/wp\/v2\/posts\/5060\/revisions"}],"wp:featuredmedia":[{"embeddable":true,"href":"https:\/\/grandepremio.com\/es\/wp-json\/wp\/v2\/media\/1010364362"}],"wp:attachment":[{"href":"https:\/\/grandepremio.com\/es\/wp-json\/wp\/v2\/media?parent=5060"}],"wp:term":[{"taxonomy":"category","embeddable":true,"href":"https:\/\/grandepremio.com\/es\/wp-json\/wp\/v2\/categories?post=5060"},{"taxonomy":"post_tag","embeddable":true,"href":"https:\/\/grandepremio.com\/es\/wp-json\/wp\/v2\/tags?post=5060"},{"taxonomy":"42wp_author","embeddable":true,"href":"https:\/\/grandepremio.com\/es\/wp-json\/wp\/v2\/42wp_author?post=5060"}],"curies":[{"name":"wp","href":"https:\/\/api.w.org\/{rel}","templated":true}]}}