{"id":5065,"date":"2025-09-27T14:11:14","date_gmt":"2025-09-27T17:11:14","guid":{"rendered":"https:\/\/grandepremio.com\/es\/2025\/09\/27\/la-f1-madrid-registra-gran-venta-entradas-millonaria-recaudacion\/"},"modified":"2025-09-27T14:11:17","modified_gmt":"2025-09-27T17:11:17","slug":"la-f1-madrid-registra-gran-venta-entradas-millonaria-recaudacion","status":"publish","type":"post","link":"https:\/\/grandepremio.com\/es\/f1\/la-f1-madrid-registra-gran-venta-entradas-millonaria-recaudacion\/","title":{"rendered":"La F1 en Madrid registra una gran venta de entradas y millonaria recaudaci\u00f3n"},"content":{"rendered":"\n<p class=\"wp-block-paragraph\">Se ha creado una gran expectativa por el regreso de la <strong>F\u00f3rmula 1<\/strong> a <strong>Madrid <\/strong>para septiembre del a\u00f1o que viene, ya que se han vendido 45 mil entradas en un par de d\u00edas desde que se pusieron p\u00fablicamente a la venta para los aficionados, seg\u00fan datos de la presidenta de la Comunidad de Madrid, <strong>Isabel D\u00edaz Ayuso<\/strong>.<\/p>\n\n\n\n<p class=\"wp-block-paragraph\">\ud83d\udfe5&nbsp;<strong><em>\u00a1Todas las novedades te esperan en el canal de&nbsp;<\/em><\/strong><a href=\"https:\/\/www.youtube.com\/@GrandePremioES\"><em>YouTube<\/em><\/a><strong><em>&nbsp;de Grande Pr\u00eamio en Espa\u00f1ol!<\/em><\/strong>&nbsp;\ud83d\udfe8<\/p>\n\n\n\n<p class=\"wp-block-paragraph\">Adem\u00e1s de la F1, el predio de <strong>IFEMA <\/strong>en Madrid, que tendr\u00e1 los boxes y parte del trazado urbano de la capital espa\u00f1ola, se ha previsto carreras de la <strong>F\u00f3rmula 2<\/strong> y la <strong>F\u00f3rmula 3.<\/strong> El circuito combinar\u00e1 tramos de v\u00eda p\u00fablica con secciones especialmente construidas, incluyendo una curva peraltada de 30 grados denominada <em>&#8220;La Monumental&#8221;<\/em>.<\/p>\n\n\n\n<p class=\"wp-block-paragraph\">Seg\u00fan Ayuso declar\u00f3 a <em>Forum Europa<\/em>, en tan solo unos d\u00edas de venta de entradas, ya se han vendido 45.000 unidades, generando 25 millones de euros en ingresos: <strong>&#8220;El Gran Premio de Espa\u00f1a est\u00e1 abierto a todo el mundo. En tan solo unos d\u00edas, ya se han vendido m\u00e1s de 45.000 entradas y se han recaudado m\u00e1s de 25 millones de euros. Algo nunca visto en un Gran Premio de F\u00f3rmula 1&#8221;.<\/strong><\/p>\n\n\n\n<figure class=\"wp-block-embed is-type-video is-provider-youtube wp-block-embed-youtube wp-embed-aspect-16-9 wp-has-aspect-ratio\"><div class=\"wp-block-embed__wrapper\">\n<iframe loading=\"lazy\" title=\"VERSTAPPEN, EL INVITADO ESPECIAL DE LA DEFINICI\u00d3N DE F1 2025\" width=\"500\" height=\"281\" src=\"https:\/\/www.youtube.com\/embed\/YXCMb2wbfz0?feature=oembed\" frameborder=\"0\" allow=\"accelerometer; autoplay; clipboard-write; encrypted-media; gyroscope; picture-in-picture; web-share\" referrerpolicy=\"strict-origin-when-cross-origin\" allowfullscreen><\/iframe>\n<\/div><\/figure>\n\n\n\n<p class=\"wp-block-paragraph\">M\u00e1s all\u00e1 del notable inter\u00e9s de los aficionados, hay protestas en la ciudad por la deforestaci\u00f3n de la zona externa al mencionado predio ferial y de evento, adem\u00e1s del ruido y del impacto en la zona de Valdebebas. Un dato no menor que el grupo<strong> Stop F\u00f3rmula 1 Madrid <\/strong>ha utilizado es el fracaso econ\u00f3mico del <strong>GP de Europa<\/strong>, disputado en el callejero de Valencia entre 2008 y 2012.<\/p>\n\n\n\n<p class=\"wp-block-paragraph\">Hay que recordar que la <strong>Comunidad Valenciana<\/strong> tuvo que afrontar una deuda de aproximadamente 255 millones de libras durante muchos a\u00f1os, algo que se sald\u00f3 solo en 2023 y esto motiv\u00f3 a\u00fan m\u00e1s al movimiento, cuyo lema es: <em>\u00abNuestros barrios no son un circuito\u00bb<\/em>.<\/p>\n\n\n\n<p class=\"wp-block-paragraph\">\u23e9&nbsp;<strong><em>\u00a1Seguinos en redes por&nbsp;<\/em><\/strong><a href=\"https:\/\/twitter.com\/grandepremioES\"><em>Twitter&nbsp;<\/em><\/a><strong><em>e&nbsp;<\/em><\/strong><a href=\"https:\/\/www.instagram.com\/grandepremioes\/\"><em>Instagram!<br><\/em><\/a>\u23e9&nbsp;<strong><em>Adem\u00e1s, tenemos nuestro&nbsp;<\/em><\/strong><a href=\"https:\/\/whatsapp.com\/channel\/0029VaDZ5zb0gcfDxuwxBM05\"><em>canal de Whatsapp<\/em><\/a><strong><em>&nbsp;con toda la informaci\u00f3n al instante<\/em><\/strong>&nbsp;\ud83c\udfc1<\/p>\n\n\n\n<p class=\"wp-block-paragraph\">La F\u00f3rmula 1 tendr\u00e1 un fin de semana de descanso antes de la pr\u00f3xima ronda de la temporada que ser\u00e1 entre el 3 y el 5 de octubre para el Gran Premio de Singapur. GRANDE PR\u00caMIO ofrece cobertura completa del evento.<\/p>\n","protected":false},"excerpt":{"rendered":"<p>Isabel D\u00edaz Ayuso, presidenta de la Comunidad de Madrid, reiter\u00f3 el \u00e9xito del GP de Espa\u00f1a en Madrid, afirmando que ya se han vendido m\u00e1s de 45.000 entradas, con una recaudaci\u00f3n de 25 millones de euros.<\/p>\n","protected":false},"author":0,"featured_media":1010366429,"comment_status":"closed","ping_status":"closed","sticky":false,"template":"","format":"standard","meta":{"42wp_featured_image_caption":"","42wp_featured_image_credits":"","42wp_featured_video":"","42wp_featured_image_hidden":false,"42wp_authors_list":[],"footnotes":""},"categories":[5],"tags":[1837,179,211,1128,2941,3894,9801,1638,12976],"42wp_author":[14237],"class_list":["post-5065","post","type-post","status-publish","format-standard","has-post-thumbnail","hentry","category-f1","tag-comunidad-valenciana","tag-formula-1","tag-formula-2","tag-formula-3","tag-gp-de-europa","tag-ifema","tag-isabel-diaz-ayuso","tag-madrid","tag-stop-formula-1-madrid","42wp_author-gabriel-garcia"],"_links":{"self":[{"href":"https:\/\/grandepremio.com\/es\/wp-json\/wp\/v2\/posts\/5065","targetHints":{"allow":["GET"]}}],"collection":[{"href":"https:\/\/grandepremio.com\/es\/wp-json\/wp\/v2\/posts"}],"about":[{"href":"https:\/\/grandepremio.com\/es\/wp-json\/wp\/v2\/types\/post"}],"replies":[{"embeddable":true,"href":"https:\/\/grandepremio.com\/es\/wp-json\/wp\/v2\/comments?post=5065"}],"version-history":[{"count":0,"href":"https:\/\/grandepremio.com\/es\/wp-json\/wp\/v2\/posts\/5065\/revisions"}],"wp:featuredmedia":[{"embeddable":true,"href":"https:\/\/grandepremio.com\/es\/wp-json\/wp\/v2\/media\/1010366429"}],"wp:attachment":[{"href":"https:\/\/grandepremio.com\/es\/wp-json\/wp\/v2\/media?parent=5065"}],"wp:term":[{"taxonomy":"category","embeddable":true,"href":"https:\/\/grandepremio.com\/es\/wp-json\/wp\/v2\/categories?post=5065"},{"taxonomy":"post_tag","embeddable":true,"href":"https:\/\/grandepremio.com\/es\/wp-json\/wp\/v2\/tags?post=5065"},{"taxonomy":"42wp_author","embeddable":true,"href":"https:\/\/grandepremio.com\/es\/wp-json\/wp\/v2\/42wp_author?post=5065"}],"curies":[{"name":"wp","href":"https:\/\/api.w.org\/{rel}","templated":true}]}}