{"id":5069,"date":"2025-09-27T09:26:00","date_gmt":"2025-09-27T12:26:00","guid":{"rendered":"https:\/\/grandepremio.com\/es\/2025\/09\/27\/trident-var-campos-y-rodin-confirman-pilotos-f3-2026\/"},"modified":"2025-09-27T05:29:48","modified_gmt":"2025-09-27T08:29:48","slug":"trident-var-campos-y-rodin-confirman-pilotos-f3-2026","status":"publish","type":"post","link":"https:\/\/grandepremio.com\/es\/f3\/trident-var-campos-y-rodin-confirman-pilotos-f3-2026\/","title":{"rendered":"Trident, VAR, Campos y Rodin confirman pilotos para la temporada 2026 de F\u00f3rmula 3"},"content":{"rendered":"\n<p class=\"wp-block-paragraph\">De a poco va tomando forma la temporada 2026 de la<strong> F\u00f3rmula 3<\/strong> y se han producido algunos anuncios en relaci\u00f3n a los pilotos que competir\u00e1n en la especialidad. Y es que, por ejemplo, <strong>Rodin Motorsport<\/strong> anunci\u00f3 la llegada del italiano <strong>Brando Badoer<\/strong>, el hijo de Luca.<\/p>\n\n\n\n<p class=\"wp-block-paragraph\">\ud83d\udfe5&nbsp;<strong><em>\u00a1Todas las novedades te esperan en el canal de&nbsp;<\/em><\/strong><a href=\"https:\/\/www.youtube.com\/@GrandePremioES\"><em>YouTube<\/em><\/a><strong><em>&nbsp;de Grande Pr\u00eamio en Espa\u00f1ol!<\/em><\/strong>&nbsp;\ud83d\udfe8<\/p>\n\n\n\n<p class=\"wp-block-paragraph\">Adem\u00e1s, <strong>Campos Racing<\/strong> confirm\u00f3 la llegada del franc\u00e9s <strong>Th\u00e9ophile Na\u00ebl<\/strong>; Van Amersfoort fich\u00f3 al japon\u00e9s <strong>Hiyu Yamakoshi<\/strong>, mientras que <strong>Trident <\/strong>renov\u00f3 el contrato de <strong>Noah Stromsted.<\/strong>\u00a0 En el caso de Badoer, es uno de los que cambiar\u00e1 de equipo, tras haber sumado solo 13 puntos con Prema en 2025.<\/p>\n\n\n\n<p class=\"wp-block-paragraph\">El franc\u00e9s Na\u00ebl es otro piloto que inicia su segundo a\u00f1o en la F3, y tambi\u00e9n cambia de equipo. Pilot\u00f3 para <strong>Van Amersfoort<\/strong> en 2025, terminando el campeonato en octavo lugar con 72 puntos, incluyendo tres podios. Es el \u00fanico piloto del tr\u00edo de Campos anunciado hasta el momento.<\/p>\n\n\n\n<figure class=\"wp-block-embed is-type-video is-provider-youtube wp-block-embed-youtube wp-embed-aspect-16-9 wp-has-aspect-ratio\"><div class=\"wp-block-embed__wrapper\">\n<iframe loading=\"lazy\" title=\"VERSTAPPEN, EL INVITADO ESPECIAL DE LA DEFINICI\u00d3N DE F1 2025\" width=\"500\" height=\"281\" src=\"https:\/\/www.youtube.com\/embed\/YXCMb2wbfz0?feature=oembed\" frameborder=\"0\" allow=\"accelerometer; autoplay; clipboard-write; encrypted-media; gyroscope; picture-in-picture; web-share\" referrerpolicy=\"strict-origin-when-cross-origin\" allowfullscreen><\/iframe>\n<\/div><\/figure>\n\n\n\n<p class=\"wp-block-paragraph\">Yamakoshi debutar\u00e1 en la categor\u00eda con Van Amersfoort. El piloto japon\u00e9s destac\u00f3 con el equipo en 2024, terminando tercero en la temporada italiana de F4. Este a\u00f1o, compite en la F\u00f3rmula Regional Europea, tambi\u00e9n para VAR, donde termin\u00f3 octavo. El equipo tambi\u00e9n ha confirmado la llegada del piloto mexicano <strong>Jesse Carrasquedo<\/strong>.<\/p>\n\n\n\n<p class=\"wp-block-paragraph\">Para completar los anuncios, el dan\u00e9s Stromsted renov\u00f3 su contrato con <strong>Trident <\/strong>por un a\u00f1o m\u00e1s. En 2025, Noah termin\u00f3 sexto en el campeonato, incluyendo una victoria en la carrera sprint de la fecha de Spa-Francorchamps. El equipo ya hab\u00eda anunciado a <strong>Freddie Slater<\/strong> y Matteo de Palo.<\/p>\n\n\n\n<p class=\"wp-block-paragraph\">\u23e9&nbsp;<strong><em>\u00a1Seguinos en redes por&nbsp;<\/em><\/strong><a href=\"https:\/\/twitter.com\/grandepremioES\"><em>Twitter&nbsp;<\/em><\/a><strong><em>e&nbsp;<\/em><\/strong><a href=\"https:\/\/www.instagram.com\/grandepremioes\/\"><em>Instagram!<br><\/em><\/a>\u23e9&nbsp;<strong><em>Adem\u00e1s, tenemos nuestro&nbsp;<\/em><\/strong><a href=\"https:\/\/whatsapp.com\/channel\/0029VaDZ5zb0gcfDxuwxBM05\"><em>canal de Whatsapp<\/em><\/a><strong><em>&nbsp;con toda la informaci\u00f3n al instante<\/em><\/strong>&nbsp;\ud83c\udfc1<\/p>\n\n\n\n<p class=\"wp-block-paragraph\">La temporada 2026 de F\u00f3rmula 3 comienza el 7 y 8 de marzo con una doble cita en Australia en el circuito de Albert Park.<\/p>\n","protected":false},"excerpt":{"rendered":"<p>Brando Badoer y Th\u00e9ophile Na\u00ebl cambian de equipo, Noah Stromsted renueva con Trident, y se ha confirmado el debit Hiyu Yamakoshi en la F\u00f3rmula 3 para la temporada 2026.<\/p>\n","protected":false},"author":0,"featured_media":1010366388,"comment_status":"closed","ping_status":"closed","sticky":false,"template":"","format":"standard","meta":{"42wp_featured_image_caption":"","42wp_featured_image_credits":"","42wp_featured_video":"","42wp_featured_image_hidden":false,"42wp_authors_list":[],"footnotes":""},"categories":[4],"tags":[7883,281,1128,10935,12974,12975,7906,9724,9456,283,2088],"42wp_author":[14237],"class_list":["post-5069","post","type-post","status-publish","format-standard","has-post-thumbnail","hentry","category-f3","tag-brando-badoer","tag-campos-racing","tag-formula-3","tag-freddie-slater","tag-hiyu-yamakoshi","tag-jesse-carrasquedo","tag-noah-stromsted","tag-rodin-motorsport","tag-theophile-nael-2","tag-trident","tag-van-amersfoort","42wp_author-gabriel-garcia"],"_links":{"self":[{"href":"https:\/\/grandepremio.com\/es\/wp-json\/wp\/v2\/posts\/5069","targetHints":{"allow":["GET"]}}],"collection":[{"href":"https:\/\/grandepremio.com\/es\/wp-json\/wp\/v2\/posts"}],"about":[{"href":"https:\/\/grandepremio.com\/es\/wp-json\/wp\/v2\/types\/post"}],"replies":[{"embeddable":true,"href":"https:\/\/grandepremio.com\/es\/wp-json\/wp\/v2\/comments?post=5069"}],"version-history":[{"count":0,"href":"https:\/\/grandepremio.com\/es\/wp-json\/wp\/v2\/posts\/5069\/revisions"}],"wp:featuredmedia":[{"embeddable":true,"href":"https:\/\/grandepremio.com\/es\/wp-json\/wp\/v2\/media\/1010366388"}],"wp:attachment":[{"href":"https:\/\/grandepremio.com\/es\/wp-json\/wp\/v2\/media?parent=5069"}],"wp:term":[{"taxonomy":"category","embeddable":true,"href":"https:\/\/grandepremio.com\/es\/wp-json\/wp\/v2\/categories?post=5069"},{"taxonomy":"post_tag","embeddable":true,"href":"https:\/\/grandepremio.com\/es\/wp-json\/wp\/v2\/tags?post=5069"},{"taxonomy":"42wp_author","embeddable":true,"href":"https:\/\/grandepremio.com\/es\/wp-json\/wp\/v2\/42wp_author?post=5069"}],"curies":[{"name":"wp","href":"https:\/\/api.w.org\/{rel}","templated":true}]}}