{"id":5076,"date":"2025-09-27T01:40:28","date_gmt":"2025-09-27T04:40:28","guid":{"rendered":"https:\/\/grandepremio.com\/es\/2025\/09\/27\/rueda-pole-moto3-2025-motegi-perrone-morelli\/"},"modified":"2025-09-27T01:53:58","modified_gmt":"2025-09-27T04:53:58","slug":"rueda-pole-moto3-2025-motegi-perrone-morelli","status":"publish","type":"post","link":"https:\/\/grandepremio.com\/es\/motogp\/rueda-pole-moto3-2025-motegi-perrone-morelli\/","title":{"rendered":"Rueda supera a Perrone y se queda con la pole de Moto3 en Motegi; Morelli acaba 16\u00b0"},"content":{"rendered":"\n<p class=\"wp-block-paragraph\">Nadie parece detener a <strong>Jos\u00e9 Antonio Rueda<\/strong> rumbo al t\u00edtulo de <strong>Moto3<\/strong>, ya que alcanz\u00f3 su quinta pole de 2025 en el <strong>GP de Jap\u00f3n<\/strong> y se encamina en poco tiempo al gran objetivo, al marcar una diferencia de dos d\u00e9cimas sobre <strong>Valent\u00edn Perrone<\/strong>, que fue segundo, en otro gran d\u00eda del piloto argentino.<\/p>\n\n\n\n<p class=\"wp-block-paragraph\"><strong>Joel Kelso<\/strong> fue tercero, mientras que <strong>Angel Piqueras<\/strong>, Taiyo Furusato y <strong>Adri\u00e1n Fern\u00e1ndez<\/strong> completar\u00e1n las dos primeras filas de largada de la carrera. <strong>David Mu\u00f1oz<\/strong> no pudo repetir lo que hizo en entrenamientos y ser\u00e1 s\u00e9ptimo en la grilla, luego M\u00e1ximo Quiles, <strong>David Almansa<\/strong> y Dennis Foggia completaron los diez primeros.<\/p>\n\n\n\n<p class=\"wp-block-paragraph\"><strong>Marco Morelli<\/strong> pudo pasar de la Q1 a la Q2 en el tercer puesto del primer corte clasificatorio y ser\u00e1 16\u00b0 en la grilla de salida en su regreso a la categor\u00eda con la <strong>Honda<\/strong> del equipo de Michael Laverty, con el que competir\u00e1 hasta que acabe la temporada.<\/p>\n\n\n\n<p class=\"wp-block-paragraph\">\u23e9&nbsp;<strong><em>\u00a1Seguinos en redes por&nbsp;<\/em><\/strong><a href=\"https:\/\/twitter.com\/grandepremioES\"><em>Twitter&nbsp;<\/em><\/a><strong><em>e&nbsp;<\/em><\/strong><a href=\"https:\/\/www.instagram.com\/grandepremioes\/\"><em>Instagram!<br><\/em><\/a>\u23e9&nbsp;<strong><em>Adem\u00e1s, tenemos nuestro&nbsp;<\/em><\/strong><a href=\"https:\/\/whatsapp.com\/channel\/0029VaDZ5zb0gcfDxuwxBM05\"><em>canal de Whatsapp<\/em><\/a><strong><em>&nbsp;con toda la informaci\u00f3n al instante<\/em><\/strong>&nbsp;\ud83c\udfc1<\/p>\n\n\n\n<p class=\"wp-block-paragraph\">La carrera en Motegi para Moto3 se pondr\u00e1 en marcha a las 23:00 de este s\u00e1bado, hora de Brasilia y Buenos Aires, con la cobertura de GRANDE PREMIO en Espa\u00f1ol.<\/p>\n\n\n\n<figure class=\"wp-block-image size-full\"><img decoding=\"async\" src=\"https:\/\/grandepremio.com\/es\/wp-content\/uploads\/2025\/09\/GHZ9541-scaled-1.webp\" alt=\"\" class=\"wp-image-366293\"\/><figcaption class=\"wp-element-caption\">Jos\u00e9 Antonio Rueda puede coronarse campe\u00f3n en un par de carreras. (Foto: Red Bull KTM Ajo)<\/figcaption><\/figure>\n\n\n\n<p class=\"wp-block-paragraph\"><strong><u>As\u00ed se desarroll\u00f3 la clasificaci\u00f3n de Moto3 en Motegi:<\/u><\/strong><\/p>\n\n\n\n<p class=\"wp-block-paragraph\"><strong>Morelli pasa en el \u00faltimo instante a la Q2<\/strong><\/p>\n\n\n\n<p class=\"wp-block-paragraph\">Con un cielo completamente despejado y un clima caluroso en el <strong>Mobility Resort Motegi<\/strong>, la menor de las categor\u00edas del <strong>Mundial de Motociclismo<\/strong> sali\u00f3 a clasificar para el inicio de la gira asi\u00e1tica con el GP de Jap\u00f3n. Marco Morelli buscaba acceder a la Q2 en uno de los cuatro cupos disponibles del primer corte clasificatorio.<\/p>\n\n\n\n<p class=\"wp-block-paragraph\">Salvo Nicola Carraro, que se retir\u00f3 del evento por enfermedad, el resto de participantes de la Q1 sali\u00f3 a pista con el reloj en marcha. <strong>Stefano Nepa<\/strong> fue el m\u00e1s veloz en la primera vuelta con 1:56.245, seguido por Cormac Buchanan, Eddie O\u2019Shea y Arbi Aditama en el top cuatro. Morelli era quinto y Jacob Roulstone se fue al piso cuando ven\u00eda para mejorar su tiempo.<\/p>\n\n\n\n<p class=\"wp-block-paragraph\">Morelli pudo mejorar en su segunda vuelta, para ubicarse cuarto, a 0.289s de Nepa, que segu\u00eda al tope de las posiciones. <strong>\u00c1lvaro Carpe<\/strong> fue perjudicado por la ca\u00edda de Roulstone y debi\u00f3 hacer una vuelta m\u00e1s en la pista. El espa\u00f1ol trep\u00f3 al segundo puesto, a 0.147s del italiano.<\/p>\n\n\n\n<p class=\"wp-block-paragraph\">Finalmente, Marco avanz\u00f3 a la Q2 en tercer puesto, con un intento final muy apretado porque ven\u00eda peleando con O\u2019Shea y Roulstone en pista por un lugar en el segundo corte clasificatorio. Adem\u00e1s del piloto argentino, Nepa, Carpe y Buchanan avanzaron.<\/p>\n\n\n\n<figure class=\"wp-block-video\"><video class=\"video-js vjs-big-play-centered\" data-gp-vjs=\"1\" controls src=\"https:\/\/grandepremio.com\/es\/wp-content\/uploads\/2025\/09\/rz0LFwCohhEBkPDH.mp4\"><\/video><figcaption class=\"wp-element-caption\">La ca\u00edda de Jacob Roulstone en la Q1. (Video: MotoGP)<\/figcaption><\/figure>\n\n\n\n<p class=\"wp-block-paragraph\"><strong>Rueda bate a Perrone y logra su quinta pole de 2025<\/strong><\/p>\n\n\n\n<p class=\"wp-block-paragraph\">La Q2 arranc\u00f3 con los 18 pilotos en la pista buscando su mejor vuelta posible y con los dos argentinos: Perrone y Morelli. David Mu\u00f1oz ratific\u00f3 de movida que es candidato a ganar con el tiempo de 1:55.248, dejando a \u00c1ngel Piqueras en segundo puesto y a Joel Kelso en tercero. Valent\u00edn se ubicaba quinto y Morelli en 14\u00b0 en la primera vuelta r\u00e1pida de casi todos los competidores.<\/p>\n\n\n\n<p class=\"wp-block-paragraph\">Jos\u00e9 Antonio Rueda se coloc\u00f3 primero con 1:55.180, bajando en seis cent\u00e9simas el tiempo de Mu\u00f1oz y fue de los pocos en mejorar su registro de la primera salida. El espa\u00f1ol volvi\u00f3 a mejorar a 1:55.125, en tanto que Perrone se colocaba cuarto, a 0.225 del l\u00edder del campeonato.<\/p>\n\n\n\n<p class=\"wp-block-paragraph\">Algunos pilotos como Kelso, Quiles, Luca Lunetta, Piqueras, <strong>M\u00e1ximo Quiles<\/strong> y Perrone entraron a boxes para realizar peque\u00f1os ajustes y regresar a pista para los \u00faltimos minutos de la tanda. Y el australiano aprovech\u00f3 una pista m\u00e1s vac\u00eda para bajar el tiempo de Rueda y ser el mejor de todos con un minuto para el final.<\/p>\n\n\n\n<p class=\"wp-block-paragraph\">Carpe protagoniz\u00f3 una fuerte ca\u00edda en la primera curva, terminando en la leca su clasificaci\u00f3n, lo que complicaba a sus rivales poder mejorar por la bandera amarilla que sali\u00f3 brevemente. Tras esto, Quiles mejor\u00f3 hasta el cuarto lugar, y Rueda le arrebat\u00f3 la pole a Perrone con 1:54.826 sobre la bandera a cuadros y el l\u00edder del Mundial de Moto3 largar\u00e1 la carrera dominical en la mejor posici\u00f3n posible.<\/p>\n\n\n\n<h2 class=\"wp-block-heading\" id=\"h-moto3-2025-gp-do-japao-motegi-grid-de-largada\">Moto3 2025, GP de Jap\u00f3n, Motegi, Clasificaci\u00f3n:<\/h2>\n\n\n\n<figure class=\"wp-block-table\"><table class=\"has-fixed-layout\"><tbody><tr><td>POS<\/td><td>Piloto<\/td><td>Equipo<\/td><td>Tiempo<\/td><td>Dif<\/td><\/tr><tr><td>1<\/td><td>J RUEDA<\/td><td>Red Bull KTM Ajo<\/td><td>1:54.826<\/td><td><\/td><\/tr><tr><td>2<\/td><td>V PERRONE<\/td><td>Red Bull KTM Tech3<\/td><td>1:55.064<\/td><td>+0.238<\/td><\/tr><tr><td>3<\/td><td>J KELSO<\/td><td>LevelUp MTA<\/td><td>1:55.080<\/td><td>+0.254<\/td><\/tr><tr><td>4<\/td><td>A PIQUERAS<\/td><td>MSi<\/td><td>1:55.094<\/td><td>+0.268<\/td><\/tr><tr><td>5<\/td><td>T FURUSATO<\/td><td>Honda Team Asia<\/td><td>1:55.187<\/td><td>+0.361<\/td><\/tr><tr><td>6<\/td><td>A FERN\u00c1NDEZ<\/td><td>Leopard<\/td><td>1:55.220<\/td><td>+0.394<\/td><\/tr><tr><td>7<\/td><td>D MU\u00d1OZ<\/td><td>Intact GP<\/td><td>1:55.248<\/td><td>+0.422<\/td><\/tr><tr><td>8<\/td><td>M QUILES<\/td><td>Aspar<\/td><td>1:55.262<\/td><td>+0.436<\/td><\/tr><tr><td>9<\/td><td>D ALMANSA<\/td><td>Leopard Honda<\/td><td>1:55.318<\/td><td>+0.492<\/td><\/tr><tr><td>10<\/td><td>D FOGGIA<\/td><td>Aspar<\/td><td>1:55.444<\/td><td>+0.618<\/td><\/tr><tr><td>11<\/td><td>G PINI<\/td><td>Intact GP<\/td><td>1:55.516<\/td><td>+0.690<\/td><\/tr><tr><td>12<\/td><td>A CARPE<\/td><td>Red Bull KTM Ajo<\/td><td>1:55.530<\/td><td>+0.704<\/td><\/tr><tr><td>13<\/td><td>R YAMANAKA<\/td><td>MSi<\/td><td>1:55.571<\/td><td>+0.745<\/td><\/tr><tr><td>14<\/td><td>L LUNETTA<\/td><td>Sic58<\/td><td>1:55.618<\/td><td>+0.792<\/td><\/tr><tr><td>15<\/td><td>S NEPA<\/td><td>Sic58<\/td><td>1:55.826<\/td><td>+1.000<\/td><\/tr><tr><td>16<\/td><td>M MORELLI<\/td><td>Mlav Honda<\/td><td>1:56.705<\/td><td>+1.879<\/td><\/tr><tr><td>17<\/td><td>M BERTELLE<\/td><td>LevelUp MTA<\/td><td>1:56.749<\/td><td>+1.923<\/td><\/tr><tr><td>18<\/td><td>C BUCHANAN<\/td><td>BOE KTM<\/td><td>1:56.763<\/td><td>+1.937<\/td><\/tr><tr><td>19<\/td><td>E O\u2019SHEA<\/td><td>Mlav Honda<\/td><td>1:56.485<\/td><td>+1.659<\/td><\/tr><tr><td>20<\/td><td>A ADITAMA<\/td><td>Honda Team Asia<\/td><td>1:56.502<\/td><td>+1.676<\/td><\/tr><tr><td>21<\/td><td>R MOODLEY<\/td><td>Boe KTM<\/td><td>1:56.565<\/td><td>+1.739<\/td><\/tr><tr><td>22<\/td><td>J ROULSTONE<\/td><td>Red Bull KTM Tech3<\/td><td>1:57.019<\/td><td>+2.193<\/td><\/tr><tr><td>23<\/td><td>R ROSSI<\/td><td>Spiners<\/td><td>1:57.078<\/td><td>+2.252<\/td><\/tr><tr><td>24<\/td><td>N DETTWILER<\/td><td>CIP Green Power<\/td><td>1:57.078<\/td><td>+2.252<\/td><\/tr><tr><td>25<\/td><td>S OGDEN<\/td><td>CIP Green Power<\/td><td>1:57.420<\/td><td>+2.594<\/td><\/tr><\/tbody><\/table><\/figure>\n","protected":false},"excerpt":{"rendered":"<p>Jos\u00e9 Antonio Rueda volvi\u00f3 a lograr una pole en la clasificaci\u00f3n de la 17\u00b0 cita del campeonato de Moto3, el Gran Premio de Jap\u00f3n, donde super\u00f3 por dos d\u00e9cimas a Valent\u00edn Perrone, de una gran actuaci\u00f3n en Motegi. Marco Morelli avanz\u00f3 a la Q2 para terminar 16\u00b0. <\/p>\n","protected":false},"author":0,"featured_media":1010366291,"comment_status":"closed","ping_status":"closed","sticky":false,"template":"","format":"standard","meta":{"42wp_featured_image_caption":"","42wp_featured_image_credits":"","42wp_featured_video":"","42wp_featured_image_hidden":false,"42wp_authors_list":[],"footnotes":""},"categories":[8],"tags":[3361,12069,12868,12070,12074,1422,221,12071,12068,12666,11777,9232,1366,1764,12080,10848],"42wp_author":[14237],"class_list":["post-5076","post","type-post","status-publish","format-standard","has-post-thumbnail","hentry","category-motogp","tag-adrian-fernandez","tag-alvaro-carpe","tag-angel-piqueras-2","tag-david-almansa","tag-david-munoz","tag-gp-de-japon","tag-honda","tag-joel-kelso","tag-jose-antonio-rueda","tag-marco-morelli","tag-maximo-quiles","tag-mobility-resort-motegi","tag-moto3","tag-mundial-de-motociclismo","tag-stefano-nepa","tag-valentin-perrone","42wp_author-gabriel-garcia"],"_links":{"self":[{"href":"https:\/\/grandepremio.com\/es\/wp-json\/wp\/v2\/posts\/5076","targetHints":{"allow":["GET"]}}],"collection":[{"href":"https:\/\/grandepremio.com\/es\/wp-json\/wp\/v2\/posts"}],"about":[{"href":"https:\/\/grandepremio.com\/es\/wp-json\/wp\/v2\/types\/post"}],"replies":[{"embeddable":true,"href":"https:\/\/grandepremio.com\/es\/wp-json\/wp\/v2\/comments?post=5076"}],"version-history":[{"count":0,"href":"https:\/\/grandepremio.com\/es\/wp-json\/wp\/v2\/posts\/5076\/revisions"}],"wp:featuredmedia":[{"embeddable":true,"href":"https:\/\/grandepremio.com\/es\/wp-json\/wp\/v2\/media\/1010366291"}],"wp:attachment":[{"href":"https:\/\/grandepremio.com\/es\/wp-json\/wp\/v2\/media?parent=5076"}],"wp:term":[{"taxonomy":"category","embeddable":true,"href":"https:\/\/grandepremio.com\/es\/wp-json\/wp\/v2\/categories?post=5076"},{"taxonomy":"post_tag","embeddable":true,"href":"https:\/\/grandepremio.com\/es\/wp-json\/wp\/v2\/tags?post=5076"},{"taxonomy":"42wp_author","embeddable":true,"href":"https:\/\/grandepremio.com\/es\/wp-json\/wp\/v2\/42wp_author?post=5076"}],"curies":[{"name":"wp","href":"https:\/\/api.w.org\/{rel}","templated":true}]}}