{"id":5112,"date":"2025-09-24T13:10:04","date_gmt":"2025-09-24T16:10:04","guid":{"rendered":"https:\/\/grandepremio.com\/es\/2025\/09\/24\/nicolas-hamilton-incendio-btcc\/"},"modified":"2025-09-24T13:10:11","modified_gmt":"2025-09-24T16:10:11","slug":"nicolas-hamilton-incendio-btcc","status":"publish","type":"post","link":"https:\/\/grandepremio.com\/es\/turismo\/nicolas-hamilton-incendio-btcc\/","title":{"rendered":"Hermano de Hamilton sale ileso de incendio de su auto en el BTCC de Gran Breta\u00f1a"},"content":{"rendered":"\n<p class=\"wp-block-paragraph\"><strong>Nicolas Hamilton, <\/strong>hermano menor del siete veces campe\u00f3n mundial de <strong>F\u00f3rmula 1 Lewis Hamilton,<\/strong> vivi\u00f3 un momento de tensi\u00f3n el fin de semana al verse involucrado en un incidente durante la fecha en <strong>Silverstone <\/strong>del <strong>Campeonato Brit\u00e1nico de Turismos (BTCC).<\/strong><\/p>\n\n\n\n<p class=\"wp-block-paragraph\">El piloto de 33 a\u00f1os, que padece par\u00e1lisis cerebral, conduc\u00eda su <strong>Cupra Le\u00f3n <\/strong>cuando, en la vuelta 18, el auto sufri\u00f3 una aver\u00eda mec\u00e1nica y se incendi\u00f3 repentinamente. Nicolas consigui\u00f3 salir r\u00e1pidamente del veh\u00edculo y no sufri\u00f3 lesiones.<\/p>\n\n\n\n<p class=\"wp-block-paragraph\">Tras el suceso, explic\u00f3 la situaci\u00f3n en las redes sociales, agradeci\u00f3 el apoyo de sus allegados y calific\u00f3 el episodio como \u00abaterrador\u00bb.<\/p>\n\n\n\n<p class=\"wp-block-paragraph\"><strong><em>\u00a1Todas las novedades te esperan en el canal de\u00a0<a href=\"https:\/\/www.youtube.com\/@GrandePremioES\" target=\"_blank\" rel=\"noreferrer noopener\">YouTube<\/a>\u00a0de Grande Pr\u00eamio en Espa\u00f1ol!<\/em><\/strong><\/p>\n\n\n\n<figure class=\"wp-block-video\"><video class=\"video-js vjs-big-play-centered\" data-gp-vjs=\"1\" controls src=\"https:\/\/grandepremio.com\/es\/wp-content\/uploads\/2025\/09\/ssstwitter.com_1758728387869.mp4\"><\/video><figcaption class=\"wp-element-caption\">Nicolas Hamilton sufri\u00f3 el incendio de su Seat Le\u00f3n en el BTCC. (Video: BTCC)<\/figcaption><\/figure>\n\n\n\n<p class=\"wp-block-paragraph\"><strong><em>\u00a1Seguinos en redes por&nbsp;<\/em><\/strong><strong><em><a target=\"_blank\" href=\"https:\/\/twitter.com\/grandepremioES\" rel=\"noreferrer noopener\">Twitter&nbsp;<\/a><\/em><\/strong><strong><em>e&nbsp;<\/em><\/strong><strong><em><a target=\"_blank\" href=\"https:\/\/www.instagram.com\/grandepremioes\/\" rel=\"noreferrer noopener\">Instagram!<\/a><\/em><\/strong><br><strong><em>Adem\u00e1s, tenemos nuestro&nbsp;<\/em><\/strong><strong><em><a target=\"_blank\" href=\"https:\/\/whatsapp.com\/channel\/0029VaDZ5zb0gcfDxuwxBM05\" rel=\"noreferrer noopener\">canal de Whatsapp<\/a><\/em><\/strong><strong><em>&nbsp;con toda la informaci\u00f3n al instante<\/em><\/strong><\/p>\n\n\n\n<p class=\"wp-block-paragraph\">\u00abEsta es una foto extraordinaria que dio inicio a un momento muy triste y aterrador para mi familia, mis amigos y para m\u00ed. Estuve sorprendentemente tranquilo durante toda la situaci\u00f3n, tratando de salvar el auto de m\u00e1s da\u00f1os mientras me manten\u00eda a salvo, y estoy orgulloso de la forma en que gestion\u00e9 la situaci\u00f3n\u00bb, comenz\u00f3 Nicolas.<\/p>\n\n\n\n<p class=\"wp-block-paragraph\">\u00abDespu\u00e9s del incendio, no est\u00e1 claro si podr\u00e9 salir a la pista la pr\u00f3xima semana en Brands Hatch para la \u00faltima carrera de la temporada. Si no tengo la oportunidad de terminar el campeonato, quiero darle las gracias a todos los que me han apoyado este a\u00f1o\u00bb.<\/p>\n\n\n\n<p class=\"wp-block-paragraph\">\u00abEstoy agradecido a mi familia, amigos y patrocinadores por su amor y apoyo, que me permiten seguir mis sue\u00f1os y continuar mi viaje. Personalmente, creo que estoy pilotando mejor que nunca en el BTCC y estoy muy orgulloso de mi progreso este a\u00f1o\u00bb, concluy\u00f3 el hermano de Hamilton, que est\u00e1 29\u00b0 en el campeonato sin puntos sumados.<\/p>\n\n\n\n<p class=\"wp-block-paragraph\"><\/p>\n","protected":false},"excerpt":{"rendered":"<p>Nicolas Hamilton, hermano menor de Lewis Hamilton, logr\u00f3 salir sin lesiones del incendio de su Le\u00f3n Cupra durante la fecha de este fin de semana del BTCC en Silverstone.    <\/p>\n","protected":false},"author":0,"featured_media":1010365815,"comment_status":"closed","ping_status":"closed","sticky":false,"template":"","format":"standard","meta":{"42wp_featured_image_caption":"","42wp_featured_image_credits":"","42wp_featured_video":"","42wp_featured_image_hidden":false,"42wp_authors_list":[],"footnotes":""},"categories":[11],"tags":[199,1953,1696],"42wp_author":[14223],"class_list":["post-5112","post","type-post","status-publish","format-standard","has-post-thumbnail","hentry","category-turismo","tag-lewis-hamilton","tag-nicolas-hamilton","tag-turismo","42wp_author-esteban-nieto"],"_links":{"self":[{"href":"https:\/\/grandepremio.com\/es\/wp-json\/wp\/v2\/posts\/5112","targetHints":{"allow":["GET"]}}],"collection":[{"href":"https:\/\/grandepremio.com\/es\/wp-json\/wp\/v2\/posts"}],"about":[{"href":"https:\/\/grandepremio.com\/es\/wp-json\/wp\/v2\/types\/post"}],"replies":[{"embeddable":true,"href":"https:\/\/grandepremio.com\/es\/wp-json\/wp\/v2\/comments?post=5112"}],"version-history":[{"count":0,"href":"https:\/\/grandepremio.com\/es\/wp-json\/wp\/v2\/posts\/5112\/revisions"}],"wp:featuredmedia":[{"embeddable":true,"href":"https:\/\/grandepremio.com\/es\/wp-json\/wp\/v2\/media\/1010365815"}],"wp:attachment":[{"href":"https:\/\/grandepremio.com\/es\/wp-json\/wp\/v2\/media?parent=5112"}],"wp:term":[{"taxonomy":"category","embeddable":true,"href":"https:\/\/grandepremio.com\/es\/wp-json\/wp\/v2\/categories?post=5112"},{"taxonomy":"post_tag","embeddable":true,"href":"https:\/\/grandepremio.com\/es\/wp-json\/wp\/v2\/tags?post=5112"},{"taxonomy":"42wp_author","embeddable":true,"href":"https:\/\/grandepremio.com\/es\/wp-json\/wp\/v2\/42wp_author?post=5112"}],"curies":[{"name":"wp","href":"https:\/\/api.w.org\/{rel}","templated":true}]}}