{"id":5124,"date":"2025-09-24T08:46:10","date_gmt":"2025-09-24T11:46:10","guid":{"rendered":"https:\/\/grandepremio.com\/es\/2025\/09\/24\/lando-norris-mclaren-error-clasificacion-resultado-final-gp-azerbaiyan-f1-2025\/"},"modified":"2025-09-24T08:46:15","modified_gmt":"2025-09-24T11:46:15","slug":"lando-norris-mclaren-error-clasificacion-resultado-final-gp-azerbaiyan-f1-2025","status":"publish","type":"post","link":"https:\/\/grandepremio.com\/es\/f1\/lando-norris-mclaren-error-clasificacion-resultado-final-gp-azerbaiyan-f1-2025\/","title":{"rendered":"Norris cuestiona la &#8220;decisi\u00f3n fallida&#8221; en la Q3 y reconoce superioridad de Red Bull en Bak\u00fa"},"content":{"rendered":"\n<p class=\"wp-block-paragraph\">A pesar del discreto s\u00e9ptimo puesto en el <strong>GP de Azerbaiy\u00e1n<\/strong> del pasado fin de semana, <strong>Lando Norris<\/strong> no cree que la etapa haya sido dura para <strong>McLaren<\/strong>. Analizando la fecha en su conjunto, el brit\u00e1nico dijo que el equipo tuvo un buen ritmo, pero fall\u00f3 a la hora de salir a pista en la clasificaci\u00f3n. <\/p>\n\n\n\n<p class=\"wp-block-paragraph\">\ud83d\udfe5&nbsp;<strong><em>\u00a1Todas las novedades te esperan en el canal de&nbsp;<\/em><\/strong><a href=\"https:\/\/www.youtube.com\/@GrandePremioES\"><em>YouTube<\/em><\/a><strong><em>&nbsp;de Grande Pr\u00eamio en Espa\u00f1ol!<\/em><\/strong>&nbsp;\ud83d\udfe8<\/p>\n\n\n\n<p class=\"wp-block-paragraph\">Por delante de los dem\u00e1s pilotos en la parrilla, <strong>Norris <\/strong>se encontr\u00f3 con condiciones m\u00e1s complicadas y no pudo sacar el m\u00e1ximo partido al coche.<\/p>\n\n\n\n<p class=\"wp-block-paragraph\">Sin embargo, en opini\u00f3n del brit\u00e1nico, la situaci\u00f3n habr\u00eda sido completamente diferente con una buena clasificaci\u00f3n. <strong>Norris <\/strong>lleg\u00f3 a decir que \u00abhabr\u00eda quedado segundo\u00bb si hubiera salido en la misma posici\u00f3n, pero admiti\u00f3 que <strong>McLaren <\/strong>no est\u00e1 tan familiarizado con circuitos de baja presi\u00f3n aerodin\u00e1mica, como <strong>Monza <\/strong>y <strong>Bak\u00fa<\/strong>.<\/p>\n\n\n\n<p class=\"wp-block-paragraph\">\u00abNo creo que hayamos sufrido mucho. Creo que, en cuanto al ritmo, no fue tan malo\u00bb, analiz\u00f3 <strong>Norris<\/strong>. \u00abFuimos r\u00e1pidos en todas las sesiones de entrenamientos libres y tuvimos una clasificaci\u00f3n normal. Las condiciones fueron complicadas, claro, llovi\u00f3 un poco, y salir primero a la pista empeor\u00f3 el fin de semana\u00bb, analiz\u00f3.<\/p>\n\n\n\n<p class=\"wp-block-paragraph\">\u00abSi hubiera salido segundo, habr\u00eda terminado segundo. No ten\u00edamos el ritmo de <strong>Red Bull<\/strong>, eso estaba muy claro. En las pistas de baja presi\u00f3n aerodin\u00e1mica, parece que todav\u00eda tenemos problemas\u00bb, destac\u00f3.<\/p>\n\n\n\n<p class=\"wp-block-paragraph\">\u23e9&nbsp;<strong><em>\u00a1Seguinos en redes por&nbsp;<\/em><\/strong><a href=\"https:\/\/twitter.com\/grandepremioES\"><em>Twitter&nbsp;<\/em><\/a><strong><em>e&nbsp;<\/em><\/strong><a href=\"https:\/\/www.instagram.com\/grandepremioes\/\"><em>Instagram!<\/em><\/a><br>\u23e9&nbsp;<strong><em>Adem\u00e1s, tenemos nuestro&nbsp;<\/em><\/strong><a href=\"https:\/\/whatsapp.com\/channel\/0029VaDZ5zb0gcfDxuwxBM05\"><em>canal de Whatsapp<\/em><\/a><strong><em>&nbsp;con toda la informaci\u00f3n al instante<\/em><\/strong>&nbsp;\ud83c\udfc1<\/p>\n\n\n\n<figure class=\"wp-block-image size-large\"><img decoding=\"async\" src=\"https:\/\/grandepremio.com\/es\/wp-content\/uploads\/2025\/09\/azerbaijao-2025-f1-corrida-mclaren-lando-norris-04-1200x899-1-1024x767.jpg\" alt=\"\" class=\"wp-image-365735\"\/><figcaption class=\"wp-element-caption\">Norris qued\u00f3 s\u00e9ptimo en el Gran Premio de Azerbaiy\u00e1n y redujo ligeramente la diferencia con Oscar Piastri (Foto: McLaren)<\/figcaption><\/figure>\n\n\n\n<p class=\"wp-block-paragraph\">La pr\u00f3xima parada de la <strong>F\u00f3rmula 1<\/strong>, por otro lado, genera buenas expectativas: el <strong>Gran Premio de Singapur<\/strong>, de alt\u00edsima carga aerodin\u00e1mica, que promete encajar mejor con el <strong>MCL39<\/strong>. En t\u00e9rminos de mentalidad, sin embargo, <strong>Norris <\/strong>asegur\u00f3 que el equipo sigue confiando en sus propias capacidades. Solo destac\u00f3 que hay que estar atentos para corregir los puntos d\u00e9biles del coche.<\/p>\n\n\n\n<p class=\"wp-block-paragraph\">\u00abSeguimos teniendo la confianza que necesitamos y podemos ser r\u00e1pidos, simplemente no hemos conseguido repetirlo con tanta frecuencia. Hemos tenido una temporada incre\u00edble, no me malinterpreten, pero claramente hay cosas que no son lo suficientemente buenas. Tenemos que seguir trabajando\u00bb, concluy\u00f3.<\/p>\n\n\n\n<p class=\"wp-block-paragraph\">La&nbsp;<strong>F1&nbsp;<\/strong>vuelve a la acci\u00f3n entre el 3 y 5 de octubre con el&nbsp;<strong>GP de Singapur<\/strong>, decimoctava fecha de la temporada 2025. GRANDE PREMIO en ESPA\u00d1OL realizar\u00e1 una cobertura completa del evento.<\/p>\n\n\n\n<figure class=\"wp-block-embed is-type-video is-provider-youtube wp-block-embed-youtube wp-embed-aspect-16-9 wp-has-aspect-ratio\"><div class=\"wp-block-embed__wrapper\">\n<iframe loading=\"lazy\" title=\"\u00bfVERSTAPPEN PUEDE VOLVER A SO\u00d1AR CON EL T\u00cdTULO? I Briefing\" width=\"500\" height=\"281\" src=\"https:\/\/www.youtube.com\/embed\/ywyukS3vNKE?feature=oembed\" frameborder=\"0\" allow=\"accelerometer; autoplay; clipboard-write; encrypted-media; gyroscope; picture-in-picture; web-share\" referrerpolicy=\"strict-origin-when-cross-origin\" allowfullscreen><\/iframe>\n<\/div><\/figure>\n","protected":false},"excerpt":{"rendered":"<p>Lando Norris neg\u00f3 que McLaren hubiera vivido una pesadilla en el Gran Premio de Azerbaiy\u00e1n, pero admiti\u00f3 que no ten\u00eda ritmo para superar a Red Bull y culp\u00f3 a un error en la Q3 por el mal resultado.<\/p>\n","protected":false},"author":0,"featured_media":1010365196,"comment_status":"closed","ping_status":"closed","sticky":false,"template":"","format":"standard","meta":{"42wp_featured_image_caption":"","42wp_featured_image_credits":"","42wp_featured_video":"","42wp_featured_image_hidden":false,"42wp_authors_list":[],"footnotes":""},"categories":[5],"tags":[181,1710,179,8059,12930,1488,268,269,9647],"42wp_author":[14239],"class_list":["post-5124","post","type-post","status-publish","format-standard","has-post-thumbnail","hentry","category-f1","tag-f1","tag-f1-2025","tag-formula-1","tag-formula-1-2025","tag-gp-de-azerbaiyan-2025","tag-grande-premio","tag-lando-norris","tag-mclaren","tag-temporada-2025-f1","42wp_author-jp-otrosky"],"_links":{"self":[{"href":"https:\/\/grandepremio.com\/es\/wp-json\/wp\/v2\/posts\/5124","targetHints":{"allow":["GET"]}}],"collection":[{"href":"https:\/\/grandepremio.com\/es\/wp-json\/wp\/v2\/posts"}],"about":[{"href":"https:\/\/grandepremio.com\/es\/wp-json\/wp\/v2\/types\/post"}],"replies":[{"embeddable":true,"href":"https:\/\/grandepremio.com\/es\/wp-json\/wp\/v2\/comments?post=5124"}],"version-history":[{"count":0,"href":"https:\/\/grandepremio.com\/es\/wp-json\/wp\/v2\/posts\/5124\/revisions"}],"wp:featuredmedia":[{"embeddable":true,"href":"https:\/\/grandepremio.com\/es\/wp-json\/wp\/v2\/media\/1010365196"}],"wp:attachment":[{"href":"https:\/\/grandepremio.com\/es\/wp-json\/wp\/v2\/media?parent=5124"}],"wp:term":[{"taxonomy":"category","embeddable":true,"href":"https:\/\/grandepremio.com\/es\/wp-json\/wp\/v2\/categories?post=5124"},{"taxonomy":"post_tag","embeddable":true,"href":"https:\/\/grandepremio.com\/es\/wp-json\/wp\/v2\/tags?post=5124"},{"taxonomy":"42wp_author","embeddable":true,"href":"https:\/\/grandepremio.com\/es\/wp-json\/wp\/v2\/42wp_author?post=5124"}],"curies":[{"name":"wp","href":"https:\/\/api.w.org\/{rel}","templated":true}]}}