{"id":5153,"date":"2025-09-22T12:36:32","date_gmt":"2025-09-22T15:36:32","guid":{"rendered":"https:\/\/grandepremio.com\/es\/2025\/09\/22\/fenestraz-admite-horrible-sugo-valoriza-paso-adelante-super-gt\/"},"modified":"2025-10-14T19:49:07","modified_gmt":"2025-10-14T22:49:07","slug":"fenestraz-admite-horrible-sugo-valoriza-paso-adelante-super-gt","status":"publish","type":"post","link":"https:\/\/grandepremio.com\/es\/resistencia\/fenestraz-admite-horrible-sugo-valoriza-paso-adelante-super-gt\/","title":{"rendered":"Fenestraz admite sentirse &#8220;horrible&#8221; tras Sugo, pero valoriza &#8220;paso adelante&#8221; en S\u00faper GT"},"content":{"rendered":"\n<p class=\"wp-block-paragraph\">A pocas curvas del final de la carrera de <strong>S\u00faper GT<\/strong> en <strong>Sugo<\/strong>, a <strong>Sacha Fenestraz<\/strong> se le escap\u00f3 la posibilidad de volver a ganar en la categor\u00eda despu\u00e9s de tres a\u00f1os, luego de haber sido superado por <strong>Teppei Natori <\/strong>en el <strong>Nissan <\/strong>#24 del <strong>Kondo Racing<\/strong>, que presion\u00f3 durante varios giros al piloto argentino hasta vencerlo en la \u00faltima vuelta. <\/p>\n\n\n\n<p class=\"wp-block-paragraph\">\ud83d\udfe5&nbsp;<strong><em>\u00a1Todas las novedades te esperan en el canal de&nbsp;<\/em><\/strong><a href=\"https:\/\/www.youtube.com\/@GrandePremioES\"><em>YouTube<\/em><\/a><strong><em>&nbsp;de Grande Pr\u00eamio en Espa\u00f1ol!<\/em><\/strong>&nbsp;\ud83d\udfe8<\/p>\n\n\n\n<p class=\"wp-block-paragraph\">M\u00e1s all\u00e1 de la dolorosa derrota, el piloto del <strong>Team Sard<\/strong> hizo un balance del fin de semana en un v\u00eddeo que subi\u00f3 Toyota una vez que termin\u00f3 la actividad: <strong>\u201cFue una carrera dif\u00edcil. Por supuesto que hasta la \u00faltima vuelta est\u00e1bamos liderando, tuvimos el ritmo durante todo el fin de semana desde el entrenamiento, pero, desafortunadamente, la diferencia de peso que nos llevaba el auto #24 era muy grande y fueron m\u00e1s r\u00e1pidos que nosotros en toda la carrera y los autos de seguridad y las FCY los ayudaron bastante\u201d.<\/strong><\/p>\n\n\n\n<p class=\"wp-block-paragraph\"><strong>\u201cEs una pena (haber perdido la victoria), pero el segundo puesto sigue siendo muy bueno. Yuhi (Sekiguchi) hizo un gran trabajo en la clasificaci\u00f3n y en la carrera, fue desafortunado perder la victoria en la \u00faltima vuelta, pero tenemos que estar contentos porque estamos terceros en el campeonato y dimos un gran paso adelante, mejoramos mucho con el equipo en una temporada complicada\u201d,<\/strong> a\u00f1adi\u00f3. <\/p>\n\n\n\n<figure class=\"wp-block-image size-large\"><img decoding=\"async\" src=\"https:\/\/grandepremio.com\/cdn-cgi\/image\/width=893,height=558,fit=contain,gravity=0.5x0.5,quality=75,format=webp\/es\/wp-content\/uploads\/2025\/09\/550906582_1240133258155508_6083902072637586896_n-1024x683.jpg\" alt=\"\" class=\"wp-image-365497\"\/><figcaption class=\"wp-element-caption\">Luego de muchas complicaciones en 2025, Sacha Fenestraz admite que est\u00e1 conforme con el paso adelante que dieron en S\u00faper GT. (Foto: Team Sard)<\/figcaption><\/figure>\n\n\n\n<p class=\"wp-block-paragraph\">Fenestraz, que aguant\u00f3 a Natori hasta que fue adelantado en la curva <em>Horseback<\/em>, describi\u00f3 sus sensaciones luego de una tensa competencia en charla con <em>Sportscar365.com<\/em>: <strong>\u201cEstuve luchando durante las \u00faltimas cinco o diez vueltas. Tuvimos muchos problemas con los neum\u00e1ticos, pero todos los coches Bridgestone estaban en la misma situaci\u00f3n. Tuvimos mucho granulado con la nueva superficie [de la pista], algo que nadie esperaba.<\/strong><\/p>\n\n\n\n<p class=\"wp-block-paragraph\"><strong>\u201cSolo intent\u00e1bamos sobrevivir y, cuando me dijeron que quedaban cinco vueltas, Natori ya estaba justo detr\u00e1s de m\u00ed, as\u00ed que sab\u00eda que ser\u00eda dif\u00edcil. Hicimos una buena lucha, pero al final, perder en la \u00faltima vuelta&#8230; es horrible. Creo que nunca hab\u00eda vivido algo as\u00ed\u201d<\/strong>, coment\u00f3 el franco-argentino, que tambi\u00e9n valoriz\u00f3 el resultado obtenido en la jornada del domingo.<\/p>\n\n\n\n<p class=\"wp-block-paragraph\">Por otro lado, Sacha revel\u00f3 que perdi\u00f3 el espejo, y perdi\u00f3 de vista a Natori en el sobrepaso de la vuelta 70, que fue la \u00faltima por el l\u00edmite de tiempo de tres horas: <strong>\u201cSab\u00eda que hab\u00eda una posibilidad, y eran muy r\u00e1pidos en la recta. Sab\u00eda que era el \u00fanico lugar, adem\u00e1s de la curva 1, donde pod\u00eda atacarme. No es una excusa, pero el espejo izquierdo se hab\u00eda ca\u00eddo, as\u00ed que no pod\u00eda verlo en absoluto. El espejo estaba completamente hacia abajo, as\u00ed que solo pod\u00eda ver el suelo. Cuando se fue hacia el exterior, no sab\u00eda a qu\u00e9 distancia estaba. Pens\u00e9 que estar\u00eda a medio coche de distancia, pero en realidad estaba completamente a mi lado. Eso no ayud\u00f3. No creo que pudiera haber hecho mucho m\u00e1s. Siempre es f\u00e1cil decirlo despu\u00e9s. Intent\u00e9 frenar tarde, pero tampoco quer\u00eda arriesgar el podio en la \u00faltima vuelta\u201d.<\/strong><\/p>\n\n\n\n<figure class=\"wp-block-image size-large\"><img decoding=\"async\" src=\"https:\/\/grandepremio.com\/cdn-cgi\/image\/width=893,height=558,fit=contain,gravity=0.5x0.5,quality=75,format=webp\/es\/wp-content\/uploads\/2025\/09\/550520877_1240133494822151_3737109329314248868_n-1024x683.jpg\" alt=\"\" class=\"wp-image-365499\"\/><figcaption class=\"wp-element-caption\">Sacha Fenestraz homenaje\u00f3 a su abuela, fallecida la semana pasada, con un sentido mensaje en su coche el fin de semana en Sugo. (Foto: Team Sard)<\/figcaption><\/figure>\n\n\n\n<p class=\"wp-block-paragraph\">Teniendo en cuenta que el <strong>Realize Z<\/strong>, que gan\u00f3 despu\u00e9s de nueve a\u00f1os, solo ten\u00eda un kilo, mientras que el <strong>Denso Kobelco Sard GR Supra<\/strong> contaba con 58 kilos, el piloto de 26 a\u00f1os piensa en el campeonato, con dos fechas para el final: <strong>\u201cCreo que sacamos el m\u00e1ximo partido a lo que ten\u00edamos, teniendo en cuenta la diferencia de peso entre nuestros coches. [El Nissan de Kondo era] el coche m\u00e1s ligero de la parrilla. Los Yokohama tambi\u00e9n funcionaban mucho mejor que los Bridgestone. Eran m\u00e1s r\u00e1pidos. Antes de la carrera, el equipo fue bastante estricto y nos dijo que no deb\u00edamos arriesgar demasiado para ganar, porque para nosotros el segundo puesto sigue siendo un muy buen resultado, incluso para el campeonato\u201d.<\/strong><\/p>\n\n\n\n<p class=\"wp-block-paragraph\">Hasta el momento, con seis rondas disputadas, Fenestraz y <strong>Yuhi Sekiguchi<\/strong> tienen 44.5 y treparon hasta el tercer puesto en el campeonato de <strong>GT500<\/strong>, a 16.5 puntos de los l\u00edderes, <strong>Sho Tsuboi<\/strong> y <strong>Kenta Yamashita<\/strong>, que acabaron novenos por una sanci\u00f3n al Nismo #23. Los primeros puestos del certamen son todos para el modelo <strong>Supra <\/strong>de <strong>Toyota<\/strong>.<\/p>\n\n\n\n<figure class=\"wp-block-embed is-type-video is-provider-youtube wp-block-embed-youtube wp-embed-aspect-16-9 wp-has-aspect-ratio\"><div class=\"wp-block-embed__wrapper\">\n<iframe loading=\"lazy\" title=\"\u00bfVERSTAPPEN PUEDE VOLVER A SO\u00d1AR CON EL T\u00cdTULO? I Briefing\" width=\"500\" height=\"281\" src=\"https:\/\/www.youtube.com\/embed\/ywyukS3vNKE?feature=oembed\" frameborder=\"0\" allow=\"accelerometer; autoplay; clipboard-write; encrypted-media; gyroscope; picture-in-picture; web-share\" referrerpolicy=\"strict-origin-when-cross-origin\" allowfullscreen><\/iframe>\n<\/div><\/figure>\n\n\n\n<p class=\"wp-block-paragraph\">\u23e9&nbsp;<strong><em>\u00a1Seguinos en redes por&nbsp;<\/em><\/strong><a href=\"https:\/\/twitter.com\/grandepremioES\"><em>Twitter&nbsp;<\/em><\/a><strong><em>e&nbsp;<\/em><\/strong><a href=\"https:\/\/www.instagram.com\/grandepremioes\/\"><em>Instagram!<br><\/em><\/a>\u23e9&nbsp;<strong><em>Adem\u00e1s, tenemos nuestro&nbsp;<\/em><\/strong><a href=\"https:\/\/whatsapp.com\/channel\/0029VaDZ5zb0gcfDxuwxBM05\"><em>canal de Whatsapp<\/em><\/a><strong><em>&nbsp;con toda la informaci\u00f3n al instante<\/em><\/strong>&nbsp;\ud83c\udfc1<\/p>\n\n\n\n<p class=\"wp-block-paragraph\">El S\u00faper GT regresar\u00e1 a las pistas para las 3 horas de Autopolis, que se desarrollar\u00e1n el 18 y el 19 de octubre. Cobertura de GRANDE PREMIO en Espa\u00f1ol.<\/p>\n","protected":false},"excerpt":{"rendered":"<p>Sacha Fenestraz habl\u00f3 despu\u00e9s del segundo puesto en la carrera del Super GT en el circuito de Sugo, que fue la sexta fecha del campeonato, y valoriz\u00f3 el salto al tercer puesto en el campeonato, aunque reconoci\u00f3 que tuvo muchos problemas de agarre al final de la prueba. <\/p>\n","protected":false},"author":0,"featured_media":1010365483,"comment_status":"closed","ping_status":"closed","sticky":false,"template":"","format":"standard","meta":{"42wp_featured_image_caption":"","42wp_featured_image_credits":"","42wp_featured_video":"","42wp_featured_image_hidden":false,"42wp_authors_list":[],"footnotes":""},"categories":[19],"tags":[12562,12162,6694,11927,11231,756,3007,7074,11393,11052,12805,12054,12943,312,11352],"42wp_author":[14237],"class_list":["post-5153","post","type-post","status-publish","format-standard","has-post-thumbnail","hentry","category-resistencia","tag-24-realize-z","tag-39-denso-kobelco-sard-gr-supra","tag-gt500","tag-kenta-yamashita","tag-kondo-racing","tag-nissan","tag-sacha-fenestraz","tag-sho-tsuboi","tag-sugo","tag-super-gt-2","tag-supra","tag-team-sard","tag-teppei-natori","tag-toyota","tag-yuhi-sekiguchi","42wp_author-gabriel-garcia"],"_links":{"self":[{"href":"https:\/\/grandepremio.com\/es\/wp-json\/wp\/v2\/posts\/5153","targetHints":{"allow":["GET"]}}],"collection":[{"href":"https:\/\/grandepremio.com\/es\/wp-json\/wp\/v2\/posts"}],"about":[{"href":"https:\/\/grandepremio.com\/es\/wp-json\/wp\/v2\/types\/post"}],"replies":[{"embeddable":true,"href":"https:\/\/grandepremio.com\/es\/wp-json\/wp\/v2\/comments?post=5153"}],"version-history":[{"count":0,"href":"https:\/\/grandepremio.com\/es\/wp-json\/wp\/v2\/posts\/5153\/revisions"}],"wp:featuredmedia":[{"embeddable":true,"href":"https:\/\/grandepremio.com\/es\/wp-json\/wp\/v2\/media\/1010365483"}],"wp:attachment":[{"href":"https:\/\/grandepremio.com\/es\/wp-json\/wp\/v2\/media?parent=5153"}],"wp:term":[{"taxonomy":"category","embeddable":true,"href":"https:\/\/grandepremio.com\/es\/wp-json\/wp\/v2\/categories?post=5153"},{"taxonomy":"post_tag","embeddable":true,"href":"https:\/\/grandepremio.com\/es\/wp-json\/wp\/v2\/tags?post=5153"},{"taxonomy":"42wp_author","embeddable":true,"href":"https:\/\/grandepremio.com\/es\/wp-json\/wp\/v2\/42wp_author?post=5153"}],"curies":[{"name":"wp","href":"https:\/\/api.w.org\/{rel}","templated":true}]}}