{"id":5191,"date":"2025-09-20T13:53:40","date_gmt":"2025-09-20T16:53:40","guid":{"rendered":"https:\/\/grandepremio.com\/es\/2025\/09\/20\/sainz-elogia-williams-define-lugar-podio-como-objetivo\/"},"modified":"2025-09-20T13:53:43","modified_gmt":"2025-09-20T16:53:43","slug":"sainz-elogia-williams-define-lugar-podio-como-objetivo","status":"publish","type":"post","link":"https:\/\/grandepremio.com\/es\/f1\/sainz-elogia-williams-define-lugar-podio-como-objetivo\/","title":{"rendered":"Sainz elogia a Williams y define \u00ablugar en el podio\u00bb como objetivo: \u00abVoy a dar lo mejor\u00bb"},"content":{"rendered":"\n<p class=\"wp-block-paragraph\">En una clasificaci\u00f3n marcada por nada menos que seis banderas rojas, <strong>Carlos Sainz<\/strong> aprovech\u00f3 el caos y coloc\u00f3 a <strong>Williams<\/strong> en la segunda posici\u00f3n de la parrilla de salida del <strong>GP de Azerbaiy\u00e1n<\/strong>, solo por detr\u00e1s de <strong>Max Verstappen<\/strong>. Confiado, el espa\u00f1ol dej\u00f3 claro que el objetivo ahora es conseguir el primer podio para el equipo de <strong>Grove<\/strong> este domingo.<\/p>\n\n\n\n<p class=\"wp-block-paragraph\">Aunque pas\u00f3 por la Q1 y la Q2 en 14\u00aa y 9\u00aa posici\u00f3n, respectivamente, el piloto del <strong>FW47<\/strong> #55 sali\u00f3 a la pista al comienzo de la sesi\u00f3n final y registr\u00f3 <strong>1min41s595<\/strong> como mejor tiempo, suficiente para mantenerse en la primera posici\u00f3n despu\u00e9s de que <strong><a href=\"https:\/\/grandepremio.com\/es\/video\/f1\/charles-leclerc-ferrari-accidente-clasificacion-gp-azerbaiyan-f1-2025\/\">Charles Leclerc<\/a><\/strong> y <strong><a href=\"https:\/\/grandepremio.com\/es\/video\/f1\/oscar-piastri-mclaren-accidente-clasificacion-gp-azerbaiyan-f1-2025\/\">Oscar Piastri<\/a><\/strong> chocaran y paralizaran la actividad. Al final, sin embargo, incluso con la pista ligeramente resbaladiza debido a la lluvia que cay\u00f3 unos minutos antes, <a href=\"https:\/\/grandepremio.com\/es\/f1\/max-verstappen-pole-azerbaiyan-formula-1-2025\/\">el cuatro veces campe\u00f3n de <strong>Red Bull<\/strong> super\u00f3 al madrile\u00f1o en los tiempos<\/a>.<\/p>\n\n\n\n<p class=\"wp-block-paragraph\">\ud83d\udfe5&nbsp;<strong><em>\u00a1Todas las novedades te esperan en el canal de&nbsp;<\/em><\/strong><a href=\"https:\/\/www.youtube.com\/@GrandePremioES\"><em>YouTube<\/em><\/a><strong><em>&nbsp;de Grande Pr\u00eamio en Espa\u00f1ol!<\/em><\/strong>&nbsp;\ud83d\udfe8<\/p>\n\n\n\n<figure class=\"wp-block-image size-large\"><img decoding=\"async\" src=\"https:\/\/grandepremio.com\/es\/wp-content\/uploads\/2025\/09\/azerbaijao-2025-f1-classificacao-williams-carlos-sainz-03-1024x683.jpg\" alt=\"\" class=\"wp-image-365016\"\/><figcaption class=\"wp-element-caption\">Carlos Sainz clasific\u00f3 en la primera fila de largada para el GP de Azerbaiy\u00e1n. (Foto: Williams) <\/figcaption><\/figure>\n\n\n\n<p class=\"wp-block-paragraph\">\u23e9\u00a0<strong><em>\u00a1Seguinos en redes por\u00a0<\/em><\/strong><a href=\"https:\/\/twitter.com\/grandepremioES\"><em>Twitter\u00a0<\/em><\/a><strong><em>e\u00a0<\/em><\/strong><a href=\"https:\/\/www.instagram.com\/grandepremioes\/\"><em>Instagram!<\/em><\/a><br>\u23e9\u00a0<strong><em>Adem\u00e1s, tenemos nuestro\u00a0<\/em><\/strong><a href=\"https:\/\/whatsapp.com\/channel\/0029VaDZ5zb0gcfDxuwxBM05\"><em>canal de Whatsapp<\/em><\/a><strong><em>\u00a0con toda la informaci\u00f3n al instante<\/em><\/strong>\u00a0\ud83c\udfc1<\/p>\n\n\n\n<p class=\"wp-block-paragraph\">\u00abMuy feliz. Sinceramente, hoy hemos acertado de pleno en la clasificaci\u00f3n. Hemos tenido los neum\u00e1ticos adecuados en el momento adecuado en todo momento y hemos conseguido algunas vueltas muy fuertes\u00bb, celebr\u00f3 en una entrevista con <em>F1TV<\/em>. \u00abObviamente, en el momento en que un coche puntero hiciera una vuelta limpia, sab\u00edamos que nos quedar\u00edamos esos 0s4 o 0s5 por detr\u00e1s, como siempre ocurre, pero solo fue uno de ellos, Max, como era de esperar\u00bb, continu\u00f3.<\/p>\n\n\n\n<p class=\"wp-block-paragraph\">\u00abEn cuanto al resto, logramos superarlos y estamos en segundo lugar, lo cual es una gran noticia. El plan para ma\u00f1ana es intentar asegurar un lugar en el podio. Dar\u00e9 lo mejor de m\u00ed para darle a Williams su primer podio. Si es posible, genial, si no, ya veremos\u00bb, concluy\u00f3.<\/p>\n\n\n\n<p class=\"wp-block-paragraph\">La&nbsp;<strong>F\u00f3rmula 1<\/strong>&nbsp;disputa este fin de semana el&nbsp;<strong>Gran Premio de Azerbaiy\u00e1n<\/strong>, la 17\u00aa prueba de la&nbsp;<strong>temporada 2025<\/strong>, en el circuito callejero de&nbsp;<strong>Bak\u00fa<\/strong>.<\/p>\n\n\n\n<figure class=\"wp-block-embed is-type-rich is-provider-gestor-del-servicio wp-block-embed-gestor-del-servicio wp-embed-aspect-16-9 wp-has-aspect-ratio\"><div class=\"wp-block-embed__wrapper\">\nhttps:\/\/youtube.com\/watch?v=LRR8GnBLpkI%3Fversion%3D3%26rel%3D1%26showsearch%3D0%26showinfo%3D1%26iv_load_policy%3D1%26fs%3D1%26hl%3Des-ES%26autohide%3D2%26wmode%3Dtransparent\n<\/div><\/figure>\n","protected":false},"excerpt":{"rendered":"<p>Segundo en la parrilla de Azerbaiy\u00e1n, Carlos Sainz dijo que Williams \u00abacert\u00f3 de pleno\u00bb en la elecci\u00f3n de los neum\u00e1ticos en la clasificaci\u00f3n y prometi\u00f3 hacer todo lo posible para terminar entre los tres primeros con el equipo.<\/p>\n","protected":false},"author":0,"featured_media":1010364699,"comment_status":"closed","ping_status":"closed","sticky":false,"template":"","format":"standard","meta":{"42wp_featured_image_caption":"","42wp_featured_image_credits":"","42wp_featured_video":"","42wp_featured_image_hidden":false,"42wp_authors_list":[],"footnotes":""},"categories":[5],"tags":[1393,302,181,1710,10680,1386,204],"42wp_author":[14240],"class_list":["post-5191","post","type-post","status-publish","format-standard","has-post-thumbnail","hentry","category-f1","tag-baku","tag-carlos-sainz","tag-f1","tag-f1-2025","tag-fw47","tag-gp-de-azerbaiyan","tag-williams","42wp_author-ignacio-bogado"],"_links":{"self":[{"href":"https:\/\/grandepremio.com\/es\/wp-json\/wp\/v2\/posts\/5191","targetHints":{"allow":["GET"]}}],"collection":[{"href":"https:\/\/grandepremio.com\/es\/wp-json\/wp\/v2\/posts"}],"about":[{"href":"https:\/\/grandepremio.com\/es\/wp-json\/wp\/v2\/types\/post"}],"replies":[{"embeddable":true,"href":"https:\/\/grandepremio.com\/es\/wp-json\/wp\/v2\/comments?post=5191"}],"version-history":[{"count":0,"href":"https:\/\/grandepremio.com\/es\/wp-json\/wp\/v2\/posts\/5191\/revisions"}],"wp:featuredmedia":[{"embeddable":true,"href":"https:\/\/grandepremio.com\/es\/wp-json\/wp\/v2\/media\/1010364699"}],"wp:attachment":[{"href":"https:\/\/grandepremio.com\/es\/wp-json\/wp\/v2\/media?parent=5191"}],"wp:term":[{"taxonomy":"category","embeddable":true,"href":"https:\/\/grandepremio.com\/es\/wp-json\/wp\/v2\/categories?post=5191"},{"taxonomy":"post_tag","embeddable":true,"href":"https:\/\/grandepremio.com\/es\/wp-json\/wp\/v2\/tags?post=5191"},{"taxonomy":"42wp_author","embeddable":true,"href":"https:\/\/grandepremio.com\/es\/wp-json\/wp\/v2\/42wp_author?post=5191"}],"curies":[{"name":"wp","href":"https:\/\/api.w.org\/{rel}","templated":true}]}}