{"id":5251,"date":"2025-09-17T11:51:14","date_gmt":"2025-09-17T14:51:14","guid":{"rendered":"https:\/\/grandepremio.com\/es\/2025\/09\/17\/pirelli-giorgio-barber-resultados-prueba-nuevos-neumaticos\/"},"modified":"2025-09-17T11:51:17","modified_gmt":"2025-09-17T14:51:17","slug":"pirelli-giorgio-barber-resultados-prueba-nuevos-neumaticos","status":"publish","type":"post","link":"https:\/\/grandepremio.com\/es\/motogp\/pirelli-giorgio-barber-resultados-prueba-nuevos-neumaticos\/","title":{"rendered":"Pirelli revela respuestas de los pilotos tras la prueba de nuevos compuestos en MotoGP"},"content":{"rendered":"\n<p class=\"wp-block-paragraph\"><strong>Pirelli <\/strong>hizo un balance positivo de la primera prueba de los neum\u00e1ticos que est\u00e1 desarrollando para <strong>MotoGP<\/strong>. La f\u00e1brica italiana destac\u00f3 \u00abla adherencia, velocidad de calentamiento y confianza\u00bb como las \u00abcaracter\u00edsticas m\u00e1s apreciadas\u00bb en el primer contacto de los pilotos con los nuevos neum\u00e1ticos de 2027.<\/p>\n\n\n\n<p class=\"wp-block-paragraph\">\ud83d\udfe5&nbsp;<strong><em>\u00a1Todas las novedades te esperan en el canal de&nbsp;<\/em><\/strong><a href=\"https:\/\/www.youtube.com\/@GrandePremioES\"><em>YouTube<\/em><\/a><strong><em>&nbsp;de Grande Pr\u00eamio en Espa\u00f1ol!<\/em><\/strong>&nbsp;\ud83d\udfe8<\/p>\n\n\n\n<p class=\"wp-block-paragraph\">Tras una jornada de pruebas colectivas en <strong>Misano<\/strong>, las marcas de <strong>MotoGP <\/strong>continuaron en el <strong>Circuito Marco Simoncelli,<\/strong> ahora con los equipos de pruebas, para probar los prototipos de los nuevos neum\u00e1ticos. En la actividad participaron <strong>Augusto Fern\u00e1ndez<\/strong>, <strong>(Yamaha); Dani Pedrosa, (KTM); Takaaki Nakagami (Honda); Lorenzo Savadori, (Aprilia)<\/strong>; y <strong>Michele Pirro, (Ducati)<\/strong>.<\/p>\n\n\n\n<p class=\"wp-block-paragraph\">Reemplazante de <strong>Michelin, Pirelli<\/strong> entrar\u00e1 en <strong>MotoGP<\/strong> junto con una nueva normativa t\u00e9cnica, que supondr\u00e1 la sustituci\u00f3n de los actuales prototipos de 1000 cc por motos de 850 cc. Por ahora, sin embargo, las f\u00e1bricas acordaron no probar las nuevas motos, que tambi\u00e9n tendr\u00e1n limitaciones aerodin\u00e1micas y una prohibici\u00f3n del uso de sistemas de suspensi\u00f3n rebajada, por lo que <strong>Pirelli <\/strong>tuvo que utilizar las m\u00e1quinas actuales con algunas limitaciones.<\/p>\n\n\n\n<p class=\"wp-block-paragraph\">La prueba se realiz\u00f3 con sol y pista seca, con una temperatura del asfalto que oscil\u00f3 entre los 25 y los 43 \u00b0C. En total, los equipos contaron con siete juegos de neum\u00e1ticos, con dos versiones delanteras diferentes y tres opciones traseras, en los tama\u00f1os actuales de <strong>MotoGP<\/strong>: llantas de 17 pulgadas, 4 pulgadas de ancho en la parte delantera y 6,25 pulgadas en la parte trasera. Adem\u00e1s, las motos ten\u00edan modificaciones aerodin\u00e1micas para que se asemejaran lo m\u00e1s posible a la pr\u00f3xima normativa.<\/p>\n\n\n\n<p class=\"wp-block-paragraph\"><strong>Giorgio Barbier<\/strong>, director de la divisi\u00f3n de motociclismo de <strong>Pirelli<\/strong>, destac\u00f3 la buena sinton\u00eda entre los t\u00e9cnicos de la marca y los equipos de pruebas de <strong>MotoGP <\/strong>y revel\u00f3 los puntos destacados de los nuevos neum\u00e1ticos.<\/p>\n\n\n\n<p class=\"wp-block-paragraph\">\u23e9\u00a0<strong><em>\u00a1Seguinos en redes por\u00a0<\/em><\/strong><a href=\"https:\/\/twitter.com\/grandepremioES\"><em>Twitter\u00a0<\/em><\/a><strong><em>e\u00a0<\/em><\/strong><a href=\"https:\/\/www.instagram.com\/grandepremioes\/\"><em>Instagram!<\/em><\/a><br>\u23e9\u00a0<strong><em>Adem\u00e1s, tenemos nuestro\u00a0<\/em><\/strong><a href=\"https:\/\/whatsapp.com\/channel\/0029VaDZ5zb0gcfDxuwxBM05\"><em>canal de Whatsapp<\/em><\/a><strong><em>\u00a0con toda la informaci\u00f3n al instante<\/em><\/strong>\u00a0\ud83c\udfc1<\/p>\n\n\n\n<figure class=\"wp-block-image size-full\"><img decoding=\"async\" src=\"https:\/\/grandepremio.com\/es\/wp-content\/uploads\/2025\/09\/Moto3-Moto2-2023-Pirelli-Giorgio-Barbier-Carlos-Ezpeleta-1024x682-1.jpg\" alt=\"\" class=\"wp-image-364257\"\/><figcaption class=\"wp-element-caption\">Giorgio Barbier y Carlos Ezpeleta, director deportivo de Dorna, llegaron a un acuerdo entre el Mundial y Pirelli (Foto: Divulgaci\u00f3n \/ MotoGP)<\/figcaption><\/figure>\n\n\n\n<p class=\"wp-block-paragraph\">\u00abLa prueba en <strong>Misano <\/strong>fue el primer paso de nuestro regreso al <strong>Mundial<\/strong>, y estamos muy satisfechos tanto con la excelente relaci\u00f3n de trabajo que se ha establecido entre nuestros ingenieros y todos los equipos y pilotos de pruebas como con el rendimiento del neum\u00e1tico\u00bb, dijo <strong>Barbier<\/strong>. <\/p>\n\n\n\n<p class=\"wp-block-paragraph\">\u00abLa prueba se desarroll\u00f3 seg\u00fan lo previsto, lo que tambi\u00e9n inclu\u00eda una simulaci\u00f3n de carrera sprint, y los primeros comentarios que hemos recibido son muy alentadores: esta prueba gener\u00f3 muchos datos que analizar para que podamos continuar con el trabajo de desarrollo de los neum\u00e1ticos <strong>Pirelli <\/strong>para <strong>MotoGP<\/strong>\u00bb, prosigui\u00f3.<\/p>\n\n\n\n<p class=\"wp-block-paragraph\">\u00abLas caracter\u00edsticas m\u00e1s apreciadas son, el agarre, la velocidad de calentamiento y la confianza\u00bb, se\u00f1al\u00f3. \u00abLlegamos a <strong>MotoGP <\/strong>con la filosof\u00eda que nos caracteriza: los neum\u00e1ticos deben estar dedicados exclusivamente a la categor\u00eda reina. Tambi\u00e9n queremos explotar las tecnolog\u00edas y los procesos consolidados a lo largo de los a\u00f1os de producci\u00f3n con el objetivo de hacer de nuestra participaci\u00f3n en este campeonato un ejemplo de sostenibilidad en el deporte motor, ofreciendo un producto de calidad y construcci\u00f3n homog\u00e9nea, y transfiriendo las tecnolog\u00edas y conocimientos que vamos a desarrollar en <strong>MotoGP <\/strong>a los neum\u00e1ticos destinados al uso urbano\u00bb, concluy\u00f3.<\/p>\n\n\n\n<p class=\"wp-block-paragraph\">Los neum\u00e1ticos de <strong>Pirelli <\/strong>para <strong>MotoGP<\/strong> se fabricar\u00e1n en la planta de <strong>Breuberg, Alemania<\/strong>, la misma que produce los neum\u00e1ticos radiales para motociclismo y algunos de los modelos de uso urbano.<\/p>\n\n\n\n<p class=\"wp-block-paragraph\">Seg\u00fan el acuerdo de cinco a\u00f1os con <strong>Dorna<\/strong>, promotora del <strong>Campeonato Mundial de Motociclismo<\/strong>, adem\u00e1s de suministrar los neum\u00e1ticos de <strong>MotoGP <\/strong>hasta 2031, <strong>Pirelli <\/strong>tambi\u00e9n abastecer\u00e1 al <strong>Campeonato Mundial Junior<\/strong>, la <strong>Talent Cup<\/strong> de <strong>Asia <\/strong>y del <strong>Norte<\/strong>, la <strong>Red Bull Rookies Cup<\/strong> y la <strong>World Series<\/strong> de <strong>MiniGP<\/strong>, adem\u00e1s de <strong>Moto3 <\/strong>y <strong>Moto2<\/strong>, a quienes provee desde 2024.<\/p>\n\n\n\n<p class=\"wp-block-paragraph\"><strong>MotoGP&nbsp;<\/strong>regresa del 26 al 28 de septiembre con el&nbsp;<strong>GP de Jap\u00f3n<\/strong>&nbsp;en&nbsp;<strong>Motegi<\/strong>, la decimos\u00e9ptima prueba de la temporada 2025. GRANDE PR\u00caMIO en ESPA\u00d1OL ofrece una cobertura completa del evento.<\/p>\n\n\n\n<figure class=\"wp-block-embed is-type-video is-provider-youtube wp-block-embed-youtube wp-embed-aspect-16-9 wp-has-aspect-ratio\"><div class=\"wp-block-embed__wrapper\">\n<iframe loading=\"lazy\" title=\"ANTONELLI: DE UN VELOZ ASCENSO, A LOS R\u00c1PIDOS CUESTIONAMIENTOS EN F1 2025\" width=\"500\" height=\"281\" src=\"https:\/\/www.youtube.com\/embed\/4KSiNPTk5DQ?feature=oembed\" frameborder=\"0\" allow=\"accelerometer; autoplay; clipboard-write; encrypted-media; gyroscope; picture-in-picture; web-share\" referrerpolicy=\"strict-origin-when-cross-origin\" allowfullscreen><\/iframe>\n<\/div><\/figure>\n","protected":false},"excerpt":{"rendered":"<p>El director de Pirelli, Giorgio Barbier, hizo un balance positivo de la primera prueba con los neum\u00e1ticos que se est\u00e1n desarrollando para su llegada a MotoGP en 2027. El directivo destac\u00f3 la buena sinton\u00eda con los equipos de pruebas y enumer\u00f3 las caracter\u00edsticas que m\u00e1s gustaron.<\/p>\n","protected":false},"author":0,"featured_media":1001013455,"comment_status":"closed","ping_status":"closed","sticky":false,"template":"","format":"standard","meta":{"42wp_featured_image_caption":"","42wp_featured_image_credits":"","42wp_featured_video":"","42wp_featured_image_hidden":false,"42wp_authors_list":[],"footnotes":""},"categories":[8],"tags":[11936,1488,1293,9621,520,9622],"42wp_author":[14239],"class_list":["post-5251","post","type-post","status-publish","format-standard","has-post-thumbnail","hentry","category-motogp","tag-giorgio-barbier","tag-grande-premio","tag-motogp","tag-motogp-2025","tag-pirelli","tag-temporada-2025-motogp","42wp_author-jp-otrosky"],"_links":{"self":[{"href":"https:\/\/grandepremio.com\/es\/wp-json\/wp\/v2\/posts\/5251","targetHints":{"allow":["GET"]}}],"collection":[{"href":"https:\/\/grandepremio.com\/es\/wp-json\/wp\/v2\/posts"}],"about":[{"href":"https:\/\/grandepremio.com\/es\/wp-json\/wp\/v2\/types\/post"}],"replies":[{"embeddable":true,"href":"https:\/\/grandepremio.com\/es\/wp-json\/wp\/v2\/comments?post=5251"}],"version-history":[{"count":0,"href":"https:\/\/grandepremio.com\/es\/wp-json\/wp\/v2\/posts\/5251\/revisions"}],"wp:featuredmedia":[{"embeddable":true,"href":"https:\/\/grandepremio.com\/es\/wp-json\/wp\/v2\/media\/1001013455"}],"wp:attachment":[{"href":"https:\/\/grandepremio.com\/es\/wp-json\/wp\/v2\/media?parent=5251"}],"wp:term":[{"taxonomy":"category","embeddable":true,"href":"https:\/\/grandepremio.com\/es\/wp-json\/wp\/v2\/categories?post=5251"},{"taxonomy":"post_tag","embeddable":true,"href":"https:\/\/grandepremio.com\/es\/wp-json\/wp\/v2\/tags?post=5251"},{"taxonomy":"42wp_author","embeddable":true,"href":"https:\/\/grandepremio.com\/es\/wp-json\/wp\/v2\/42wp_author?post=5251"}],"curies":[{"name":"wp","href":"https:\/\/api.w.org\/{rel}","templated":true}]}}