{"id":5289,"date":"2025-09-15T12:10:39","date_gmt":"2025-09-15T15:10:39","guid":{"rendered":"https:\/\/grandepremio.com\/es\/2025\/09\/15\/martin-celebra-avances-aprilia-test-misano-motogp-2025\/"},"modified":"2025-09-15T12:11:38","modified_gmt":"2025-09-15T15:11:38","slug":"martin-celebra-avances-aprilia-test-misano-motogp-2025","status":"publish","type":"post","link":"https:\/\/grandepremio.com\/es\/motogp\/martin-celebra-avances-aprilia-test-misano-motogp-2025\/","title":{"rendered":"Mart\u00edn celebra avances con Aprilia en los test de Misano: \u00abEra esto lo que buscaba\u00bb"},"content":{"rendered":"\n<p class=\"wp-block-paragraph\"><strong>Jorge Mart\u00edn<\/strong> realiz\u00f3 sus primeros test colectivos con <strong>Aprilia<\/strong> en la <strong>temporada 2025<\/strong> de <strong>MotoGP<\/strong> este lunes. El vigente campe\u00f3n del mundo no particip\u00f3 en las sesiones de <strong>Jerez<\/strong> y <strong>Arag\u00f3n<\/strong> debido a su recuperaci\u00f3n tras las numerosas lesiones sufridas en la primera mitad del campeonato. En <strong>Misano<\/strong>, sin embargo, celebr\u00f3 la oportunidad.<\/p>\n\n\n\n<p class=\"wp-block-paragraph\">\u201cEstoy contento. Hemos mejorado y nos acercamos cada vez m\u00e1s a los l\u00edderes. En la sesi\u00f3n matutina, termin\u00e9 a 0s2 del l\u00edder, y en cuanto a ritmo, creo que fue m\u00e1s o menos igual. Ayer estaba a 0s8. As\u00ed que seguimos trabajando para llegar donde quiero estar\u201d, declar\u00f3.<\/p>\n\n\n\n<p class=\"wp-block-paragraph\">\ud83d\udfe5&nbsp;<strong><em>\u00a1Todas las novedades te esperan en el canal de&nbsp;<\/em><\/strong><a href=\"https:\/\/www.youtube.com\/@GrandePremioES\"><em>YouTube<\/em><\/a><strong><em>&nbsp;de Grande Pr\u00eamio en Espa\u00f1ol!<\/em><\/strong>&nbsp;\ud83d\udfe8<\/p>\n\n\n\n<figure class=\"wp-block-image size-full\"><img decoding=\"async\" src=\"https:\/\/grandepremio.com\/es\/wp-content\/uploads\/..\/gp_br_uploads\/2025\/08\/SI202508230124-scaled.jpg\" alt=\"\" class=\"wp-image-359348\"\/><figcaption class=\"wp-element-caption\">Jorge Mart\u00edn destac\u00f3 mejoras en la moto de Aprilia en el test de Misano. (Foto: Red Bull Content Pool)<\/figcaption><\/figure>\n\n\n\n<p class=\"wp-block-paragraph\">\u23e9\u00a0<strong><em>\u00a1Seguinos en redes por\u00a0<\/em><\/strong><a href=\"https:\/\/twitter.com\/grandepremioES\"><em>Twitter\u00a0<\/em><\/a><strong><em>e\u00a0<\/em><\/strong><a href=\"https:\/\/www.instagram.com\/grandepremioes\/\"><em>Instagram!<\/em><\/a><br>\u23e9\u00a0<strong><em>Adem\u00e1s, tenemos nuestro\u00a0<\/em><\/strong><a href=\"https:\/\/whatsapp.com\/channel\/0029VaDZ5zb0gcfDxuwxBM05\"><em>canal de Whatsapp<\/em><\/a><strong><em>\u00a0con toda la informaci\u00f3n al instante<\/em><\/strong>\u00a0\ud83c\udfc1<\/p>\n\n\n\n<p class=\"wp-block-paragraph\">El piloto espa\u00f1ol tuvo problemas con la moto en la vuelta de formaci\u00f3n del <strong>GP de San Marino y Riviera di Rimini<\/strong>, lo que le oblig\u00f3 a completar una doble vuelta larga durante la carrera y a terminar la etapa en 13\u00aa posici\u00f3n. Hoy, el #1 prob\u00f3 diferentes configuraciones de la <strong>RS-GP 25<\/strong> y afirm\u00f3 que pudo mejorar con la moto.<\/p>\n\n\n\n<p class=\"wp-block-paragraph\">&#8220;No us\u00e9 componentes nuevos de alto rendimiento, pero prob\u00e9 una posici\u00f3n de manillar diferente que me gust\u00f3 mucho. Di un gran paso adelante en cuanto al control de la moto y gan\u00e9 mucha m\u00e1s estabilidad al frenar. La moto es m\u00e1s r\u00e1pida al cambiar de direcci\u00f3n&#8221;, dijo.<\/p>\n\n\n\n<p class=\"wp-block-paragraph\">&#8220;Eso era lo que buscaba. Me gust\u00f3 mucho. Ya la hab\u00eda probado en <strong>Austria<\/strong>, pero ten\u00eda dudas, y no se puede seguir probando durante el fin de semana de carreras&#8221;, a\u00f1adi\u00f3. &#8220;Segu\u00ed ajustando la configuraci\u00f3n y me sent\u00ed m\u00e1s c\u00f3modo. S\u00e9 que todos son m\u00e1s r\u00e1pidos que ayer, pero logr\u00e9 reducir mi ritmo de carrera unos 0s6 en comparaci\u00f3n con ayer&#8221;, concluy\u00f3 Mart\u00edn.<\/p>\n\n\n\n<p class=\"wp-block-paragraph\"><strong>MotoGP<\/strong>&nbsp;vuelve a la acci\u00f3n del 26 al 28 de septiembre en el&nbsp;<strong>GP de Jap\u00f3n<\/strong>, en&nbsp;<strong>Motegi<\/strong>, la 17\u00aa prueba de la&nbsp;<strong>temporada 2025<\/strong>.<\/p>\n\n\n\n<figure class=\"wp-block-embed is-type-video is-provider-youtube wp-block-embed-youtube wp-embed-aspect-16-9 wp-has-aspect-ratio\"><div class=\"wp-block-embed__wrapper\">\n<iframe loading=\"lazy\" title=\"McLAREN TORNA EDULCORADA LA DISPUTA NORRIS-PIASTRI EN F1\" width=\"500\" height=\"281\" src=\"https:\/\/www.youtube.com\/embed\/YT6x0PxKPxc?feature=oembed\" frameborder=\"0\" allow=\"accelerometer; autoplay; clipboard-write; encrypted-media; gyroscope; picture-in-picture; web-share\" referrerpolicy=\"strict-origin-when-cross-origin\" allowfullscreen><\/iframe>\n<\/div><\/figure>\n","protected":false},"excerpt":{"rendered":"<p>Jorge Mart\u00edn prob\u00f3 diferentes configuraciones de la RS-GP 25 y destac\u00f3 la ganancia en control, estabilidad en frenada y agilidad en los cambios de direcci\u00f3n.<\/p>\n","protected":false},"author":0,"featured_media":1010361911,"comment_status":"closed","ping_status":"closed","sticky":false,"template":"","format":"standard","meta":{"42wp_featured_image_caption":"","42wp_featured_image_credits":"","42wp_featured_video":"","42wp_featured_image_hidden":false,"42wp_authors_list":[],"footnotes":""},"categories":[8],"tags":[1394,12880,1526,1549,1293,9621,2199],"42wp_author":[14240],"class_list":["post-5289","post","type-post","status-publish","format-standard","has-post-thumbnail","hentry","category-motogp","tag-aprilia","tag-gp-de-san-marino-y-riviera-de-rimini","tag-jorge-martin","tag-misano","tag-motogp","tag-motogp-2025","tag-rs-gp","42wp_author-ignacio-bogado"],"_links":{"self":[{"href":"https:\/\/grandepremio.com\/es\/wp-json\/wp\/v2\/posts\/5289","targetHints":{"allow":["GET"]}}],"collection":[{"href":"https:\/\/grandepremio.com\/es\/wp-json\/wp\/v2\/posts"}],"about":[{"href":"https:\/\/grandepremio.com\/es\/wp-json\/wp\/v2\/types\/post"}],"replies":[{"embeddable":true,"href":"https:\/\/grandepremio.com\/es\/wp-json\/wp\/v2\/comments?post=5289"}],"version-history":[{"count":0,"href":"https:\/\/grandepremio.com\/es\/wp-json\/wp\/v2\/posts\/5289\/revisions"}],"wp:featuredmedia":[{"embeddable":true,"href":"https:\/\/grandepremio.com\/es\/wp-json\/wp\/v2\/media\/1010361911"}],"wp:attachment":[{"href":"https:\/\/grandepremio.com\/es\/wp-json\/wp\/v2\/media?parent=5289"}],"wp:term":[{"taxonomy":"category","embeddable":true,"href":"https:\/\/grandepremio.com\/es\/wp-json\/wp\/v2\/categories?post=5289"},{"taxonomy":"post_tag","embeddable":true,"href":"https:\/\/grandepremio.com\/es\/wp-json\/wp\/v2\/tags?post=5289"},{"taxonomy":"42wp_author","embeddable":true,"href":"https:\/\/grandepremio.com\/es\/wp-json\/wp\/v2\/42wp_author?post=5289"}],"curies":[{"name":"wp","href":"https:\/\/api.w.org\/{rel}","templated":true}]}}