{"id":5317,"date":"2025-09-13T11:44:13","date_gmt":"2025-09-13T14:44:13","guid":{"rendered":"https:\/\/grandepremio.com\/es\/2025\/09\/13\/fia-acepta-williams-quita-sancion-sainz-zandvoort\/"},"modified":"2025-09-13T11:44:17","modified_gmt":"2025-09-13T14:44:17","slug":"fia-acepta-williams-quita-sancion-sainz-zandvoort","status":"publish","type":"post","link":"https:\/\/grandepremio.com\/es\/f1\/fia-acepta-williams-quita-sancion-sainz-zandvoort\/","title":{"rendered":"FIA acepta el pedido de Williams y quita los puntos de sanci\u00f3n a Sainz de Zandvoort"},"content":{"rendered":"\n<p class=\"wp-block-paragraph\"><strong>Williams<\/strong> le hab\u00eda solicitado a la Federaci\u00f3n Internacional del Autom\u00f3vil (<strong>FIA<\/strong>) que revisara los dos puntos de penalizaci\u00f3n en la superlicencia de <strong>Carlos Sainz<\/strong> por un toque con <strong>Liam Lawson<\/strong>, por el cual le hab\u00edan aplicado un recargo en la carrera de la <strong>F\u00f3rmula 1 <\/strong>en <strong>Zandvoort<\/strong> de diez segundos.<\/p>\n\n\n\n<p class=\"wp-block-paragraph\">\ud83d\udfe5&nbsp;<strong><em>\u00a1Todas las novedades te esperan en el canal de&nbsp;<\/em><\/strong><a href=\"https:\/\/www.youtube.com\/@GrandePremioES\"><em>YouTube<\/em><\/a><strong><em>&nbsp;de Grande Pr\u00eamio en Espa\u00f1ol!<\/em><\/strong>&nbsp;\ud83d\udfe8<\/p>\n\n\n\n<p class=\"wp-block-paragraph\">Si bien se hizo lugar a que se quitara la sanci\u00f3n de los dos puntos de sanci\u00f3n, que fueron devueltos, como se cumpli\u00f3 la sanci\u00f3n en el <strong>GP de Pa\u00edses Bajos<\/strong>, los diez segundos no se pueden agregar nuevamente al resultado final. Sainz estuvo presente en la videoconferencia organizada por la entidad rectora y se destac\u00f3 junto a <strong>Sven Smeets<\/strong>, el director deportivo de la escuder\u00eda de Grove.<\/p>\n\n\n\n<p class=\"wp-block-paragraph\">Bajo la direcci\u00f3n de Tim Malyon, director deportivo de la<strong> F1 2025<\/strong>, el equipo <strong>Racing Bulls<\/strong> tambi\u00e9n presenci\u00f3 la llamada virtual con Marco Perrone (gerente del equipo) y con Lawson. Adem\u00e1s de ellos, estuvieron presentes los comisarios del GP de los Pa\u00edses Bajos: Nish Shetty, Pedro Lamy, Matthew Selley y Natalie Corsmit.<\/p>\n\n\n\n<p class=\"wp-block-paragraph\">El equipo de <strong>James Vowles<\/strong> present\u00f3 unas im\u00e1genes de la c\u00e1mara 360\u00b0 del auto de Sainz y, tambi\u00e9n, del coche de Lawson, para demostrar que hab\u00eda evidencia nueva a ser revisada, algo que ocurri\u00f3. La argumentaci\u00f3n de la escuder\u00eda fue que no estaban disponibles en la carrera en vivo y se hizo lugar a la solicitud. En la maniobra, se pudo demostrar que el neozeland\u00e9s choca al espa\u00f1ol en la parte delantera del coche.<\/p>\n\n\n\n<figure class=\"wp-block-embed is-type-video is-provider-youtube wp-block-embed-youtube wp-embed-aspect-16-9 wp-has-aspect-ratio\"><div class=\"wp-block-embed__wrapper\">\n<iframe loading=\"lazy\" title=\"McLAREN TORNA EDULCORADA LA DISPUTA NORRIS-PIASTRI EN F1\" width=\"500\" height=\"281\" src=\"https:\/\/www.youtube.com\/embed\/YT6x0PxKPxc?feature=oembed\" frameborder=\"0\" allow=\"accelerometer; autoplay; clipboard-write; encrypted-media; gyroscope; picture-in-picture; web-share\" referrerpolicy=\"strict-origin-when-cross-origin\" allowfullscreen><\/iframe>\n<\/div><\/figure>\n\n\n\n<p class=\"wp-block-paragraph\">Finalmente, la FIA entendi\u00f3 que Lawson perdi\u00f3 el control del auto y eso provoc\u00f3 el incidente con Carlos, luego de que el #55 dejara un espacio para la maniobra que fue considerado suficiente para devolver los dos puntos de superlicencia. El equipo destac\u00f3 a los comisarios de la FIA que consideraba el incidente como un toque de carrera. El piloto espa\u00f1ol sigui\u00f3 la misma l\u00ednea, aunque dijo que no se esperaba el problema de Liam con su auto.<\/p>\n\n\n\n<p class=\"wp-block-paragraph\">M\u00e1s all\u00e1 de lo expuesto, para Racing Bulls, Sainz no ten\u00eda espacio por fuera y que el toque se produjo porque el espa\u00f1ol estaba muy cerca en la curva 1 de Zandvoort. Sin embargo, la entidad madre del automovilismo consider\u00f3 suficientes las pruebas para revertir la penalizaci\u00f3n al #55 post carrera.<\/p>\n\n\n\n<p class=\"wp-block-paragraph\">\u23e9&nbsp;<strong><em>\u00a1Seguinos en redes por&nbsp;<\/em><\/strong><a href=\"https:\/\/twitter.com\/grandepremioES\"><em>Twitter&nbsp;<\/em><\/a><strong><em>e&nbsp;<\/em><\/strong><a href=\"https:\/\/www.instagram.com\/grandepremioes\/\"><em>Instagram!<br><\/em><\/a>\u23e9&nbsp;<strong><em>Adem\u00e1s, tenemos nuestro&nbsp;<\/em><\/strong><a href=\"https:\/\/whatsapp.com\/channel\/0029VaDZ5zb0gcfDxuwxBM05\"><em>canal de Whatsapp<\/em><\/a><strong><em>&nbsp;con toda la informaci\u00f3n al instante<\/em><\/strong>&nbsp;\ud83c\udfc1<\/p>\n\n\n\n<p class=\"wp-block-paragraph\">La F\u00f3rmula 1 vuelve del 19 al 21 de septiembre con el Gran Premio de Azerbaiy\u00e1n, la 17.\u00aa prueba de la temporada 2025. Cobertura de GRANDE PREMIO en Espa\u00f1ol.<\/p>\n","protected":false},"excerpt":{"rendered":"<p>Tras la solicitud de revisi\u00f3n de Williams, la FIA dio marcha atr\u00e1s y retir\u00f3 la penalizaci\u00f3n a Carlos Sainz que se aplic\u00f3 en el Gran Premio de Pa\u00edses Bajos de la F\u00f3rmula 1, disputado hace unas semanas. <\/p>\n","protected":false},"author":0,"featured_media":1010363625,"comment_status":"closed","ping_status":"closed","sticky":false,"template":"","format":"standard","meta":{"42wp_featured_image_caption":"","42wp_featured_image_credits":"","42wp_featured_video":"","42wp_featured_image_hidden":false,"42wp_authors_list":[],"footnotes":""},"categories":[5],"tags":[302,1710,263,179,1574,8644,279,9812,4040,204,808],"42wp_author":[14237],"class_list":["post-5317","post","type-post","status-publish","format-standard","has-post-thumbnail","hentry","category-f1","tag-carlos-sainz","tag-f1-2025","tag-fia","tag-formula-1","tag-gp-de-paises-bajos","tag-james-vowles-williams","tag-liam-lawson","tag-racing-bulls","tag-sven-smeets","tag-williams","tag-zandvoort","42wp_author-gabriel-garcia"],"_links":{"self":[{"href":"https:\/\/grandepremio.com\/es\/wp-json\/wp\/v2\/posts\/5317","targetHints":{"allow":["GET"]}}],"collection":[{"href":"https:\/\/grandepremio.com\/es\/wp-json\/wp\/v2\/posts"}],"about":[{"href":"https:\/\/grandepremio.com\/es\/wp-json\/wp\/v2\/types\/post"}],"replies":[{"embeddable":true,"href":"https:\/\/grandepremio.com\/es\/wp-json\/wp\/v2\/comments?post=5317"}],"version-history":[{"count":0,"href":"https:\/\/grandepremio.com\/es\/wp-json\/wp\/v2\/posts\/5317\/revisions"}],"wp:featuredmedia":[{"embeddable":true,"href":"https:\/\/grandepremio.com\/es\/wp-json\/wp\/v2\/media\/1010363625"}],"wp:attachment":[{"href":"https:\/\/grandepremio.com\/es\/wp-json\/wp\/v2\/media?parent=5317"}],"wp:term":[{"taxonomy":"category","embeddable":true,"href":"https:\/\/grandepremio.com\/es\/wp-json\/wp\/v2\/categories?post=5317"},{"taxonomy":"post_tag","embeddable":true,"href":"https:\/\/grandepremio.com\/es\/wp-json\/wp\/v2\/tags?post=5317"},{"taxonomy":"42wp_author","embeddable":true,"href":"https:\/\/grandepremio.com\/es\/wp-json\/wp\/v2\/42wp_author?post=5317"}],"curies":[{"name":"wp","href":"https:\/\/api.w.org\/{rel}","templated":true}]}}