{"id":5331,"date":"2025-09-12T09:43:25","date_gmt":"2025-09-12T12:43:25","guid":{"rendered":"https:\/\/grandepremio.com\/es\/2025\/09\/12\/almansa-entrenamiento-moto3-misano-perrone-4\/"},"modified":"2025-09-12T09:43:28","modified_gmt":"2025-09-12T12:43:28","slug":"almansa-entrenamiento-moto3-misano-perrone-4","status":"publish","type":"post","link":"https:\/\/grandepremio.com\/es\/motogp\/almansa-entrenamiento-moto3-misano-perrone-4\/","title":{"rendered":"Almansa encabeza el entrenamiento de Moto3 en Misano; Perrone pasa a Q2 en 4\u00b0 puesto"},"content":{"rendered":"\n<p class=\"wp-block-paragraph\">Ha comenzado una nueva cita para <strong>Moto3<\/strong> en el <strong>GP de San Marino<\/strong> en el <strong>Circuito Marco Simoncelli<\/strong> en <strong>Misano <\/strong>con <strong>David Almansa<\/strong> al tope de los tiempos con 1:40.596 y su compa\u00f1ero de equipo, <strong>Adri\u00e1n Fern\u00e1ndez<\/strong>, complet\u00f3 el 1-2 del equipo Leopard en el entrenamiento de viernes.<\/p>\n\n\n\n<p class=\"wp-block-paragraph\"><strong>Joel Kelso<\/strong>, <strong>Valent\u00edn Perrone<\/strong>, <strong>Jos\u00e9 Antonio Rueda<\/strong>, <strong>M\u00e1ximo Quiles<\/strong>, Taiyo Furusato, Jacob Roulstone, <strong>David Mu\u00f1oz<\/strong> y Ryusei Yamanaka completaron el grupo de los diez primeros. Adem\u00e1s de ellos, los otros cuatro clasificados para la Q2 fueron: <strong>Guido Pini<\/strong>, <strong>\u00c1ngel Piqueras<\/strong>, Dennis Foggia y Scott Ogden.<\/p>\n\n\n\n<p class=\"wp-block-paragraph\">Moto3 volver\u00e1 ma\u00f1ana a las pistas con la FP2, mientras que la Q1 comenzar\u00e1 a las 7:45 y la Q2 se iniciar\u00e1 desde las 8:10, en hora de Brasilia y Buenos Aires. GRANDE PR\u00caMIO ofrece una cobertura completa del evento.<\/p>\n\n\n\n<p class=\"wp-block-paragraph\">\u23e9&nbsp;<strong><em>\u00a1Seguinos en redes por&nbsp;<\/em><\/strong><a href=\"https:\/\/twitter.com\/grandepremioES\"><em>Twitter&nbsp;<\/em><\/a><strong><em>e&nbsp;<\/em><\/strong><a href=\"https:\/\/www.instagram.com\/grandepremioes\/\"><em>Instagram!<br><\/em><\/a>\u23e9&nbsp;<strong><em>Adem\u00e1s, tenemos nuestro&nbsp;<\/em><\/strong><a href=\"https:\/\/whatsapp.com\/channel\/0029VaDZ5zb0gcfDxuwxBM05\"><em>canal de Whatsapp<\/em><\/a><strong><em>&nbsp;con toda la informaci\u00f3n al instante<\/em><\/strong>&nbsp;\ud83c\udfc1<\/p>\n\n\n\n<figure class=\"wp-block-image size-large\"><img decoding=\"async\" src=\"https:\/\/grandepremio.com\/es\/wp-content\/uploads\/2025\/09\/2025-M3-Perrone-BalatonPark-055-1024x683.jpg\" alt=\"\" class=\"wp-image-363442\"\/><figcaption class=\"wp-element-caption\">Valent\u00edn Perrone pas\u00f3 a la Q2 en la cuarta posici\u00f3n. (Foto: Tech3)<\/figcaption><\/figure>\n\n\n\n<p class=\"wp-block-paragraph\"><strong><u>As\u00ed se desarroll\u00f3 el entrenamiento de Moto3 en Misano:<\/u><\/strong><\/p>\n\n\n\n<p class=\"wp-block-paragraph\">El clima se mantuvo soleado en Misano para el entrenamiento del viernes que divide a los pilotos en la Q1 y Q2 para el s\u00e1bado, con unas temperaturas similares a las de la FP1 de <strong>MotoGP<\/strong>, con 28 grados en el ambiente y 36 en la pista, con una humedad del 44% y vientos de 8 km\/h.<\/p>\n\n\n\n<p class=\"wp-block-paragraph\">Los pilotos salieron a la pista para los 35 minutos de actividad y definir los 14 clasificados para la Q2 de la clasificaci\u00f3n, y quien comenz\u00f3 liderando el d\u00eda fue Almansa, con 1:41.427, seguido por Piqueras, Mu\u00f1oz, Furusato y Roulstone. Aunque Mu\u00f1oz baj\u00f3 el tiempo, nuevamente el piloto del Leopard qued\u00f3 primero con 1:41.009.<\/p>\n\n\n\n<p class=\"wp-block-paragraph\"><strong>Noah Dettwiler<\/strong> fue el primero en caer en la tanda, poco antes de que el l\u00edder del campeonato, Jos\u00e9 Antonio Rueda, apareciera para colarse entre los cinco primeros, aunque lejos de Almansa, y luego cay\u00f3 hasta la s\u00e9ptima posici\u00f3n.<\/p>\n\n\n\n<p class=\"wp-block-paragraph\">A continuaci\u00f3n, los pilotos se dirigieron a los boxes y realizaron los \u00faltimos ajustes para los diez minutos finales de la sesi\u00f3n de entrenamientos, con el fin de definir los clasificados para la Q2. A cinco minutos del final de la sesi\u00f3n, Almansa segu\u00eda en cabeza en Misano.<\/p>\n\n\n\n<p class=\"wp-block-paragraph\">\ud83d\udfe5&nbsp;<strong><em>\u00a1Todas las novedades te esperan en el canal de&nbsp;<\/em><\/strong><a href=\"https:\/\/www.youtube.com\/@GrandePremioES\"><em>YouTube<\/em><\/a><strong><em>&nbsp;de Grande Pr\u00eamio en Espa\u00f1ol!<\/em><\/strong>&nbsp;\ud83d\udfe8<\/p>\n\n\n\n<p class=\"wp-block-paragraph\">Finalmente, el equipo Leopard se impuso este viernes con el 1:40.596 de Almansa, que le hizo casi medio segundo a Fern\u00e1ndez, que fue segundo, en tanto que Joel Kelso finaliz\u00f3 tercero, a 0.514, y fue cuatro mil\u00e9simas m\u00e1s r\u00e1pido que Valent\u00edn Perrone, cuarto al cierre de la tanda. Luego, se ubicaron as\u00ed hasta el d\u00e9cimo: Rueda, Quiles, Furusato, Roulstone, Mu\u00f1oz y Yamanaka.<\/p>\n\n\n\n<h2 class=\"wp-block-heading\" id=\"h-moto3-2025-gp-de-san-marino-treino-livre-resultado-final\"><strong>Moto3 2025, GP de San Marino, Entrenamiento, Resultado:<\/strong><\/h2>\n\n\n\n<figure class=\"wp-block-table\"><table class=\"has-fixed-layout\"><tbody><tr><td>POS<\/td><td>Piloto<\/td><td>Equipo<\/td><td>Tiempo<\/td><td>Dif<\/td><\/tr><tr><td>1<\/td><td>D ALMANSA<\/td><td>Leopard Racing Honda<\/td><td>1:40.596<\/td><td>&nbsp;<\/td><\/tr><tr><td>2<\/td><td>A FERN\u00c1NDEZ<\/td><td>Leopard Racing Honda<\/td><td>1:41.094<\/td><td>+0.498<\/td><\/tr><tr><td>3<\/td><td>J KELSO<\/td><td>Level Up \u2013 MTA KTM<\/td><td>1:41.110<\/td><td>+0.514<\/td><\/tr><tr><td><strong>4<\/strong><\/td><td><strong>V PERRONE<\/strong><\/td><td><strong>Tech3 KTM<\/strong><\/td><td><strong>1:41.114<\/strong><\/td><td><strong>+0.518<\/strong><\/td><\/tr><tr><td>5<\/td><td>JA RUEDA<\/td><td>Red Bull KTM Ajo<\/td><td>1:41.219<\/td><td>+0.623<\/td><\/tr><tr><td>6<\/td><td>M QUILES<\/td><td>Aspar Team<\/td><td>1:41.272<\/td><td>+0.676<\/td><\/tr><tr><td>7<\/td><td>T FURUSATO<\/td><td>Honda Team Asia<\/td><td>1:41.303<\/td><td>+0.707<\/td><\/tr><tr><td>8<\/td><td>J ROULSTONE<\/td><td>Tech3 KTM<\/td><td>1:41.332<\/td><td>+0.736<\/td><\/tr><tr><td>9<\/td><td>D MU\u00d1OZ<\/td><td>IntactGP Husqvarna<\/td><td>1:41.353<\/td><td>+0.757<\/td><\/tr><tr><td>10<\/td><td>R YAMANAKA<\/td><td>MSi KTM<\/td><td>1:41.366<\/td><td>+0.770<\/td><\/tr><tr><td>11<\/td><td>G PINI<\/td><td>IntactGP Husqvarna<\/td><td>1:41.393<\/td><td>+0.797<\/td><\/tr><tr><td>12<\/td><td>A PIQUERAS<\/td><td>MSi KTM<\/td><td>1:41.595<\/td><td>+0.999<\/td><\/tr><tr><td>13<\/td><td>D FOGGIA<\/td><td>Aspar Team<\/td><td>1:41.701<\/td><td>+1.105<\/td><\/tr><tr><td>14<\/td><td>S OGDEN<\/td><td>CIP Green Power KTM<\/td><td>1:41.706<\/td><td>+1.110<\/td><\/tr><tr><td>15<\/td><td>L LUNETTA<\/td><td>Sic58 Squadra Corse Honda<\/td><td>1:41.760<\/td><td>+1.164<\/td><\/tr><tr><td>16<\/td><td>N CARRARO<\/td><td>Rivacold Honda<\/td><td>1:41.809<\/td><td>+1.213<\/td><\/tr><tr><td>17<\/td><td>E O\u2019SHEA<\/td><td>Mlav Racing Honda<\/td><td>1:42.184<\/td><td>+1.588<\/td><\/tr><tr><td>18<\/td><td>R MOODLEY<\/td><td>Denssi Racing KTM<\/td><td>1:42.226<\/td><td>+1.630<\/td><\/tr><tr><td>19<\/td><td>C BUCHANAN<\/td><td>Denssi Racing KTM<\/td><td>1:42.239<\/td><td>+1.643<\/td><\/tr><tr><td>20<\/td><td>M URIARTE<\/td><td>Level Up \u2013 MTA KTM<\/td><td>1:42.776<\/td><td>+2.180<\/td><\/tr><tr><td>21<\/td><td>R ROSSI<\/td><td>Rivacold Honda<\/td><td>1:42.846<\/td><td>+2.250<\/td><\/tr><tr><td>22<\/td><td>S NEPA<\/td><td>Squadra Corse Honda<\/td><td>1:42.952<\/td><td>+2.356<\/td><\/tr><tr><td>23<\/td><td>E BELFORD<\/td><td>Mlav Honda<\/td><td>1:43.002<\/td><td>+2.406<\/td><\/tr><tr><td>24<\/td><td>A ADITAMA<\/td><td>Honda Team Asia<\/td><td>1:43.225<\/td><td>+2.629<\/td><\/tr><tr><td>25<\/td><td>A CARPE<\/td><td>Red Bull KTM Ajo<\/td><td>1:43.438<\/td><td>+2.842<\/td><\/tr><tr><td>26<\/td><td>N DETTWILER<\/td><td>CIP Green Power KTM<\/td><td>1:43.669<\/td><td>+3.073<\/td><\/tr><tr><td>27<\/td><td>M RUDA<\/td><td>Mlav Honda<\/td><td>1:44.113<\/td><td>+3.517<\/td><\/tr><\/tbody><\/table><\/figure>\n","protected":false},"excerpt":{"rendered":"<p>La categor\u00eda de Moto3 fue la primera que acab\u00f3 sus actividades para el Gran Premio de San Marino de este viernes con el 1-2 del equipo Leopard y David Almansa al tope de la tabla de tiempos. Valent\u00edn Perrone finaliz\u00f3 la jornada en cuarto puesto.<\/p>\n","protected":false},"author":0,"featured_media":1010363413,"comment_status":"closed","ping_status":"closed","sticky":false,"template":"","format":"standard","meta":{"42wp_featured_image_caption":"","42wp_featured_image_credits":"","42wp_featured_video":"","42wp_featured_image_hidden":false,"42wp_authors_list":[],"footnotes":""},"categories":[8],"tags":[3361,11778,3307,12070,12074,1550,12072,12071,12068,11777,1549,1366,1293,10848],"42wp_author":[14237],"class_list":["post-5331","post","type-post","status-publish","format-standard","has-post-thumbnail","hentry","category-motogp","tag-adrian-fernandez","tag-angel-piqueras","tag-circuito-marco-simoncelli","tag-david-almansa","tag-david-munoz","tag-gp-de-san-marino","tag-guido-pini","tag-joel-kelso","tag-jose-antonio-rueda","tag-maximo-quiles","tag-misano","tag-moto3","tag-motogp","tag-valentin-perrone","42wp_author-gabriel-garcia"],"_links":{"self":[{"href":"https:\/\/grandepremio.com\/es\/wp-json\/wp\/v2\/posts\/5331","targetHints":{"allow":["GET"]}}],"collection":[{"href":"https:\/\/grandepremio.com\/es\/wp-json\/wp\/v2\/posts"}],"about":[{"href":"https:\/\/grandepremio.com\/es\/wp-json\/wp\/v2\/types\/post"}],"replies":[{"embeddable":true,"href":"https:\/\/grandepremio.com\/es\/wp-json\/wp\/v2\/comments?post=5331"}],"version-history":[{"count":0,"href":"https:\/\/grandepremio.com\/es\/wp-json\/wp\/v2\/posts\/5331\/revisions"}],"wp:featuredmedia":[{"embeddable":true,"href":"https:\/\/grandepremio.com\/es\/wp-json\/wp\/v2\/media\/1010363413"}],"wp:attachment":[{"href":"https:\/\/grandepremio.com\/es\/wp-json\/wp\/v2\/media?parent=5331"}],"wp:term":[{"taxonomy":"category","embeddable":true,"href":"https:\/\/grandepremio.com\/es\/wp-json\/wp\/v2\/categories?post=5331"},{"taxonomy":"post_tag","embeddable":true,"href":"https:\/\/grandepremio.com\/es\/wp-json\/wp\/v2\/tags?post=5331"},{"taxonomy":"42wp_author","embeddable":true,"href":"https:\/\/grandepremio.com\/es\/wp-json\/wp\/v2\/42wp_author?post=5331"}],"curies":[{"name":"wp","href":"https:\/\/api.w.org\/{rel}","templated":true}]}}