{"id":5337,"date":"2025-09-11T14:48:11","date_gmt":"2025-09-11T17:48:11","guid":{"rendered":"https:\/\/grandepremio.com\/es\/2025\/09\/11\/ford-critica-horner-elogia-enfoque-sin-drama-verstappen-proyecto-2026\/"},"modified":"2025-09-11T14:48:15","modified_gmt":"2025-09-11T17:48:15","slug":"ford-critica-horner-elogia-enfoque-sin-drama-verstappen-proyecto-2026","status":"publish","type":"post","link":"https:\/\/grandepremio.com\/es\/f1\/ford-critica-horner-elogia-enfoque-sin-drama-verstappen-proyecto-2026\/","title":{"rendered":"Ford critica a Horner y elogia el enfoque \u00absin drama\u00bb de Verstappen en el proyecto de 2026"},"content":{"rendered":"\n<p class=\"wp-block-paragraph\"><strong>Jim Farley<\/strong>, CEO de <strong>Ford<\/strong>, habl\u00f3 sobre el desarrollo de la unidad de potencia de <strong>Red Bull Powertrains<\/strong> para <strong>2026<\/strong> y destac\u00f3 la importancia de <strong>Max Verstappen<\/strong>, elogiando su compromiso con el proyecto. Tambi\u00e9n critic\u00f3 indirectamente el ambiente que rodea a <strong>Red Bull<\/strong> bajo la direcci\u00f3n de <strong>Christian Horner<\/strong>, se\u00f1alando que el equipo ahora opera con mayor unidad y enfoque con <strong>Laurent Mekies<\/strong> al mando.<\/p>\n\n\n\n<p class=\"wp-block-paragraph\">La marca estadounidense se uni\u00f3 con el equipo austr\u00edaco para desarrollar los nuevos motores que debutar\u00e1n el pr\u00f3ximo a\u00f1o. Las unidades tendr\u00e1n energ\u00eda el\u00e9ctrica que representar\u00e1 el 50% de la potencia total (frente al 20% actual) y utilizar\u00e1n combustible 100% sostenible. Farley enfatiz\u00f3 que Verstappen se ha convertido en un pilar esencial del proyecto y que su enfoque en las operaciones diarias del equipo ha impresionado al fabricante estadounidense.<\/p>\n\n\n\n<p class=\"wp-block-paragraph\">\ud83d\udfe5&nbsp;<strong><em>\u00a1Todas las novedades te esperan en el canal de&nbsp;<\/em><\/strong><a href=\"https:\/\/www.youtube.com\/@GrandePremioES\"><em>YouTube<\/em><\/a><strong><em>&nbsp;de Grande Pr\u00eamio en Espa\u00f1ol!<\/em><\/strong>&nbsp;\ud83d\udfe8<\/p>\n\n\n\n<figure class=\"wp-block-embed is-type-video is-provider-youtube wp-block-embed-youtube wp-embed-aspect-16-9 wp-has-aspect-ratio\"><div class=\"wp-block-embed__wrapper\">\n<iframe loading=\"lazy\" title=\"McLAREN TORNA EDULCORADA LA DISPUTA NORRIS-PIASTRI EN F1\" width=\"500\" height=\"281\" src=\"https:\/\/www.youtube.com\/embed\/YT6x0PxKPxc?feature=oembed\" frameborder=\"0\" allow=\"accelerometer; autoplay; clipboard-write; encrypted-media; gyroscope; picture-in-picture; web-share\" referrerpolicy=\"strict-origin-when-cross-origin\" allowfullscreen><\/iframe>\n<\/div><\/figure>\n\n\n\n<p class=\"wp-block-paragraph\">Adem\u00e1s de elogiar al neerland\u00e9s, el director del fabricante estadounidense compar\u00f3 el ambiente del equipo este a\u00f1o con el de <strong>2024<\/strong>. Para el CEO, el equipo de <strong>Milton Keynes<\/strong> se volvi\u00f3 m\u00e1s cohesionado desde que Mekies asumi\u00f3 la direcci\u00f3n, reemplazando a Horner.<\/p>\n\n\n\n<p class=\"wp-block-paragraph\">&#8220;Max es uno de los pilares m\u00e1s importantes del \u00e9xito de la unidad de potencia. Todos en Ford le hemos tenido un gran respeto, vi\u00e9ndolo este a\u00f1o. Ha aportado estabilidad sin dramas en un entorno donde todos se esfuerzan por hacer su trabajo&#8221;, declar\u00f3 a <em>Sky Sports News<\/em>.<\/p>\n\n\n\n<p class=\"wp-block-paragraph\">&#8220;Puedo verlo claramente en sus ojos hoy, comparado con el a\u00f1o pasado. Es una de las mejores cosas de Laurent y su equipo. Todos tienen un profundo compromiso mutuo&#8221;, a\u00f1adi\u00f3.<\/p>\n\n\n\n<figure class=\"wp-block-image size-full\"><img decoding=\"async\" src=\"https:\/\/grandepremio.com\/es\/wp-content\/uploads\/2025\/08\/bahrain-2025-f1-teste-pre-temporada-red-bull-racing-christian-horner-01-scaled-1-e1755191885719.webp\" alt=\"\" class=\"wp-image-357914\"\/><figcaption class=\"wp-element-caption\">Jim Farley critic\u00f3 el ambiente de Red Bull bajo la gesti\u00f3n de Horner. (Foto: Red Bull Content Pool)<\/figcaption><\/figure>\n\n\n\n<p class=\"wp-block-paragraph\">\u23e9\u00a0<strong><em>\u00a1Seguinos en redes por\u00a0<\/em><\/strong><a href=\"https:\/\/twitter.com\/grandepremioES\"><em>Twitter\u00a0<\/em><\/a><strong><em>e\u00a0<\/em><\/strong><a href=\"https:\/\/www.instagram.com\/grandepremioes\/\"><em>Instagram!<\/em><\/a><br>\u23e9\u00a0<strong><em>Adem\u00e1s, tenemos nuestro\u00a0<\/em><\/strong><a href=\"https:\/\/whatsapp.com\/channel\/0029VaDZ5zb0gcfDxuwxBM05\"><em>canal de Whatsapp<\/em><\/a><strong><em>\u00a0con toda la informaci\u00f3n al instante<\/em><\/strong>\u00a0\ud83c\udfc1<\/p>\n\n\n\n<p class=\"wp-block-paragraph\">Los elogios para el tetracampe\u00f3n no se limitaron a Ford. A pesar de considerar el proyecto deficiente en comparaci\u00f3n con sus principales rivales, Mekies tambi\u00e9n destac\u00f3 la participaci\u00f3n del tetracampe\u00f3n en el desarrollo de los coches y motores de 2026.<\/p>\n\n\n\n<p class=\"wp-block-paragraph\">&#8220;Max est\u00e1 haciendo mucho m\u00e1s que simplemente pedir n\u00fameros. Contribuye al proyecto fuera del coche, haciendo pruebas en el simulador y trabajando con los ingenieros para comprender c\u00f3mo desarrollar el modelo 2026, d\u00f3nde buscar potencia y d\u00f3nde buscar carga aerodin\u00e1mica. Sin duda, quiere un coche r\u00e1pido el a\u00f1o que viene, y est\u00e1 haciendo todo lo posible, tanto dentro como fuera del auto, para conseguirlo&#8221;, explic\u00f3.<\/p>\n\n\n\n<p class=\"wp-block-paragraph\">La&nbsp;<strong>F\u00f3rmula 1<\/strong>&nbsp;regresa del 19 al 21 de septiembre con el&nbsp;<strong>Gran Premio de Azerbaiy\u00e1n<\/strong>, la 17\u00aa prueba de la temporada 2025, en el circuito callejero de&nbsp;<strong>Bak\u00fa<\/strong>.<\/p>\n","protected":false},"excerpt":{"rendered":"<p>El CEO de Ford, Jim Farley, destac\u00f3 la importancia de Max Verstappen en el desarrollo de motores para 2026 y dijo que ve a Red Bull m\u00e1s unido bajo el liderazgo de Laurent Mekies.<\/p>\n","protected":false},"author":0,"featured_media":1010362967,"comment_status":"closed","ping_status":"closed","sticky":false,"template":"","format":"standard","meta":{"42wp_featured_image_caption":"","42wp_featured_image_credits":"","42wp_featured_video":"","42wp_featured_image_hidden":false,"42wp_authors_list":[],"footnotes":""},"categories":[5],"tags":[1336,1710,2111,179,9787,1753,249,206,7930],"42wp_author":[14240],"class_list":["post-5337","post","type-post","status-publish","format-standard","has-post-thumbnail","hentry","category-f1","tag-christian-horner","tag-f1-2025","tag-ford","tag-formula-1","tag-jim-farley","tag-laurent-mekies","tag-max-verstappen","tag-red-bull","tag-reglamento-2026","42wp_author-ignacio-bogado"],"_links":{"self":[{"href":"https:\/\/grandepremio.com\/es\/wp-json\/wp\/v2\/posts\/5337","targetHints":{"allow":["GET"]}}],"collection":[{"href":"https:\/\/grandepremio.com\/es\/wp-json\/wp\/v2\/posts"}],"about":[{"href":"https:\/\/grandepremio.com\/es\/wp-json\/wp\/v2\/types\/post"}],"replies":[{"embeddable":true,"href":"https:\/\/grandepremio.com\/es\/wp-json\/wp\/v2\/comments?post=5337"}],"version-history":[{"count":0,"href":"https:\/\/grandepremio.com\/es\/wp-json\/wp\/v2\/posts\/5337\/revisions"}],"wp:featuredmedia":[{"embeddable":true,"href":"https:\/\/grandepremio.com\/es\/wp-json\/wp\/v2\/media\/1010362967"}],"wp:attachment":[{"href":"https:\/\/grandepremio.com\/es\/wp-json\/wp\/v2\/media?parent=5337"}],"wp:term":[{"taxonomy":"category","embeddable":true,"href":"https:\/\/grandepremio.com\/es\/wp-json\/wp\/v2\/categories?post=5337"},{"taxonomy":"post_tag","embeddable":true,"href":"https:\/\/grandepremio.com\/es\/wp-json\/wp\/v2\/tags?post=5337"},{"taxonomy":"42wp_author","embeddable":true,"href":"https:\/\/grandepremio.com\/es\/wp-json\/wp\/v2\/42wp_author?post=5337"}],"curies":[{"name":"wp","href":"https:\/\/api.w.org\/{rel}","templated":true}]}}