{"id":5344,"date":"2025-09-11T11:15:37","date_gmt":"2025-09-11T14:15:37","guid":{"rendered":"https:\/\/grandepremio.com\/es\/2025\/09\/11\/trident-anuncio-fichaje-freddie-slater-temporada-2026-f3\/"},"modified":"2025-09-11T11:15:40","modified_gmt":"2025-09-11T14:15:40","slug":"trident-anuncio-fichaje-freddie-slater-temporada-2026-f3","status":"publish","type":"post","link":"https:\/\/grandepremio.com\/es\/f3\/trident-anuncio-fichaje-freddie-slater-temporada-2026-f3\/","title":{"rendered":"Trident anuncia a Slater como primer piloto para la temporada 2026 de F3"},"content":{"rendered":"\n<p class=\"wp-block-paragraph\">Considerado uno de los talentos m\u00e1s prometedores del automovilismo mundial, <strong>Freddie Slater<\/strong> firm\u00f3 con Trident para competir en la <strong>F\u00f3rmula 3<\/strong> a partir de la temporada 2026. El brit\u00e1nico de 17 a\u00f1os, sin embargo, ya tuvo su primera experiencia en el campeonato en 2025, al participar en las fechas de <strong>Bahrein <\/strong>y <strong>B\u00e9lgica<\/strong>, con <strong>AIX <\/strong>y <strong>Hitech<\/strong>, respectivamente.<\/p>\n\n\n\n<p class=\"wp-block-paragraph\">\ud83d\udfe5&nbsp;<strong><em>\u00a1Todas las novedades te esperan en el canal de&nbsp;<\/em><\/strong><a href=\"https:\/\/www.youtube.com\/@GrandePremioES\"><em>YouTube<\/em><\/a><strong><em>&nbsp;de Grande Pr\u00eamio en Espa\u00f1ol!<\/em><\/strong>&nbsp;\ud83d\udfe8<\/p>\n\n\n\n<p class=\"wp-block-paragraph\">\u00abEstamos muy contentos de anunciar nuestro acuerdo con <strong>Freddie Slater <\/strong>para la temporada 2026 de la <strong>F\u00f3rmula 3<\/strong> de la <strong>FIA. Freddie<\/strong> es un piloto talentoso que demostr\u00f3 constantemente estar entre los mejores en todas las categor\u00edas en las que compiti\u00f3, desde el karting hasta los monoplazas\u00bb, elogi\u00f3 <strong>Giacomo Ricci<\/strong>, jefe del equipo italiano.<\/p>\n\n\n\n<p class=\"wp-block-paragraph\">\u00abEs un gran honor para nosotros darle la bienvenida al equipo, y estamos convencidos de que un piloto de su calibre aportar\u00e1 un valor significativo a toda la organizaci\u00f3n\u00bb, concluy\u00f3.<\/p>\n\n\n\n<p class=\"wp-block-paragraph\">\u23e9\u00a0<strong><em>\u00a1Seguinos en redes por\u00a0<\/em><\/strong><a href=\"https:\/\/twitter.com\/grandepremioES\"><em>Twitter\u00a0<\/em><\/a><strong><em>e\u00a0<\/em><\/strong><a href=\"https:\/\/www.instagram.com\/grandepremioes\/\"><em>Instagram!<\/em><\/a><br>\u23e9\u00a0<strong><em>Adem\u00e1s, tenemos nuestro\u00a0<\/em><\/strong><a href=\"https:\/\/whatsapp.com\/channel\/0029VaDZ5zb0gcfDxuwxBM05\"><em>canal de Whatsapp<\/em><\/a><strong><em>\u00a0con toda la informaci\u00f3n al instante<\/em><\/strong>\u00a0\ud83c\udfc1<\/p>\n\n\n\n<figure class=\"wp-block-image size-full\"><img decoding=\"async\" src=\"https:\/\/grandepremio.com\/es\/wp-content\/uploads\/..\/gp_br_uploads\/2025\/07\/F3-2025-HITECH-FREDDIE-SLATER.jpg\" alt=\"\" class=\"wp-image-352905\"\/><figcaption class=\"wp-element-caption\">Freddie Slater es considerado uno de los mayores talentos juveniles del automovilismo en los \u00faltimos a\u00f1os (Foto: Hitech)<\/figcaption><\/figure>\n\n\n\n<p class=\"wp-block-paragraph\">El a\u00f1o pasado, <strong>Slater <\/strong>llam\u00f3 la atenci\u00f3n al ganar el t\u00edtulo de <strong>F\u00f3rmula 4<\/strong> de <strong>Italia <\/strong>y de los <strong>Emiratos \u00c1rabes Unidos<\/strong>, adem\u00e1s de quedar en segunda posici\u00f3n en el campeonato <strong>Euro 4<\/strong>. En 2025, termin\u00f3 la <strong>F\u00f3rmula Regional de Oriente Medio<\/strong> en segunda posici\u00f3n, mientras compite en la <strong>GB3 <\/strong>y la <strong>FRECA<\/strong>.<\/p>\n\n\n\n<p class=\"wp-block-paragraph\">\u00abEs emocionante comenzar una nueva aventura con un nuevo equipo. <strong>Trident <\/strong>tuvo mucho \u00e9xito en los \u00faltimos a\u00f1os, as\u00ed que poder unirme a un equipo como este me hace sentir muy agradecido por la oportunidad. Espero que tengamos una buena temporada juntos\u00bb, declar\u00f3 Freddie.<\/p>\n\n\n\n<p class=\"wp-block-paragraph\">Con la temporada 2025 ya finalizada, la&nbsp;<strong>F\u00f3rmula 3<\/strong>&nbsp;volver\u00e1 a la acci\u00f3n entre el 7 y 8 de octubre para realizar los test de postemporada en&nbsp;<strong>Jerez de la Frontera, Espa\u00f1a<\/strong>. La temporada 2026 comenzar\u00e1 en&nbsp;<strong>Melbourne, Australia<\/strong>&nbsp;el 8 de marzo.<\/p>\n\n\n\n<figure class=\"wp-block-embed is-type-video is-provider-youtube wp-block-embed-youtube wp-embed-aspect-16-9 wp-has-aspect-ratio\"><div class=\"wp-block-embed__wrapper\">\n<iframe loading=\"lazy\" title=\"McLAREN Y UNA ORDEN INS\u00d3LITA PARA BENEFICIAR A NORRIS EN MONZA\" width=\"500\" height=\"281\" src=\"https:\/\/www.youtube.com\/embed\/6TD3b-RWTYI?feature=oembed\" frameborder=\"0\" allow=\"accelerometer; autoplay; clipboard-write; encrypted-media; gyroscope; picture-in-picture; web-share\" referrerpolicy=\"strict-origin-when-cross-origin\" allowfullscreen><\/iframe>\n<\/div><\/figure>\n","protected":false},"excerpt":{"rendered":"<p>Este jueves, Trident anunci\u00f3 a Freddie Slater como primer piloto del equipo para la temporada 2026 de F\u00f3rmula 3.<\/p>\n","protected":false},"author":0,"featured_media":1010363313,"comment_status":"closed","ping_status":"closed","sticky":false,"template":"","format":"standard","meta":{"42wp_featured_image_caption":"","42wp_featured_image_credits":"","42wp_featured_video":"","42wp_featured_image_hidden":false,"42wp_authors_list":[],"footnotes":""},"categories":[4],"tags":[277,10958,12745,10990,11261,10935,1488,10991,12879,283],"42wp_author":[14239],"class_list":["post-5344","post","type-post","status-publish","format-standard","has-post-thumbnail","hentry","category-f3","tag-f3","tag-f3-2025","tag-f3-2026","tag-formula-3-2025","tag-formula-3-2026","tag-freddie-slater","tag-grande-premio","tag-temporada-2025-f3","tag-temporada-2026-f3","tag-trident","42wp_author-jp-otrosky"],"_links":{"self":[{"href":"https:\/\/grandepremio.com\/es\/wp-json\/wp\/v2\/posts\/5344","targetHints":{"allow":["GET"]}}],"collection":[{"href":"https:\/\/grandepremio.com\/es\/wp-json\/wp\/v2\/posts"}],"about":[{"href":"https:\/\/grandepremio.com\/es\/wp-json\/wp\/v2\/types\/post"}],"replies":[{"embeddable":true,"href":"https:\/\/grandepremio.com\/es\/wp-json\/wp\/v2\/comments?post=5344"}],"version-history":[{"count":0,"href":"https:\/\/grandepremio.com\/es\/wp-json\/wp\/v2\/posts\/5344\/revisions"}],"wp:featuredmedia":[{"embeddable":true,"href":"https:\/\/grandepremio.com\/es\/wp-json\/wp\/v2\/media\/1010363313"}],"wp:attachment":[{"href":"https:\/\/grandepremio.com\/es\/wp-json\/wp\/v2\/media?parent=5344"}],"wp:term":[{"taxonomy":"category","embeddable":true,"href":"https:\/\/grandepremio.com\/es\/wp-json\/wp\/v2\/categories?post=5344"},{"taxonomy":"post_tag","embeddable":true,"href":"https:\/\/grandepremio.com\/es\/wp-json\/wp\/v2\/tags?post=5344"},{"taxonomy":"42wp_author","embeddable":true,"href":"https:\/\/grandepremio.com\/es\/wp-json\/wp\/v2\/42wp_author?post=5344"}],"curies":[{"name":"wp","href":"https:\/\/api.w.org\/{rel}","templated":true}]}}