{"id":5348,"date":"2025-09-11T09:40:11","date_gmt":"2025-09-11T12:40:11","guid":{"rendered":"https:\/\/grandepremio.com\/es\/2025\/09\/11\/max-verstappen-red-bull-participacion-indy-500-rally-dakar-f1\/"},"modified":"2025-09-11T09:40:15","modified_gmt":"2025-09-11T12:40:15","slug":"max-verstappen-red-bull-participacion-indy-500-rally-dakar-f1","status":"publish","type":"post","link":"https:\/\/grandepremio.com\/es\/f1\/max-verstappen-red-bull-participacion-indy-500-rally-dakar-f1\/","title":{"rendered":"Verstappen ve un &#8220;riesgo innecesario&#8221; y descarta participar en Indy 500 o el Dakar"},"content":{"rendered":"\n<p class=\"wp-block-paragraph\"><strong>Max Verstappen<\/strong> es un entusiasta de las carreras y le gusta aventurarse en diferentes proyectos. Sin embargo, no tiene planes de competir en carreras emblem\u00e1ticas, como las <strong>500 Millas de Indian\u00e1polis<\/strong> y el <strong>Rally Dakar<\/strong>. Seg\u00fan el tetracampe\u00f3n, los pilotos ya arriesgan mucho su vida en la <strong>F\u00f3rmula 1<\/strong> y no hay necesidad de arriesgarse despu\u00e9s de dejar la categor\u00eda.<\/p>\n\n\n\n<p class=\"wp-block-paragraph\">\ud83d\udfe5&nbsp;<strong><em>\u00a1Todas las novedades te esperan en el canal de&nbsp;<\/em><\/strong><a href=\"https:\/\/www.youtube.com\/@GrandePremioES\"><em>YouTube<\/em><\/a><strong><em>&nbsp;de Grande Pr\u00eamio en Espa\u00f1ol!<\/em><\/strong>&nbsp;\ud83d\udfe8<\/p>\n\n\n\n<p class=\"wp-block-paragraph\"><strong>Verstappen <\/strong>es un apasionado de la competici\u00f3n y, cuando no est\u00e1 en la <strong>F1<\/strong>, le gusta pasar el tiempo pilotando en simuladores y haciendo pruebas con coches de otras categor\u00edas. Adem\u00e1s de tener un equipo de competici\u00f3n en el automovilismo virtual, el cuatro veces campe\u00f3n planea disputar una carrera de resistencia en <strong>N\u00fcrburgring<\/strong> durante las vacaciones de la <strong>F1<\/strong>.<\/p>\n\n\n\n<p class=\"wp-block-paragraph\">Adem\u00e1s, <strong>Verstappen <\/strong>no oculta su deseo de disputar las <strong>24 Horas de Le Mans<\/strong> en alg\u00fan momento de su carrera. De hecho, ya tuvo conversaciones con <strong>Alonso <\/strong>para un proyecto en el futuro. El neerland\u00e9s incluso propuso el cuarteto ideal, que estar\u00eda compuesto por su padre <strong>Jos <\/strong>y <strong>Nyck de Vries<\/strong>.<\/p>\n\n\n\n<p class=\"wp-block-paragraph\">\u23e9\u00a0<strong><em>\u00a1Seguinos en redes por\u00a0<\/em><\/strong><a href=\"https:\/\/twitter.com\/grandepremioES\"><em>Twitter\u00a0<\/em><\/a><strong><em>e\u00a0<\/em><\/strong><a href=\"https:\/\/www.instagram.com\/grandepremioes\/\"><em>Instagram!<\/em><\/a><br>\u23e9\u00a0<strong><em>Adem\u00e1s, tenemos nuestro\u00a0<\/em><\/strong><a href=\"https:\/\/whatsapp.com\/channel\/0029VaDZ5zb0gcfDxuwxBM05\"><em>canal de Whatsapp<\/em><\/a><strong><em>\u00a0con toda la informaci\u00f3n al instante<\/em><\/strong>\u00a0\ud83c\udfc1<\/p>\n\n\n\n<figure class=\"wp-block-image size-large\"><img decoding=\"async\" src=\"https:\/\/grandepremio.com\/es\/wp-content\/uploads\/2025\/09\/italia-2025-f1-classificacao-red-bull-max-verstappen-afp-21-1200x800-1-1024x683.jpg\" alt=\"\" class=\"wp-image-363280\"\/><figcaption class=\"wp-element-caption\">Max Verstappen tiene planes fuera de la F1, pero descarta participar en la Indy 500 o el Rally Dakar (Foto: AFP)<\/figcaption><\/figure>\n\n\n\n<p class=\"wp-block-paragraph\">El espa\u00f1ol, adem\u00e1s de haber ganado las <strong>24 Horas de Le Mans<\/strong>, particip\u00f3 en las <strong>500 Millas de Indian\u00e1polis<\/strong> y el <strong>Rally Dakar<\/strong>. Pero en una entrevista con <em>Mundo Deportivo<\/em>, <strong>Verstappen <\/strong>neg\u00f3 la posibilidad de aventurarse en carreras que considera m\u00e1s peligrosas.<\/p>\n\n\n\n<p class=\"wp-block-paragraph\">\u00abDir\u00eda que no vale la pena correr el riesgo de competir all\u00ed. Despu\u00e9s de la <strong>F1<\/strong>, ya arriesgaste demasiado tu vida durante muchos a\u00f1os. As\u00ed que es solo un riesgo m\u00e1s que, en mi opini\u00f3n, llega un momento en el que ya no vale la pena correr\u00bb, declar\u00f3.<\/p>\n\n\n\n<p class=\"wp-block-paragraph\">La&nbsp;<strong>F1&nbsp;<\/strong>regresa a la acci\u00f3n entre el 19 y 21 de septiembre con el&nbsp;<strong>GP de Azerbaiy\u00e1n<\/strong>, decimos\u00e9ptima fecha de la temporada 2025, que se disputar\u00e1 en el&nbsp;<strong>Circuito Urbano de Bak\u00fa<\/strong>. GRANDE PREMIO en ESPA\u00d1OL realizar\u00e1 una cobertura completa del evento.<\/p>\n\n\n\n<figure class=\"wp-block-embed is-type-video is-provider-youtube wp-block-embed-youtube wp-embed-aspect-16-9 wp-has-aspect-ratio\"><div class=\"wp-block-embed__wrapper\">\n<iframe loading=\"lazy\" title=\"McLAREN Y UNA ORDEN INS\u00d3LITA PARA BENEFICIAR A NORRIS EN MONZA\" width=\"500\" height=\"281\" src=\"https:\/\/www.youtube.com\/embed\/6TD3b-RWTYI?feature=oembed\" frameborder=\"0\" allow=\"accelerometer; autoplay; clipboard-write; encrypted-media; gyroscope; picture-in-picture; web-share\" referrerpolicy=\"strict-origin-when-cross-origin\" allowfullscreen><\/iframe>\n<\/div><\/figure>\n","protected":false},"excerpt":{"rendered":"<p>Max Verstappen es un apasionado de las carreras y tiene planes de aventurarse en otras categor\u00edas, pero no se ve compitiendo en la Indy 500 ni en el Rally Dakar.<\/p>\n","protected":false},"author":0,"featured_media":1010362201,"comment_status":"closed","ping_status":"closed","sticky":false,"template":"","format":"standard","meta":{"42wp_featured_image_caption":"","42wp_featured_image_credits":"","42wp_featured_video":"","42wp_featured_image_hidden":false,"42wp_authors_list":[],"footnotes":""},"categories":[5],"tags":[598,319,181,1710,179,8059,1488,249,1956,206,9647],"42wp_author":[14239],"class_list":["post-5348","post","type-post","status-publish","format-standard","has-post-thumbnail","hentry","category-f1","tag-500-millas-de-indianapolis","tag-dakar","tag-f1","tag-f1-2025","tag-formula-1","tag-formula-1-2025","tag-grande-premio","tag-max-verstappen","tag-rally-dakar","tag-red-bull","tag-temporada-2025-f1","42wp_author-jp-otrosky"],"_links":{"self":[{"href":"https:\/\/grandepremio.com\/es\/wp-json\/wp\/v2\/posts\/5348","targetHints":{"allow":["GET"]}}],"collection":[{"href":"https:\/\/grandepremio.com\/es\/wp-json\/wp\/v2\/posts"}],"about":[{"href":"https:\/\/grandepremio.com\/es\/wp-json\/wp\/v2\/types\/post"}],"replies":[{"embeddable":true,"href":"https:\/\/grandepremio.com\/es\/wp-json\/wp\/v2\/comments?post=5348"}],"version-history":[{"count":0,"href":"https:\/\/grandepremio.com\/es\/wp-json\/wp\/v2\/posts\/5348\/revisions"}],"wp:featuredmedia":[{"embeddable":true,"href":"https:\/\/grandepremio.com\/es\/wp-json\/wp\/v2\/media\/1010362201"}],"wp:attachment":[{"href":"https:\/\/grandepremio.com\/es\/wp-json\/wp\/v2\/media?parent=5348"}],"wp:term":[{"taxonomy":"category","embeddable":true,"href":"https:\/\/grandepremio.com\/es\/wp-json\/wp\/v2\/categories?post=5348"},{"taxonomy":"post_tag","embeddable":true,"href":"https:\/\/grandepremio.com\/es\/wp-json\/wp\/v2\/tags?post=5348"},{"taxonomy":"42wp_author","embeddable":true,"href":"https:\/\/grandepremio.com\/es\/wp-json\/wp\/v2\/42wp_author?post=5348"}],"curies":[{"name":"wp","href":"https:\/\/api.w.org\/{rel}","templated":true}]}}