{"id":5404,"date":"2025-09-07T12:34:01","date_gmt":"2025-09-07T15:34:01","guid":{"rendered":"https:\/\/grandepremio.com\/es\/2025\/09\/07\/lando-norris-mclaren-gran-premio-italia-f1-2025\/"},"modified":"2025-09-07T13:55:59","modified_gmt":"2025-09-07T16:55:59","slug":"lando-norris-mclaren-gran-premio-italia-f1-2025","status":"publish","type":"post","link":"https:\/\/grandepremio.com\/es\/f1\/lando-norris-mclaren-gran-premio-italia-f1-2025\/","title":{"rendered":"Norris evita hablar sobre orden de equipo y ve un &#8220;resultado positivo&#8221; en el GP de Italia"},"content":{"rendered":"\n<p class=\"wp-block-paragraph\"><strong>Lando Norris<\/strong> qued\u00f3 en segundo lugar en el <strong>Gran Premio de Italia<\/strong>, celebrado este domingo. El brit\u00e1nico destac\u00f3 el ritmo de <strong>Red Bull<\/strong> y <strong>Max Verstappen<\/strong> y evit\u00f3 hablar sobre el cambio de posiciones ordenado por <strong>McLaren <\/strong>tras la lenta parada en boxes. Tambi\u00e9n subray\u00f3 que la segunda posici\u00f3n era el mejor resultado posible.<\/p>\n\n\n\n<p class=\"wp-block-paragraph\">\ud83d\udfe5&nbsp;<strong><em>\u00a1Todas las novedades te esperan en el canal de&nbsp;<\/em><\/strong><a href=\"https:\/\/www.youtube.com\/@GrandePremioES\"><em>YouTube<\/em><\/a><strong><em>&nbsp;de Grande Pr\u00eamio en Espa\u00f1ol!<\/em><\/strong>&nbsp;\ud83d\udfe8<\/p>\n\n\n\n<figure class=\"wp-block-embed is-type-video is-provider-youtube wp-block-embed-youtube wp-embed-aspect-16-9 wp-has-aspect-ratio\"><div class=\"wp-block-embed__wrapper\">\n<iframe loading=\"lazy\" title=\"McLAREN Y UNA ORDEN INS\u00d3LITA PARA BENEFICIAR A NORRIS EN MONZA\" width=\"500\" height=\"281\" src=\"https:\/\/www.youtube.com\/embed\/6TD3b-RWTYI?feature=oembed\" frameborder=\"0\" allow=\"accelerometer; autoplay; clipboard-write; encrypted-media; gyroscope; picture-in-picture; web-share\" referrerpolicy=\"strict-origin-when-cross-origin\" allowfullscreen><\/iframe>\n<\/div><\/figure>\n\n\n\n<p class=\"wp-block-paragraph\"><strong>Norris <\/strong>lleg\u00f3 a liderar en <strong>Monza<\/strong>, cuando <strong>Verstappen <\/strong>cedi\u00f3 la posici\u00f3n por cortar la chicana en la salida. Sin embargo, el #4 fue superado vueltas despu\u00e9s por el tetracampe\u00f3n y no volvi\u00f3 a dar pelea en la lucha por la victoria.<\/p>\n\n\n\n<p class=\"wp-block-paragraph\"><strong>McLaren <\/strong>opt\u00f3 por cambiar los neum\u00e1ticos cerca del final de la carrera, y <strong>Piastri<\/strong>, que estaba detr\u00e1s de <strong>Lando<\/strong>, se detuvo primero. Debido a la lenta parada en boxes, el australiano volvi\u00f3 a ponerse en cabeza, pero el equipo le pidi\u00f3 que devolviera la posici\u00f3n, orden que fue obedecida.<\/p>\n\n\n\n<p class=\"wp-block-paragraph\">\u00abSiempre supe que ser\u00eda una buena lucha con <strong>Max<\/strong>, y as\u00ed fue (en la salida). Fue muy divertido, pero hoy su velocidad y la de <strong>Red Bull<\/strong> fueron superiores\u00bb, declar\u00f3 <strong>Lando<\/strong>.<\/p>\n\n\n\n<p class=\"wp-block-paragraph\">\u23e9&nbsp;<strong><em>\u00a1Seguinos en redes por&nbsp;<\/em><\/strong><a href=\"https:\/\/twitter.com\/grandepremioES\"><em>Twitter&nbsp;<\/em><\/a><strong><em>e&nbsp;<\/em><\/strong><a href=\"https:\/\/www.instagram.com\/grandepremioes\/\"><em>Instagram!<\/em><\/a><br>\u23e9&nbsp;<strong><em>Adem\u00e1s, tenemos nuestro&nbsp;<\/em><\/strong><a href=\"https:\/\/whatsapp.com\/channel\/0029VaDZ5zb0gcfDxuwxBM05\"><em>canal de Whatsapp<\/em><\/a><strong><em>&nbsp;con toda la informaci\u00f3n al instante<\/em><\/strong>&nbsp;\ud83c\udfc1<\/p>\n\n\n\n<figure class=\"wp-block-image size-full\"><img decoding=\"async\" src=\"https:\/\/grandepremio.com\/es\/wp-content\/uploads\/..\/gp_br_uploads\/2025\/09\/italia-2025-f1-corrida-mclaren-lando-norris-01.jpeg\" alt=\"\" class=\"wp-image-362661\"\/><figcaption class=\"wp-element-caption\">Lando Norris evit\u00f3 hablar sobre la orden de equipo de McLaren (Foto: McLaren)<\/figcaption><\/figure>\n\n\n\n<p class=\"wp-block-paragraph\">\u00abFue una carrera complicada, uno de los primeros fines de semana en los que fuimos un poco m\u00e1s lentos. Pero a\u00fan as\u00ed fue divertido, sigui\u00f3 siendo una buena carrera, as\u00ed que me gust\u00f3\u00bb, destac\u00f3.<\/p>\n\n\n\n<p class=\"wp-block-paragraph\">\u00abNo tengo ni idea (sobre la lentitud de la parada en boxes). Sent\u00ed que estuve all\u00ed bastante tiempo. De vez en cuando cometemos errores como equipo y hoy fue uno de ellos\u00bb, admiti\u00f3.<\/p>\n\n\n\n<p class=\"wp-block-paragraph\">\u00abHice todo lo que pude hoy, no podr\u00eda haber hecho mucho m\u00e1s. Intent\u00e9 luchar contra <strong>Max<\/strong>. Hicimos una buena carrera y \u00e9l gan\u00f3. El segundo lugar fue nuestro mejor resultado posible y tengo que seguir haciendo lo que estoy haciendo\u00bb, concluy\u00f3.<\/p>\n\n\n\n<p class=\"wp-block-paragraph\">La&nbsp;<strong>F1&nbsp;<\/strong>regresa a la acci\u00f3n entre el 19 y 21 de septiembre con el&nbsp;<strong>GP de Azerbaiy\u00e1n<\/strong>, decimos\u00e9ptima fecha de la temporada 2025, que se disputar\u00e1 en el&nbsp;<strong>Circuito Urbano de Bak\u00fa<\/strong>. GRANDE PREMIO en ESPA\u00d1OL realizar\u00e1 una cobertura completa del evento.<\/p>\n","protected":false},"excerpt":{"rendered":"<p>Lando Norris, segundo clasificado en el Gran Premio de Italia, evit\u00f3 hablar sobre las \u00f3rdenes de equipo de McLaren y admiti\u00f3 que el ritmo de Max Verstappen fue superior en Monza.<\/p>\n","protected":false},"author":0,"featured_media":1010362696,"comment_status":"closed","ping_status":"closed","sticky":false,"template":"","format":"standard","meta":{"42wp_featured_image_caption":"","42wp_featured_image_credits":"","42wp_featured_video":"","42wp_featured_image_hidden":false,"42wp_authors_list":[],"footnotes":""},"categories":[5],"tags":[181,1710,179,8059,12856,1488,268,249,269,206,9647],"42wp_author":[14239],"class_list":["post-5404","post","type-post","status-publish","format-standard","has-post-thumbnail","hentry","category-f1","tag-f1","tag-f1-2025","tag-formula-1","tag-formula-1-2025","tag-gp-de-italia-2025","tag-grande-premio","tag-lando-norris","tag-max-verstappen","tag-mclaren","tag-red-bull","tag-temporada-2025-f1","42wp_author-jp-otrosky"],"_links":{"self":[{"href":"https:\/\/grandepremio.com\/es\/wp-json\/wp\/v2\/posts\/5404","targetHints":{"allow":["GET"]}}],"collection":[{"href":"https:\/\/grandepremio.com\/es\/wp-json\/wp\/v2\/posts"}],"about":[{"href":"https:\/\/grandepremio.com\/es\/wp-json\/wp\/v2\/types\/post"}],"replies":[{"embeddable":true,"href":"https:\/\/grandepremio.com\/es\/wp-json\/wp\/v2\/comments?post=5404"}],"version-history":[{"count":0,"href":"https:\/\/grandepremio.com\/es\/wp-json\/wp\/v2\/posts\/5404\/revisions"}],"wp:featuredmedia":[{"embeddable":true,"href":"https:\/\/grandepremio.com\/es\/wp-json\/wp\/v2\/media\/1010362696"}],"wp:attachment":[{"href":"https:\/\/grandepremio.com\/es\/wp-json\/wp\/v2\/media?parent=5404"}],"wp:term":[{"taxonomy":"category","embeddable":true,"href":"https:\/\/grandepremio.com\/es\/wp-json\/wp\/v2\/categories?post=5404"},{"taxonomy":"post_tag","embeddable":true,"href":"https:\/\/grandepremio.com\/es\/wp-json\/wp\/v2\/tags?post=5404"},{"taxonomy":"42wp_author","embeddable":true,"href":"https:\/\/grandepremio.com\/es\/wp-json\/wp\/v2\/42wp_author?post=5404"}],"curies":[{"name":"wp","href":"https:\/\/api.w.org\/{rel}","templated":true}]}}