{"id":5413,"date":"2025-09-07T08:22:57","date_gmt":"2025-09-07T11:22:57","guid":{"rendered":"https:\/\/grandepremio.com\/es\/2025\/09\/07\/pierre-gasly-alpine-cambio-motor-salida-boxes-gp-italia-f1-2025\/"},"modified":"2025-09-07T08:22:59","modified_gmt":"2025-09-07T11:22:59","slug":"pierre-gasly-alpine-cambio-motor-salida-boxes-gp-italia-f1-2025","status":"publish","type":"post","link":"https:\/\/grandepremio.com\/es\/f1\/pierre-gasly-alpine-cambio-motor-salida-boxes-gp-italia-f1-2025\/","title":{"rendered":"Gasly cambia el motor de su Alpine e inicia el GP de Italia desde boxes"},"content":{"rendered":"\n<p class=\"wp-block-paragraph\"><strong>Pierre Gasly<\/strong> tendr\u00e1 que salir desde los boxes en el <strong>Gran Premio de Italia<\/strong>, en <strong>Monza<\/strong>, despu\u00e9s de que <strong>Alpine <\/strong>realizara cambios fuera del l\u00edmite reglamentario en su unidad de potencia. La decisi\u00f3n fue confirmada por la <strong>Federaci\u00f3n Internacional del Autom\u00f3vil (FIA)<\/strong> en documentos oficiales publicados este domingo.<\/p>\n\n\n\n<p class=\"wp-block-paragraph\">\ud83d\udfe5&nbsp;<strong><em>\u00a1Todas las novedades te esperan en el canal de&nbsp;<\/em><\/strong><a href=\"https:\/\/www.youtube.com\/@GrandePremioES\"><em>YouTube<\/em><\/a><strong><em>&nbsp;de Grande Pr\u00eamio en Espa\u00f1ol!<\/em><\/strong>&nbsp;\ud83d\udfe8<\/p>\n\n\n\n<p class=\"wp-block-paragraph\">Seg\u00fan los comisarios, <strong>Gasly <\/strong>recibi\u00f3 la quinta unidad de varios componentes del motor, incluyendo el <strong>motor de combusti\u00f3n interna<\/strong>, el <strong>turbo<\/strong>, el <strong>MGU-H<\/strong> y el <strong>MGU-K<\/strong>, todos ellos por encima del l\u00edmite de cuatro permitido por el reglamento de 2025.<\/p>\n\n\n\n<p class=\"wp-block-paragraph\">Adem\u00e1s, tambi\u00e9n se cambiaron el <strong>sistema de escape<\/strong>, la <strong>electr\u00f3nica <\/strong>de control y otros elementos de la <strong>unidad de potencia<\/strong>, nuevamente en una cantidad superior a la permitida. La <strong>FIA <\/strong>tambi\u00e9n destac\u00f3 que los cambios se realizaron sin la aprobaci\u00f3n del delegado t\u00e9cnico, lo que obliga a <strong>Gasly <\/strong>a cumplir con la m\u00e1xima sanci\u00f3n prevista en el reglamento: la salida desde el pitlane.<\/p>\n\n\n\n<p class=\"wp-block-paragraph\">\u23e9\u00a0<strong><em>\u00a1Seguinos en redes por\u00a0<\/em><\/strong><a href=\"https:\/\/twitter.com\/grandepremioES\"><em>Twitter\u00a0<\/em><\/a><strong><em>e\u00a0<\/em><\/strong><a href=\"https:\/\/www.instagram.com\/grandepremioes\/\"><em>Instagram!<\/em><\/a><br>\u23e9\u00a0<strong><em>Adem\u00e1s, tenemos nuestro\u00a0<\/em><\/strong><a href=\"https:\/\/whatsapp.com\/channel\/0029VaDZ5zb0gcfDxuwxBM05\"><em>canal de Whatsapp<\/em><\/a><strong><em>\u00a0con toda la informaci\u00f3n al instante<\/em><\/strong>\u00a0\ud83c\udfc1<\/p>\n\n\n\n<figure class=\"wp-block-image size-full\"><img decoding=\"async\" src=\"https:\/\/grandepremio.com\/es\/wp-content\/uploads\/..\/gp_br_uploads\/2025\/09\/italia-2025-f1-classificacao-alpine-pierre-gasly-afp-20.jpg\" alt=\"\" class=\"wp-image-362467\"\/><figcaption class=\"wp-element-caption\">Pierre Gasly (Foto: AFP)<\/figcaption><\/figure>\n\n\n\n<p class=\"wp-block-paragraph\">Con ello, <strong>Gasly <\/strong>tendr\u00e1 una dura misi\u00f3n en <strong>Monza<\/strong>. Adem\u00e1s de salir desde los boxes, el piloto de <strong>Alpine <\/strong>se enfrenta a un coche que ha mostrado un ritmo bastante limitado a lo largo del fin de semana, con dificultades para acercarse a la zona de puntos.<\/p>\n\n\n\n<p class=\"wp-block-paragraph\"><strong>Isack Hadjar<\/strong>, de <strong>Racing Bulls<\/strong>, tambi\u00e9n recibi\u00f3 la misma sanci\u00f3n por cambios similares. El franc\u00e9s ya hab\u00eda sido sancionado anteriormente, quedando solo por confirmar el cumplimiento de la penalizaci\u00f3n.<\/p>\n\n\n\n<p class=\"wp-block-paragraph\">La&nbsp;<strong>F\u00f3rmula 1<\/strong>&nbsp;disputa este fin de semana el&nbsp;<strong>Gran Premio de Italia<\/strong>, 16\u00aa fecha de la&nbsp;<strong>temporada 2025<\/strong>, en el circuito de&nbsp;<strong>Monza<\/strong>.<\/p>\n","protected":false},"excerpt":{"rendered":"<p>Alpine cambi\u00f3 casi por completo el motor de Pierre Gasly y, como consecuencia, el franc\u00e9s saldr\u00e1 desde boxes en Monza. Isack Hadjar tambi\u00e9n sale desde el pitlane.<\/p>\n","protected":false},"author":0,"featured_media":1010362589,"comment_status":"closed","ping_status":"closed","sticky":false,"template":"","format":"standard","meta":{"42wp_featured_image_caption":"","42wp_featured_image_credits":"","42wp_featured_video":"","42wp_featured_image_hidden":false,"42wp_authors_list":[],"footnotes":""},"categories":[5],"tags":[678,181,1710,179,8059,12856,1488,2300,427,9812,9647],"42wp_author":[14239],"class_list":["post-5413","post","type-post","status-publish","format-standard","has-post-thumbnail","hentry","category-f1","tag-alpine","tag-f1","tag-f1-2025","tag-formula-1","tag-formula-1-2025","tag-gp-de-italia-2025","tag-grande-premio","tag-isack-hadjar","tag-pierre-gasly","tag-racing-bulls","tag-temporada-2025-f1","42wp_author-jp-otrosky"],"_links":{"self":[{"href":"https:\/\/grandepremio.com\/es\/wp-json\/wp\/v2\/posts\/5413","targetHints":{"allow":["GET"]}}],"collection":[{"href":"https:\/\/grandepremio.com\/es\/wp-json\/wp\/v2\/posts"}],"about":[{"href":"https:\/\/grandepremio.com\/es\/wp-json\/wp\/v2\/types\/post"}],"replies":[{"embeddable":true,"href":"https:\/\/grandepremio.com\/es\/wp-json\/wp\/v2\/comments?post=5413"}],"version-history":[{"count":0,"href":"https:\/\/grandepremio.com\/es\/wp-json\/wp\/v2\/posts\/5413\/revisions"}],"wp:featuredmedia":[{"embeddable":true,"href":"https:\/\/grandepremio.com\/es\/wp-json\/wp\/v2\/media\/1010362589"}],"wp:attachment":[{"href":"https:\/\/grandepremio.com\/es\/wp-json\/wp\/v2\/media?parent=5413"}],"wp:term":[{"taxonomy":"category","embeddable":true,"href":"https:\/\/grandepremio.com\/es\/wp-json\/wp\/v2\/categories?post=5413"},{"taxonomy":"post_tag","embeddable":true,"href":"https:\/\/grandepremio.com\/es\/wp-json\/wp\/v2\/tags?post=5413"},{"taxonomy":"42wp_author","embeddable":true,"href":"https:\/\/grandepremio.com\/es\/wp-json\/wp\/v2\/42wp_author?post=5413"}],"curies":[{"name":"wp","href":"https:\/\/api.w.org\/{rel}","templated":true}]}}