{"id":5428,"date":"2025-09-06T12:01:59","date_gmt":"2025-09-06T15:01:59","guid":{"rendered":"https:\/\/grandepremio.com\/es\/2025\/09\/06\/tim-tramnitz-sancion-perdida-victoria-carrera-sprint-f3-monza\/"},"modified":"2025-09-06T12:02:01","modified_gmt":"2025-09-06T15:02:01","slug":"tim-tramnitz-sancion-perdida-victoria-carrera-sprint-f3-monza","status":"publish","type":"post","link":"https:\/\/grandepremio.com\/es\/f3\/tim-tramnitz-sancion-perdida-victoria-carrera-sprint-f3-monza\/","title":{"rendered":"Tramnitz es sancionado y Bilinski hereda la victoria en el sprint de F3 en Italia"},"content":{"rendered":"\n<p class=\"wp-block-paragraph\"><a href=\"https:\/\/grandepremio.com\/es\/f3\/tim-tramnitz-victoria-sprint-formula-3-monza\/\">Tras ganar la carrera sprint de F\u00f3rmula 3 en Italia, <\/a><strong>Tim Tramnitz<\/strong> recibi\u00f3 una penalizaci\u00f3n de 10 segundos por infringir el procedimiento de salida y cay\u00f3 a la 20.\u00aa posici\u00f3n. Como resultado, <strong>Roman Bilinski<\/strong>, que termin\u00f3 en segunda posici\u00f3n, hered\u00f3 la victoria.<\/p>\n\n\n\n<p class=\"wp-block-paragraph\">\ud83d\udfe5&nbsp;<strong><em>\u00a1Todas las novedades te esperan en el canal de&nbsp;<\/em><\/strong><a href=\"https:\/\/www.youtube.com\/@GrandePremioES\"><em>YouTube<\/em><\/a><strong><em>&nbsp;de Grande Pr\u00eamio en Espa\u00f1ol!<\/em><\/strong>&nbsp;\ud83d\udfe8<\/p>\n\n\n\n<p class=\"wp-block-paragraph\">Unas horas despu\u00e9s de que se agitara la bandera a cuadros, el piloto de <strong>MP <\/strong>tuvo que presentarse ante los comisarios de la <strong>Federaci\u00f3n Internacional del Autom\u00f3vil (FIA)<\/strong> por haber infringido supuestamente el art\u00edculo 1.6.1 del reglamento t\u00e9cnico de la categor\u00eda y el art\u00edculo 11.15 del manual de usuario del sistema.<\/p>\n\n\n\n<p class=\"wp-block-paragraph\">Tras el an\u00e1lisis, se constat\u00f3 que el alem\u00e1n no hab\u00eda cumplido el procedimiento de salida establecido, ya que hay una configuraci\u00f3n definida que debe utilizarse tanto en la formaci\u00f3n de la parrilla antes de la vuelta de formaci\u00f3n como para el inicio de la carrera. <\/p>\n\n\n\n<p class=\"wp-block-paragraph\">\u23e9\u00a0<strong><em>\u00a1Seguinos en redes por\u00a0<\/em><\/strong><a href=\"https:\/\/twitter.com\/grandepremioES\"><em>Twitter\u00a0<\/em><\/a><strong><em>e\u00a0<\/em><\/strong><a href=\"https:\/\/www.instagram.com\/grandepremioes\/\"><em>Instagram!<\/em><\/a><br>\u23e9\u00a0<strong><em>Adem\u00e1s, tenemos nuestro\u00a0<\/em><\/strong><a href=\"https:\/\/whatsapp.com\/channel\/0029VaDZ5zb0gcfDxuwxBM05\"><em>canal de Whatsapp<\/em><\/a><strong><em>\u00a0con toda la informaci\u00f3n al instante<\/em><\/strong>\u00a0\ud83c\udfc1<\/p>\n\n\n\n<figure class=\"wp-block-image size-large\"><img decoding=\"async\" src=\"https:\/\/grandepremio.com\/es\/wp-content\/uploads\/2025\/09\/unnamed-8-1024x683.jpg\" alt=\"\" class=\"wp-image-362406\"\/><figcaption class=\"wp-element-caption\">Roman Bilinski hered\u00f3 la victoria de Tim Tramnitz en el sprint de Italia (Foto: Divulgaci\u00f3n \/ Rodin)<\/figcaption><\/figure>\n\n\n\n<p class=\"wp-block-paragraph\">Tras hablar con el piloto y los representantes de <strong>MP<\/strong>, la direcci\u00f3n de carrera decidi\u00f3 sancionar a <strong>Tramnitz<\/strong> con 10 segundos, perdiendo la victoria del s\u00e1bado. <strong>Bilinski<\/strong>, segundo en la carrera, hered\u00f3 la primera posici\u00f3n. <strong>Martinius Stenshorne<\/strong> y <strong>Laurens van Hoepen<\/strong> completaron el podio.<\/p>\n\n\n\n<p class=\"wp-block-paragraph\">La carrera principal de <strong>F3 <\/strong>en <strong>Italia <\/strong>est\u00e1 programada para este domingo a las 3:15, hora de Buenos Aires. Ser\u00e1 la \u00faltima prueba de la temporada 2025 de la categor\u00eda.<\/p>\n\n\n\n<figure class=\"wp-block-embed is-type-video is-provider-youtube wp-block-embed-youtube wp-embed-aspect-16-9 wp-has-aspect-ratio\"><div class=\"wp-block-embed__wrapper\">\n<iframe loading=\"lazy\" title=\"GP DE ITALIA 2025 - LA PREVIA\" width=\"500\" height=\"281\" src=\"https:\/\/www.youtube.com\/embed\/PRjyi2c_Gzs?feature=oembed\" frameborder=\"0\" allow=\"accelerometer; autoplay; clipboard-write; encrypted-media; gyroscope; picture-in-picture; web-share\" referrerpolicy=\"strict-origin-when-cross-origin\" allowfullscreen><\/iframe>\n<\/div><\/figure>\n","protected":false},"excerpt":{"rendered":"<p>Tim Tramnitz fue sancionado con 10 segundos por infringir el procedimiento de largada durante la carrera sprint de la fecha de F\u00f3rmula 3 en Italia.<\/p>\n","protected":false},"author":0,"featured_media":1010362422,"comment_status":"closed","ping_status":"closed","sticky":false,"template":"","format":"standard","meta":{"42wp_featured_image_caption":"","42wp_featured_image_credits":"","42wp_featured_video":"","42wp_featured_image_hidden":false,"42wp_authors_list":[],"footnotes":""},"categories":[4],"tags":[2932,277,10958,10990,1488,11021,10991,7265],"42wp_author":[14239],"class_list":["post-5428","post","type-post","status-publish","format-standard","has-post-thumbnail","hentry","category-f3","tag-campos","tag-f3","tag-f3-2025","tag-formula-3-2025","tag-grande-premio","tag-roman-bilinski","tag-temporada-2025-f3","tag-tim-tramnitz","42wp_author-jp-otrosky"],"_links":{"self":[{"href":"https:\/\/grandepremio.com\/es\/wp-json\/wp\/v2\/posts\/5428","targetHints":{"allow":["GET"]}}],"collection":[{"href":"https:\/\/grandepremio.com\/es\/wp-json\/wp\/v2\/posts"}],"about":[{"href":"https:\/\/grandepremio.com\/es\/wp-json\/wp\/v2\/types\/post"}],"replies":[{"embeddable":true,"href":"https:\/\/grandepremio.com\/es\/wp-json\/wp\/v2\/comments?post=5428"}],"version-history":[{"count":0,"href":"https:\/\/grandepremio.com\/es\/wp-json\/wp\/v2\/posts\/5428\/revisions"}],"wp:featuredmedia":[{"embeddable":true,"href":"https:\/\/grandepremio.com\/es\/wp-json\/wp\/v2\/media\/1010362422"}],"wp:attachment":[{"href":"https:\/\/grandepremio.com\/es\/wp-json\/wp\/v2\/media?parent=5428"}],"wp:term":[{"taxonomy":"category","embeddable":true,"href":"https:\/\/grandepremio.com\/es\/wp-json\/wp\/v2\/categories?post=5428"},{"taxonomy":"post_tag","embeddable":true,"href":"https:\/\/grandepremio.com\/es\/wp-json\/wp\/v2\/tags?post=5428"},{"taxonomy":"42wp_author","embeddable":true,"href":"https:\/\/grandepremio.com\/es\/wp-json\/wp\/v2\/42wp_author?post=5428"}],"curies":[{"name":"wp","href":"https:\/\/api.w.org\/{rel}","templated":true}]}}