{"id":5437,"date":"2025-09-06T07:34:03","date_gmt":"2025-09-06T10:34:03","guid":{"rendered":"https:\/\/grandepremio.com\/es\/2025\/09\/06\/tim-tramnitz-victoria-sprint-formula-3-monza\/"},"modified":"2025-09-06T12:09:59","modified_gmt":"2025-09-06T15:09:59","slug":"tim-tramnitz-victoria-sprint-formula-3-monza","status":"publish","type":"post","link":"https:\/\/grandepremio.com\/es\/f3\/tim-tramnitz-victoria-sprint-formula-3-monza\/","title":{"rendered":"Tramnitz conquista carrera sprint de F3 en Italia; Zagazeta es 5\u00b0 y Noel es 8\u00b0"},"content":{"rendered":"\n<p class=\"wp-block-paragraph\"><strong>Tim Tramnitz <\/strong>gan\u00f3 la carrera sprint de <strong>F\u00f3rmula 3<\/strong> en <strong>Monza. <\/strong>El piloto de <strong>MP <\/strong>larg\u00f3 en tercera posici\u00f3n y cay\u00f3 al cuarto lugar en la partida, pero se recuper\u00f3 y consigui\u00f3 su segunda victoria de la temporada 2025. <strong>Rafael C\u00e2mara<\/strong>, campe\u00f3n desde la fecha pasada, sali\u00f3 desde la \u00faltima posici\u00f3n y termin\u00f3 12\u00b0. <\/p>\n\n\n\n<p class=\"wp-block-paragraph\"><strong>Martinius Stenshorne<\/strong> le arrebat\u00f3 el liderato a<strong> Laurens van Hoepen<\/strong>, quien arranc\u00f3 desde la posici\u00f3n de honor, ya en los primeros metros. El piloto de ART intent\u00f3 recuperar la posici\u00f3n inmediatamente despu\u00e9s, pero acab\u00f3 cometiendo un error y permitiendo que el noruego se mantuviera en la punta. Todav\u00eda en la primera vuelta, Ivan Domingues choc\u00f3 y provoc\u00f3 la entrada del auto de seguridad. Mientras se retiraba el auto del portugu\u00e9s, Brad Benavides golpe\u00f3 la parte trasera de Tasanapol Inthraphuvasak y recibi\u00f3 una penalizaci\u00f3n de diez segundos.<\/p>\n\n\n\n<p class=\"wp-block-paragraph\">La carrera se reanud\u00f3 en la vuelta 5 y Tramnitz no tard\u00f3 mucho en superar a Van Hoepen por el segundo puesto. Justo detr\u00e1s, el peruano Mat\u00edas Zagazeta super\u00f3 a Tuukka Taponen por el cuarto lugar. El finland\u00e9s perder\u00eda otras dos posiciones en las siguientes vueltas.<\/p>\n\n\n\n<p class=\"wp-block-paragraph\"><strong><em>\u00a1Todas las novedades te esperan en el canal de&nbsp;<a href=\"https:\/\/www.youtube.com\/@GrandePremioES\" target=\"_blank\" rel=\"noreferrer noopener\">YouTube<\/a>&nbsp;de Grande Pr\u00eamio en Espa\u00f1ol!<\/em><\/strong><\/p>\n\n\n\n<figure class=\"wp-block-image size-large\"><img decoding=\"async\" src=\"https:\/\/grandepremio.com\/cdn-cgi\/image\/width=893,height=558,fit=contain,gravity=0.5x0.5,quality=75,format=webp\/es\/wp-content\/uploads\/2025\/09\/image-7-1024x576.png\" alt=\"\" class=\"wp-image-362144\"\/><figcaption class=\"wp-element-caption\">El incidente en el que se involucr\u00f3 el mexicano Noel Le\u00f3n en la carrera sprint de F3 en Monza. (Foto: F3)<\/figcaption><\/figure>\n\n\n\n<p class=\"wp-block-paragraph\"><strong><em>\u00a1Seguinos en redes por&nbsp;<a href=\"https:\/\/twitter.com\/grandepremioES\" target=\"_blank\" rel=\"noreferrer noopener\">Twitter&nbsp;<\/a>e&nbsp;<a href=\"https:\/\/www.instagram.com\/grandepremioes\/\" target=\"_blank\" rel=\"noreferrer noopener\">Instagram!<\/a><\/em><\/strong><br><strong><em>Adem\u00e1s, tenemos nuestro&nbsp;<a href=\"https:\/\/whatsapp.com\/channel\/0029VaDZ5zb0gcfDxuwxBM05\" target=\"_blank\" rel=\"noreferrer noopener\">canal de Whatsapp<\/a>&nbsp;con toda la informaci\u00f3n al instante<\/em><\/strong><\/p>\n\n\n\n<p class=\"wp-block-paragraph\">Varias vueltas despu\u00e9s, Tramnitz se puso a la cabeza tras adelantar a Stenshorne en la curva 1, mientras que Roman Bilinski super\u00f3 a Van Hoepen por el tercer puesto. En el giro 15, Tramnitz ten\u00eda una ventaja de 2s8 segundos, mientras que Bilinski y Stenshorne luchaban por el lugar de escolta. Sin embargo, el auto de seguridad tuvo que volver a salir debido a una colisi\u00f3n entre <strong>Noel Le\u00f3n, Brando Badoer y Charlie Wurz,<\/strong> que hizo que el austr\u00edaco se detuviera en la pista.<\/p>\n\n\n\n<p class=\"wp-block-paragraph\">La reanudaci\u00f3n se produjo cuando solo quedaba una vuelta, y Tramnitz gan\u00f3 sin problemas, con Bilinski en segundo lugar y Stenshorne cerrando el podio. Igualando su mejor actuaci\u00f3n en la temporada, el peruano Zagazeta finaliz\u00f3 quinto, mientras que Le\u00f3n finalmente fue octavo.<\/p>\n\n\n\n<p class=\"wp-block-paragraph\">Sin embargo, horas despu\u00e9s de finalizar la carrera, <a href=\"https:\/\/grandepremio.com\/es\/f3\/tim-tramnitz-sancion-perdida-victoria-carrera-sprint-f3-monza\/\">Tramnitz recibi\u00f3 una sanci\u00f3n de diez segundos y perdi\u00f3 la victoria de la primera competencia<\/a> en Monza. <strong>Roman Bilinski<\/strong>, segundo en pista, hered\u00f3 el triunfo, siendo escoltado por Stenshorne y Laurens van Hoepen.<\/p>\n\n\n\n<p class=\"wp-block-paragraph\"><strong>La carrera principal de F3 en Italia est\u00e1 programada para este domingo. Ser\u00e1 la \u00faltima prueba de la temporada 2025 de la categor\u00eda.<\/strong><\/p>\n\n\n\n<figure class=\"wp-block-embed is-type-video is-provider-youtube wp-block-embed-youtube wp-embed-aspect-16-9 wp-has-aspect-ratio\"><div class=\"wp-block-embed__wrapper\">\n<iframe loading=\"lazy\" title=\"GP DE ITALIA 2025 - LA PREVIA\" width=\"500\" height=\"281\" src=\"https:\/\/www.youtube.com\/embed\/PRjyi2c_Gzs?feature=oembed\" frameborder=\"0\" allow=\"accelerometer; autoplay; clipboard-write; encrypted-media; gyroscope; picture-in-picture; web-share\" referrerpolicy=\"strict-origin-when-cross-origin\" allowfullscreen><\/iframe>\n<\/div><\/figure>\n","protected":false},"excerpt":{"rendered":"<p>Tim Tramnitz venci\u00f3 la carrera sprint de la F\u00f3rmula 3 en Monza. Roman Bilinski y Martinius Stenshorne completaron el top-3, mientras que el peruano Mat\u00edas Zagazeta finaliz\u00f3 quinto.<\/p>\n","protected":false},"author":0,"featured_media":1010362148,"comment_status":"closed","ping_status":"closed","sticky":false,"template":"","format":"standard","meta":{"42wp_featured_image_caption":"","42wp_featured_image_credits":"","42wp_featured_video":"","42wp_featured_image_hidden":false,"42wp_authors_list":[],"footnotes":""},"categories":[4],"tags":[277,1128,10990,7265],"42wp_author":[14223],"class_list":["post-5437","post","type-post","status-publish","format-standard","has-post-thumbnail","hentry","category-f3","tag-f3","tag-formula-3","tag-formula-3-2025","tag-tim-tramnitz","42wp_author-esteban-nieto"],"_links":{"self":[{"href":"https:\/\/grandepremio.com\/es\/wp-json\/wp\/v2\/posts\/5437","targetHints":{"allow":["GET"]}}],"collection":[{"href":"https:\/\/grandepremio.com\/es\/wp-json\/wp\/v2\/posts"}],"about":[{"href":"https:\/\/grandepremio.com\/es\/wp-json\/wp\/v2\/types\/post"}],"replies":[{"embeddable":true,"href":"https:\/\/grandepremio.com\/es\/wp-json\/wp\/v2\/comments?post=5437"}],"version-history":[{"count":0,"href":"https:\/\/grandepremio.com\/es\/wp-json\/wp\/v2\/posts\/5437\/revisions"}],"wp:featuredmedia":[{"embeddable":true,"href":"https:\/\/grandepremio.com\/es\/wp-json\/wp\/v2\/media\/1010362148"}],"wp:attachment":[{"href":"https:\/\/grandepremio.com\/es\/wp-json\/wp\/v2\/media?parent=5437"}],"wp:term":[{"taxonomy":"category","embeddable":true,"href":"https:\/\/grandepremio.com\/es\/wp-json\/wp\/v2\/categories?post=5437"},{"taxonomy":"post_tag","embeddable":true,"href":"https:\/\/grandepremio.com\/es\/wp-json\/wp\/v2\/tags?post=5437"},{"taxonomy":"42wp_author","embeddable":true,"href":"https:\/\/grandepremio.com\/es\/wp-json\/wp\/v2\/42wp_author?post=5437"}],"curies":[{"name":"wp","href":"https:\/\/api.w.org\/{rel}","templated":true}]}}